{"id":5256,"date":"2026-08-31T22:17:58","date_gmt":"2026-08-31T22:17:58","guid":{"rendered":"https:\/\/liquencentroculturalvillarrica.cl\/?p=5256"},"modified":"2026-08-31T23:29:11","modified_gmt":"2026-08-31T23:29:11","slug":"la-chilenidad-y-las-tradiciones-se-toman-la-agenda-cultural-en-liquen-para-el-mes-de-septiembre","status":"publish","type":"post","link":"https:\/\/liquencentroculturalvillarrica.cl\/?p=5256","title":{"rendered":"LA CHILENIDAD Y LAS TRADICIONES SE TOMAN LA AGENDA CULTURAL EN LIQUEN PARA EL MES DE SEPTIEMBRE"},"content":{"rendered":"\n<p class=\"wp-block-paragraph\"><em>La cultura no se detiene en Villarrica, y cobran especial fuerza la chilenidad, las tradiciones,&nbsp; la m\u00fasica y la danza con sones y aires de nuestra tierra, en Liquen, llega septiembre con la primavera y las celebraciones que impregnan el ambiente dieciochero en la ciudad del lago y volc\u00e1n.<\/em><\/p>\n\n\n\n<p class=\"wp-block-paragraph\">Liquen centro cultural Municipal de Villarrica se caracteriza por ser el epicentro de las m\u00e1s variadas manifestaciones de la cultura en la zona lacustre para este septiembre 2026 ya est\u00e1 viviendo de manera anticipada la \u201ccultura dieciochera\u201d mientras prepara una cartelera para todo el mes,&nbsp; que tiene como hilo conductor la celebraci\u00f3n m\u00e1s importante del a\u00f1o para la rep\u00fablica.<\/p>\n\n\n\n<p class=\"wp-block-paragraph\">As\u00ed lo manifest\u00f3 su director quien nos adelant\u00f3 parte de las sorpresas que tendr\u00e1n para el presente a\u00f1o en esa casa cultural. Sebasti\u00e1n Henr\u00edquez anunci\u00f3 que se viene un dieciocho lleno de actividades culturales y de celebraciones en la comuna y que la oferta cultural de Liquen no se queda atr\u00e1s con presentaciones y espect\u00e1culos que enaltecen la chilenidad, las tradiciones y&nbsp; nuestras ra\u00edces, \u201ccomenzamos temprano a mediados de agosto con una actividad que ya es tradicional en Villarrica como lo son los talleres de cueca que llenaron sus cupos en pocos d\u00edas con tanto \u00e9xito que hubo que ampliarlos, el d\u00eda 12 tenemos programada una gran fiesta para el cierre de estos talleres y durante&nbsp; ese d\u00eda s\u00e1bado una actividad denominada \u201cCompartiendo las tradiciones en Liquen\u201d donde tendremos taller de construcci\u00f3n de Volantines, muestra artesanal de trompos y emboques adem\u00e1s de las cuecas\u201d se\u00f1al\u00f3.&nbsp;<\/p>\n\n\n\n<div class=\"wp-block-stackable-carousel stk-block-carousel stk--is-slide stk--arrows-outside stk--arrows-justify-space-between stk--arrows-align-center stk-block stk-0d386f1\" data-slides-to-show=\"\" data-block-id=\"0d386f1\"><div class=\"stk-block-carousel__content-wrapper\"><div class=\"stk-row stk-inner-blocks stk-block-content stk-block-carousel__slider-wrapper stk-content-align stk-0d386f1-column\"><div class=\"stk-block-carousel__slider\" role=\"list\" data-autoplay=\"4000\" data-label-slide-of=\"Slide %%d of %%d\" tabindex=\"0\">\n<div class=\"wp-block-stackable-column stk-block-column stk-column stk-block stk-345b965\" data-v=\"4\" data-block-id=\"345b965\"><div class=\"stk-column-wrapper stk-block-column__content stk-container stk-345b965-container stk--no-background stk--no-padding\"><div class=\"has-text-align-center stk-block-content stk-inner-blocks stk-345b965-inner-blocks\">\n<figure class=\"wp-block-image size-full\"><img loading=\"lazy\" decoding=\"async\" width=\"2560\" height=\"1440\" src=\"https:\/\/liquencentroculturalvillarrica.cl\/wp-content\/uploads\/2026\/08\/taller-de-cueca-2-00000005-scaled.jpg\" alt=\"\" class=\"wp-image-5263\" srcset=\"https:\/\/liquencentroculturalvillarrica.cl\/wp-content\/uploads\/2026\/08\/taller-de-cueca-2-00000005-scaled.jpg 2560w, https:\/\/liquencentroculturalvillarrica.cl\/wp-content\/uploads\/2026\/08\/taller-de-cueca-2-00000005-300x169.jpg 300w, https:\/\/liquencentroculturalvillarrica.cl\/wp-content\/uploads\/2026\/08\/taller-de-cueca-2-00000005-1024x576.jpg 1024w, https:\/\/liquencentroculturalvillarrica.cl\/wp-content\/uploads\/2026\/08\/taller-de-cueca-2-00000005-768x432.jpg 768w, https:\/\/liquencentroculturalvillarrica.cl\/wp-content\/uploads\/2026\/08\/taller-de-cueca-2-00000005-1536x864.jpg 1536w, https:\/\/liquencentroculturalvillarrica.cl\/wp-content\/uploads\/2026\/08\/taller-de-cueca-2-00000005-2048x1152.jpg 2048w\" sizes=\"auto, (max-width: 2560px) 100vw, 2560px\" \/><\/figure>\n<\/div><\/div><\/div>\n\n\n\n<div class=\"wp-block-stackable-column stk-block-column stk-column stk-block stk-6a783cc\" data-v=\"4\" data-block-id=\"6a783cc\"><div class=\"stk-column-wrapper stk-block-column__content stk-container stk-6a783cc-container stk--no-background stk--no-padding\"><div class=\"stk-block-content stk-inner-blocks stk-6a783cc-inner-blocks\">\n<figure class=\"wp-block-image size-full\"><img loading=\"lazy\" decoding=\"async\" width=\"2560\" height=\"1440\" src=\"https:\/\/liquencentroculturalvillarrica.cl\/wp-content\/uploads\/2026\/08\/taller-de-cueca-2-00000001-scaled.jpg\" alt=\"\" class=\"wp-image-5266\" srcset=\"https:\/\/liquencentroculturalvillarrica.cl\/wp-content\/uploads\/2026\/08\/taller-de-cueca-2-00000001-scaled.jpg 2560w, https:\/\/liquencentroculturalvillarrica.cl\/wp-content\/uploads\/2026\/08\/taller-de-cueca-2-00000001-300x169.jpg 300w, https:\/\/liquencentroculturalvillarrica.cl\/wp-content\/uploads\/2026\/08\/taller-de-cueca-2-00000001-768x432.jpg 768w, https:\/\/liquencentroculturalvillarrica.cl\/wp-content\/uploads\/2026\/08\/taller-de-cueca-2-00000001-1024x576.jpg 1024w, https:\/\/liquencentroculturalvillarrica.cl\/wp-content\/uploads\/2026\/08\/taller-de-cueca-2-00000001-1536x864.jpg 1536w, https:\/\/liquencentroculturalvillarrica.cl\/wp-content\/uploads\/2026\/08\/taller-de-cueca-2-00000001-2048x1152.jpg 2048w\" sizes=\"auto, (max-width: 2560px) 100vw, 2560px\" \/><\/figure>\n<\/div><\/div><\/div>\n\n\n\n<div class=\"wp-block-stackable-column stk-block-column stk-column stk-block stk-1c77a03\" data-v=\"4\" data-block-id=\"1c77a03\"><div class=\"stk-column-wrapper stk-block-column__content stk-container stk-1c77a03-container stk--no-background stk--no-padding\"><div class=\"stk-block-content stk-inner-blocks stk-1c77a03-inner-blocks\">\n<figure class=\"wp-block-image size-full\"><img loading=\"lazy\" decoding=\"async\" width=\"2560\" height=\"1440\" src=\"https:\/\/liquencentroculturalvillarrica.cl\/wp-content\/uploads\/2026\/08\/taller-de-cueca-2-00000002-scaled.jpg\" alt=\"\" class=\"wp-image-5267\" srcset=\"https:\/\/liquencentroculturalvillarrica.cl\/wp-content\/uploads\/2026\/08\/taller-de-cueca-2-00000002-scaled.jpg 2560w, https:\/\/liquencentroculturalvillarrica.cl\/wp-content\/uploads\/2026\/08\/taller-de-cueca-2-00000002-300x169.jpg 300w, https:\/\/liquencentroculturalvillarrica.cl\/wp-content\/uploads\/2026\/08\/taller-de-cueca-2-00000002-1024x576.jpg 1024w, https:\/\/liquencentroculturalvillarrica.cl\/wp-content\/uploads\/2026\/08\/taller-de-cueca-2-00000002-768x432.jpg 768w, https:\/\/liquencentroculturalvillarrica.cl\/wp-content\/uploads\/2026\/08\/taller-de-cueca-2-00000002-1536x864.jpg 1536w, https:\/\/liquencentroculturalvillarrica.cl\/wp-content\/uploads\/2026\/08\/taller-de-cueca-2-00000002-2048x1152.jpg 2048w\" sizes=\"auto, (max-width: 2560px) 100vw, 2560px\" \/><\/figure>\n<\/div><\/div><\/div>\n\n\n\n<div class=\"wp-block-stackable-column stk-block-column stk-column stk-block stk-cf974d7\" data-v=\"4\" data-block-id=\"cf974d7\"><div class=\"stk-column-wrapper stk-block-column__content stk-container stk-cf974d7-container stk--no-background stk--no-padding\"><div class=\"stk-block-content stk-inner-blocks stk-cf974d7-inner-blocks\">\n<figure class=\"wp-block-image size-full\"><img loading=\"lazy\" decoding=\"async\" width=\"2560\" height=\"1440\" src=\"https:\/\/liquencentroculturalvillarrica.cl\/wp-content\/uploads\/2026\/08\/taller-de-cueca-2-00000003-scaled.jpg\" alt=\"\" class=\"wp-image-5268\" srcset=\"https:\/\/liquencentroculturalvillarrica.cl\/wp-content\/uploads\/2026\/08\/taller-de-cueca-2-00000003-scaled.jpg 2560w, https:\/\/liquencentroculturalvillarrica.cl\/wp-content\/uploads\/2026\/08\/taller-de-cueca-2-00000003-300x169.jpg 300w, https:\/\/liquencentroculturalvillarrica.cl\/wp-content\/uploads\/2026\/08\/taller-de-cueca-2-00000003-1024x576.jpg 1024w, https:\/\/liquencentroculturalvillarrica.cl\/wp-content\/uploads\/2026\/08\/taller-de-cueca-2-00000003-768x432.jpg 768w, https:\/\/liquencentroculturalvillarrica.cl\/wp-content\/uploads\/2026\/08\/taller-de-cueca-2-00000003-1536x864.jpg 1536w, https:\/\/liquencentroculturalvillarrica.cl\/wp-content\/uploads\/2026\/08\/taller-de-cueca-2-00000003-2048x1152.jpg 2048w\" sizes=\"auto, (max-width: 2560px) 100vw, 2560px\" \/><\/figure>\n<\/div><\/div><\/div>\n\n\n\n<div class=\"wp-block-stackable-column stk-block-column stk-column stk-block stk-ebcb50e\" data-v=\"4\" data-block-id=\"ebcb50e\"><div class=\"stk-column-wrapper stk-block-column__content stk-container stk-ebcb50e-container stk--no-background stk--no-padding\"><div class=\"stk-block-content stk-inner-blocks stk-ebcb50e-inner-blocks\">\n<figure class=\"wp-block-image size-full\"><img loading=\"lazy\" decoding=\"async\" width=\"2560\" height=\"1440\" src=\"https:\/\/liquencentroculturalvillarrica.cl\/wp-content\/uploads\/2026\/08\/taller-de-cueca-2-00000004-scaled.jpg\" alt=\"\" class=\"wp-image-5269\" srcset=\"https:\/\/liquencentroculturalvillarrica.cl\/wp-content\/uploads\/2026\/08\/taller-de-cueca-2-00000004-scaled.jpg 2560w, https:\/\/liquencentroculturalvillarrica.cl\/wp-content\/uploads\/2026\/08\/taller-de-cueca-2-00000004-300x169.jpg 300w, https:\/\/liquencentroculturalvillarrica.cl\/wp-content\/uploads\/2026\/08\/taller-de-cueca-2-00000004-1024x576.jpg 1024w, https:\/\/liquencentroculturalvillarrica.cl\/wp-content\/uploads\/2026\/08\/taller-de-cueca-2-00000004-768x432.jpg 768w, https:\/\/liquencentroculturalvillarrica.cl\/wp-content\/uploads\/2026\/08\/taller-de-cueca-2-00000004-1536x864.jpg 1536w, https:\/\/liquencentroculturalvillarrica.cl\/wp-content\/uploads\/2026\/08\/taller-de-cueca-2-00000004-2048x1152.jpg 2048w\" sizes=\"auto, (max-width: 2560px) 100vw, 2560px\" \/><\/figure>\n<\/div><\/div><\/div>\n<\/div><div class=\"stk-block-carousel__buttons\"><button class=\"stk-block-carousel__button stk-block-carousel__button__prev\" aria-label=\"Previous slide\"><svg aria-hidden=\"true\" focusable=\"false\" data-prefix=\"fas\" data-icon=\"chevron-left\" class=\"svg-inline--fa fa-chevron-left\" xmlns=\"http:\/\/www.w3.org\/2000\/svg\" viewBox=\"0 0 320 512\" width=\"32\" height=\"32\"><path d=\"M34.52 239.03L228.87 44.69c9.37-9.37 24.57-9.37 33.94 0l22.67 22.67c9.36 9.36 9.37 24.52.04 33.9L131.49 256l154.02 154.75c9.34 9.38 9.32 24.54-.04 33.9l-22.67 22.67c-9.37 9.37-24.57 9.37-33.94 0L34.52 272.97c-9.37-9.37-9.37-24.57 0-33.94z\"><\/path><\/svg><\/button><button class=\"stk-block-carousel__button stk-block-carousel__button__next\" aria-label=\"Next slide\"><svg aria-hidden=\"true\" focusable=\"false\" data-prefix=\"fas\" data-icon=\"chevron-right\" class=\"svg-inline--fa fa-chevron-right\" xmlns=\"http:\/\/www.w3.org\/2000\/svg\" viewBox=\"0 0 320 512\" width=\"32\" height=\"32\"><path d=\"M285.476 272.971L91.132 467.314c-9.373 9.373-24.569 9.373-33.941 0l-22.667-22.667c-9.357-9.357-9.375-24.522-.04-33.901L188.505 256 34.484 101.255c-9.335-9.379-9.317-24.544.04-33.901l22.667-22.667c9.373-9.373 24.569-9.373 33.941 0L285.475 239.03c9.373 9.372 9.373 24.568.001 33.941z\"><\/path><\/svg><\/button><\/div><\/div><div class=\"stk-block-carousel__dots\" role=\"list\" data-label=\"Slide %%d\"><\/div><\/div><\/div>\n\n\n\n<p class=\"wp-block-paragraph\">El municipio por su parte ya tiene todo un programa que&nbsp; lidera el alcalde Pablo Astete con las celebraciones oficiales, que como cada a\u00f1o, incluyen un gran&nbsp; desfile con todas las fuerzas vivas de la comuna&nbsp; y presencia de invitados especiales.<\/p>\n\n\n\n<p class=\"wp-block-paragraph\">El teatro de Liquen ofrecer\u00e1 variadas presentaciones previas al dieciocho como lo ser\u00e1n las galas folcl\u00f3ricas de los Elencos estables y la participaci\u00f3n de otros representantes de la m\u00fasica y danza local, los d\u00edas 14 al 16 y el 17 la tradicional&nbsp; \u201cGala Folcl\u00f3rica de Fiestas Patrias\u201d&nbsp; con el Ballet Folcl\u00f3rico Municipal.&nbsp;<\/p>\n\n\n\n<p class=\"wp-block-paragraph\">___________________________________<\/p>\n\n\n\n<p class=\"wp-block-paragraph\"><em>Allan Carrasco Rom\u00e1n &#8211; RRPP CCM Liquen<\/em><\/p>\n","protected":false},"excerpt":{"rendered":"<p>La cultura no se detiene en Villarrica, y cobran especial fuerza la chilenidad, las tradiciones,&nbsp; la m\u00fasica y la danza con sones y aires de nuestra tierra, en Liquen, llega septiembre con la primavera y las celebraciones que impregnan el ambiente dieciochero en la ciudad del lago y volc\u00e1n. Liquen centro cultural Municipal de Villarrica&hellip;&nbsp;<a href=\"https:\/\/liquencentroculturalvillarrica.cl\/?p=5256\" rel=\"bookmark\">Leer m\u00e1s &raquo;<span class=\"screen-reader-text\">LA CHILENIDAD Y LAS TRADICIONES SE TOMAN LA AGENDA CULTURAL EN LIQUEN PARA EL MES DE SEPTIEMBRE<\/span><\/a><\/p>\n","protected":false},"author":1,"featured_media":0,"comment_status":"open","ping_status":"open","sticky":false,"template":"","format":"standard","meta":{"neve_meta_sidebar":"","neve_meta_container":"","neve_meta_enable_content_width":"","neve_meta_content_width":0,"neve_meta_title_alignment":"","neve_meta_author_avatar":"","neve_post_elements_order":"[\"title\",\"meta\",\"thumbnail\",\"content\",\"tags\"]","neve_meta_disable_header":"","neve_meta_disable_footer":"","neve_meta_disable_title":"","footnotes":""},"categories":[20,5,23],"tags":[112,27,113,13,110],"class_list":["post-5256","post","type-post","status-publish","format-standard","hentry","category-danza","category-noticias","category-taller","tag-chilenidad","tag-liquen","tag-septiembre","tag-taller","tag-taller-de-cueca"],"yoast_head":"<!-- This site is optimized with the Yoast SEO plugin v28.3 - https:\/\/yoast.com\/product\/yoast-seo-wordpress\/ -->\n<title>LA CHILENIDAD Y LAS TRADICIONES SE TOMAN LA AGENDA CULTURAL EN LIQUEN PARA EL MES DE SEPTIEMBRE - Liquen Centro Cultural<\/title>\n<meta name=\"robots\" content=\"index, follow, max-snippet:-1, max-image-preview:large, max-video-preview:-1\" \/>\n<link rel=\"canonical\" href=\"https:\/\/liquencentroculturalvillarrica.cl\/?p=5256\" \/>\n<meta property=\"og:locale\" content=\"es_ES\" \/>\n<meta property=\"og:type\" content=\"article\" \/>\n<meta property=\"og:title\" content=\"LA CHILENIDAD Y LAS TRADICIONES SE TOMAN LA AGENDA CULTURAL EN LIQUEN PARA EL MES DE SEPTIEMBRE - Liquen Centro Cultural\" \/>\n<meta property=\"og:description\" content=\"La cultura no se detiene en Villarrica, y cobran especial fuerza la chilenidad, las tradiciones,&nbsp; la m\u00fasica y la danza con sones y aires de nuestra tierra, en Liquen, llega septiembre con la primavera y las celebraciones que impregnan el ambiente dieciochero en la ciudad del lago y volc\u00e1n. Liquen centro cultural Municipal de Villarrica&hellip;&nbsp;Leer m\u00e1s &raquo;LA CHILENIDAD Y LAS TRADICIONES SE TOMAN LA AGENDA CULTURAL EN LIQUEN PARA EL MES DE SEPTIEMBRE\" \/>\n<meta property=\"og:url\" content=\"https:\/\/liquencentroculturalvillarrica.cl\/?p=5256\" \/>\n<meta property=\"og:site_name\" content=\"Liquen Centro Cultural\" \/>\n<meta property=\"article:publisher\" content=\"https:\/\/www.facebook.com\/profile.php?id=100085283714609\" \/>\n<meta property=\"article:published_time\" content=\"2026-08-31T22:17:58+00:00\" \/>\n<meta property=\"article:modified_time\" content=\"2026-08-31T23:29:11+00:00\" \/>\n<meta property=\"og:image\" content=\"https:\/\/liquencentroculturalvillarrica.cl\/wp-content\/uploads\/2026\/08\/taller-de-cueca-2-00000005-scaled.jpg\" \/>\n\t<meta property=\"og:image:width\" content=\"2560\" \/>\n\t<meta property=\"og:image:height\" content=\"1440\" \/>\n\t<meta property=\"og:image:type\" content=\"image\/jpeg\" \/>\n<meta name=\"author\" content=\"Liquen\" \/>\n<meta name=\"twitter:card\" content=\"summary_large_image\" \/>\n<meta name=\"twitter:label1\" content=\"Escrito por\" \/>\n\t<meta name=\"twitter:data1\" content=\"Liquen\" \/>\n\t<meta name=\"twitter:label2\" content=\"Tiempo de lectura\" \/>\n\t<meta name=\"twitter:data2\" content=\"3 minutos\" \/>\n<script type=\"application\/ld+json\" class=\"yoast-schema-graph\">{\"@context\":\"https:\\\/\\\/schema.org\",\"@graph\":[{\"@type\":\"Article\",\"@id\":\"https:\\\/\\\/liquencentroculturalvillarrica.cl\\\/?p=5256#article\",\"isPartOf\":{\"@id\":\"https:\\\/\\\/liquencentroculturalvillarrica.cl\\\/?p=5256\"},\"author\":{\"name\":\"Liquen\",\"@id\":\"https:\\\/\\\/liquencentroculturalvillarrica.cl\\\/#\\\/schema\\\/person\\\/427d9157415d981616abe41a49543f36\"},\"headline\":\"LA CHILENIDAD Y LAS TRADICIONES SE TOMAN LA AGENDA CULTURAL EN LIQUEN PARA EL MES DE SEPTIEMBRE\",\"datePublished\":\"2026-08-31T22:17:58+00:00\",\"dateModified\":\"2026-08-31T23:29:11+00:00\",\"mainEntityOfPage\":{\"@id\":\"https:\\\/\\\/liquencentroculturalvillarrica.cl\\\/?p=5256\"},\"wordCount\":406,\"commentCount\":0,\"publisher\":{\"@id\":\"https:\\\/\\\/liquencentroculturalvillarrica.cl\\\/#organization\"},\"image\":{\"@id\":\"https:\\\/\\\/liquencentroculturalvillarrica.cl\\\/?p=5256#primaryimage\"},\"thumbnailUrl\":\"https:\\\/\\\/liquencentroculturalvillarrica.cl\\\/wp-content\\\/uploads\\\/2026\\\/08\\\/taller-de-cueca-2-00000005-scaled.jpg\",\"keywords\":[\"chilenidad\",\"liquen\",\"septiembre\",\"taller\",\"taller de cueca\"],\"articleSection\":[\"Danza\",\"Noticias\",\"Taller\"],\"inLanguage\":\"es\",\"potentialAction\":[{\"@type\":\"CommentAction\",\"name\":\"Comment\",\"target\":[\"https:\\\/\\\/liquencentroculturalvillarrica.cl\\\/?p=5256#respond\"]}]},{\"@type\":\"WebPage\",\"@id\":\"https:\\\/\\\/liquencentroculturalvillarrica.cl\\\/?p=5256\",\"url\":\"https:\\\/\\\/liquencentroculturalvillarrica.cl\\\/?p=5256\",\"name\":\"LA CHILENIDAD Y LAS TRADICIONES SE TOMAN LA AGENDA CULTURAL EN LIQUEN PARA EL MES DE SEPTIEMBRE - Liquen Centro Cultural\",\"isPartOf\":{\"@id\":\"https:\\\/\\\/liquencentroculturalvillarrica.cl\\\/#website\"},\"primaryImageOfPage\":{\"@id\":\"https:\\\/\\\/liquencentroculturalvillarrica.cl\\\/?p=5256#primaryimage\"},\"image\":{\"@id\":\"https:\\\/\\\/liquencentroculturalvillarrica.cl\\\/?p=5256#primaryimage\"},\"thumbnailUrl\":\"https:\\\/\\\/liquencentroculturalvillarrica.cl\\\/wp-content\\\/uploads\\\/2026\\\/08\\\/taller-de-cueca-2-00000005-scaled.jpg\",\"datePublished\":\"2026-08-31T22:17:58+00:00\",\"dateModified\":\"2026-08-31T23:29:11+00:00\",\"breadcrumb\":{\"@id\":\"https:\\\/\\\/liquencentroculturalvillarrica.cl\\\/?p=5256#breadcrumb\"},\"inLanguage\":\"es\",\"potentialAction\":[{\"@type\":\"ReadAction\",\"target\":[\"https:\\\/\\\/liquencentroculturalvillarrica.cl\\\/?p=5256\"]}]},{\"@type\":\"ImageObject\",\"inLanguage\":\"es\",\"@id\":\"https:\\\/\\\/liquencentroculturalvillarrica.cl\\\/?p=5256#primaryimage\",\"url\":\"https:\\\/\\\/liquencentroculturalvillarrica.cl\\\/wp-content\\\/uploads\\\/2026\\\/08\\\/taller-de-cueca-2-00000005-scaled.jpg\",\"contentUrl\":\"https:\\\/\\\/liquencentroculturalvillarrica.cl\\\/wp-content\\\/uploads\\\/2026\\\/08\\\/taller-de-cueca-2-00000005-scaled.jpg\",\"width\":2560,\"height\":1440},{\"@type\":\"BreadcrumbList\",\"@id\":\"https:\\\/\\\/liquencentroculturalvillarrica.cl\\\/?p=5256#breadcrumb\",\"itemListElement\":[{\"@type\":\"ListItem\",\"position\":1,\"name\":\"Portada\",\"item\":\"https:\\\/\\\/liquencentroculturalvillarrica.cl\\\/\"},{\"@type\":\"ListItem\",\"position\":2,\"name\":\"LA CHILENIDAD Y LAS TRADICIONES SE TOMAN LA AGENDA CULTURAL EN LIQUEN PARA EL MES DE SEPTIEMBRE\"}]},{\"@type\":\"WebSite\",\"@id\":\"https:\\\/\\\/liquencentroculturalvillarrica.cl\\\/#website\",\"url\":\"https:\\\/\\\/liquencentroculturalvillarrica.cl\\\/\",\"name\":\"Liquen Centro Cultural\",\"description\":\"\",\"publisher\":{\"@id\":\"https:\\\/\\\/liquencentroculturalvillarrica.cl\\\/#organization\"},\"potentialAction\":[{\"@type\":\"SearchAction\",\"target\":{\"@type\":\"EntryPoint\",\"urlTemplate\":\"https:\\\/\\\/liquencentroculturalvillarrica.cl\\\/?s={search_term_string}\"},\"query-input\":{\"@type\":\"PropertyValueSpecification\",\"valueRequired\":true,\"valueName\":\"search_term_string\"}}],\"inLanguage\":\"es\"},{\"@type\":\"Organization\",\"@id\":\"https:\\\/\\\/liquencentroculturalvillarrica.cl\\\/#organization\",\"name\":\"Liquen Centro Cultural\",\"url\":\"https:\\\/\\\/liquencentroculturalvillarrica.cl\\\/\",\"logo\":{\"@type\":\"ImageObject\",\"inLanguage\":\"es\",\"@id\":\"https:\\\/\\\/liquencentroculturalvillarrica.cl\\\/#\\\/schema\\\/logo\\\/image\\\/\",\"url\":\"https:\\\/\\\/liquencentroculturalvillarrica.cl\\\/wp-content\\\/uploads\\\/2023\\\/07\\\/Marca-Liquen-Centro-Cultural-Municipal-Villarrica2-1_Mesa-de-trabajo-1.png\",\"contentUrl\":\"https:\\\/\\\/liquencentroculturalvillarrica.cl\\\/wp-content\\\/uploads\\\/2023\\\/07\\\/Marca-Liquen-Centro-Cultural-Municipal-Villarrica2-1_Mesa-de-trabajo-1.png\",\"width\":3300,\"height\":2550,\"caption\":\"Liquen Centro Cultural\"},\"image\":{\"@id\":\"https:\\\/\\\/liquencentroculturalvillarrica.cl\\\/#\\\/schema\\\/logo\\\/image\\\/\"},\"sameAs\":[\"https:\\\/\\\/www.facebook.com\\\/profile.php?id=100085283714609\",\"https:\\\/\\\/www.instagram.com\\\/villarricacentrocultural\\\/\",\"https:\\\/\\\/www.youtube.com\\\/channel\\\/UCQCChCLB8KB4ckeIXmpHNQw\"]},{\"@type\":\"Person\",\"@id\":\"https:\\\/\\\/liquencentroculturalvillarrica.cl\\\/#\\\/schema\\\/person\\\/427d9157415d981616abe41a49543f36\",\"name\":\"Liquen\",\"image\":{\"@type\":\"ImageObject\",\"inLanguage\":\"es\",\"@id\":\"https:\\\/\\\/secure.gravatar.com\\\/avatar\\\/c3433ef77dd4f91e7fede9f9521759ea33f87a092b5c394a0ba9665a3c4341f7?s=96&d=mm&r=g\",\"url\":\"https:\\\/\\\/secure.gravatar.com\\\/avatar\\\/c3433ef77dd4f91e7fede9f9521759ea33f87a092b5c394a0ba9665a3c4341f7?s=96&d=mm&r=g\",\"contentUrl\":\"https:\\\/\\\/secure.gravatar.com\\\/avatar\\\/c3433ef77dd4f91e7fede9f9521759ea33f87a092b5c394a0ba9665a3c4341f7?s=96&d=mm&r=g\",\"caption\":\"Liquen\"},\"sameAs\":[\"http:\\\/\\\/liquencentroculturalvillarrica.cl\"],\"url\":\"https:\\\/\\\/liquencentroculturalvillarrica.cl\\\/?author=1\"}]}<\/script>\n<!-- \/ Yoast SEO plugin. -->","yoast_head_json":{"title":"LA CHILENIDAD Y LAS TRADICIONES SE TOMAN LA AGENDA CULTURAL EN LIQUEN PARA EL MES DE SEPTIEMBRE - Liquen Centro Cultural","robots":{"index":"index","follow":"follow","max-snippet":"max-snippet:-1","max-image-preview":"max-image-preview:large","max-video-preview":"max-video-preview:-1"},"canonical":"https:\/\/liquencentroculturalvillarrica.cl\/?p=5256","og_locale":"es_ES","og_type":"article","og_title":"LA CHILENIDAD Y LAS TRADICIONES SE TOMAN LA AGENDA CULTURAL EN LIQUEN PARA EL MES DE SEPTIEMBRE - Liquen Centro Cultural","og_description":"La cultura no se detiene en Villarrica, y cobran especial fuerza la chilenidad, las tradiciones,&nbsp; la m\u00fasica y la danza con sones y aires de nuestra tierra, en Liquen, llega septiembre con la primavera y las celebraciones que impregnan el ambiente dieciochero en la ciudad del lago y volc\u00e1n. Liquen centro cultural Municipal de Villarrica&hellip;&nbsp;Leer m\u00e1s &raquo;LA CHILENIDAD Y LAS TRADICIONES SE TOMAN LA AGENDA CULTURAL EN LIQUEN PARA EL MES DE SEPTIEMBRE","og_url":"https:\/\/liquencentroculturalvillarrica.cl\/?p=5256","og_site_name":"Liquen Centro Cultural","article_publisher":"https:\/\/www.facebook.com\/profile.php?id=100085283714609","article_published_time":"2026-08-31T22:17:58+00:00","article_modified_time":"2026-08-31T23:29:11+00:00","og_image":[{"width":2560,"height":1440,"url":"https:\/\/liquencentroculturalvillarrica.cl\/wp-content\/uploads\/2026\/08\/taller-de-cueca-2-00000005-scaled.jpg","type":"image\/jpeg"}],"author":"Liquen","twitter_card":"summary_large_image","twitter_misc":{"Escrito por":"Liquen","Tiempo de lectura":"3 minutos"},"schema":{"@context":"https:\/\/schema.org","@graph":[{"@type":"Article","@id":"https:\/\/liquencentroculturalvillarrica.cl\/?p=5256#article","isPartOf":{"@id":"https:\/\/liquencentroculturalvillarrica.cl\/?p=5256"},"author":{"name":"Liquen","@id":"https:\/\/liquencentroculturalvillarrica.cl\/#\/schema\/person\/427d9157415d981616abe41a49543f36"},"headline":"LA CHILENIDAD Y LAS TRADICIONES SE TOMAN LA AGENDA CULTURAL EN LIQUEN PARA EL MES DE SEPTIEMBRE","datePublished":"2026-08-31T22:17:58+00:00","dateModified":"2026-08-31T23:29:11+00:00","mainEntityOfPage":{"@id":"https:\/\/liquencentroculturalvillarrica.cl\/?p=5256"},"wordCount":406,"commentCount":0,"publisher":{"@id":"https:\/\/liquencentroculturalvillarrica.cl\/#organization"},"image":{"@id":"https:\/\/liquencentroculturalvillarrica.cl\/?p=5256#primaryimage"},"thumbnailUrl":"https:\/\/liquencentroculturalvillarrica.cl\/wp-content\/uploads\/2026\/08\/taller-de-cueca-2-00000005-scaled.jpg","keywords":["chilenidad","liquen","septiembre","taller","taller de cueca"],"articleSection":["Danza","Noticias","Taller"],"inLanguage":"es","potentialAction":[{"@type":"CommentAction","name":"Comment","target":["https:\/\/liquencentroculturalvillarrica.cl\/?p=5256#respond"]}]},{"@type":"WebPage","@id":"https:\/\/liquencentroculturalvillarrica.cl\/?p=5256","url":"https:\/\/liquencentroculturalvillarrica.cl\/?p=5256","name":"LA CHILENIDAD Y LAS TRADICIONES SE TOMAN LA AGENDA CULTURAL EN LIQUEN PARA EL MES DE SEPTIEMBRE - Liquen Centro Cultural","isPartOf":{"@id":"https:\/\/liquencentroculturalvillarrica.cl\/#website"},"primaryImageOfPage":{"@id":"https:\/\/liquencentroculturalvillarrica.cl\/?p=5256#primaryimage"},"image":{"@id":"https:\/\/liquencentroculturalvillarrica.cl\/?p=5256#primaryimage"},"thumbnailUrl":"https:\/\/liquencentroculturalvillarrica.cl\/wp-content\/uploads\/2026\/08\/taller-de-cueca-2-00000005-scaled.jpg","datePublished":"2026-08-31T22:17:58+00:00","dateModified":"2026-08-31T23:29:11+00:00","breadcrumb":{"@id":"https:\/\/liquencentroculturalvillarrica.cl\/?p=5256#breadcrumb"},"inLanguage":"es","potentialAction":[{"@type":"ReadAction","target":["https:\/\/liquencentroculturalvillarrica.cl\/?p=5256"]}]},{"@type":"ImageObject","inLanguage":"es","@id":"https:\/\/liquencentroculturalvillarrica.cl\/?p=5256#primaryimage","url":"https:\/\/liquencentroculturalvillarrica.cl\/wp-content\/uploads\/2026\/08\/taller-de-cueca-2-00000005-scaled.jpg","contentUrl":"https:\/\/liquencentroculturalvillarrica.cl\/wp-content\/uploads\/2026\/08\/taller-de-cueca-2-00000005-scaled.jpg","width":2560,"height":1440},{"@type":"BreadcrumbList","@id":"https:\/\/liquencentroculturalvillarrica.cl\/?p=5256#breadcrumb","itemListElement":[{"@type":"ListItem","position":1,"name":"Portada","item":"https:\/\/liquencentroculturalvillarrica.cl\/"},{"@type":"ListItem","position":2,"name":"LA CHILENIDAD Y LAS TRADICIONES SE TOMAN LA AGENDA CULTURAL EN LIQUEN PARA EL MES DE SEPTIEMBRE"}]},{"@type":"WebSite","@id":"https:\/\/liquencentroculturalvillarrica.cl\/#website","url":"https:\/\/liquencentroculturalvillarrica.cl\/","name":"Liquen Centro Cultural","description":"","publisher":{"@id":"https:\/\/liquencentroculturalvillarrica.cl\/#organization"},"potentialAction":[{"@type":"SearchAction","target":{"@type":"EntryPoint","urlTemplate":"https:\/\/liquencentroculturalvillarrica.cl\/?s={search_term_string}"},"query-input":{"@type":"PropertyValueSpecification","valueRequired":true,"valueName":"search_term_string"}}],"inLanguage":"es"},{"@type":"Organization","@id":"https:\/\/liquencentroculturalvillarrica.cl\/#organization","name":"Liquen Centro Cultural","url":"https:\/\/liquencentroculturalvillarrica.cl\/","logo":{"@type":"ImageObject","inLanguage":"es","@id":"https:\/\/liquencentroculturalvillarrica.cl\/#\/schema\/logo\/image\/","url":"https:\/\/liquencentroculturalvillarrica.cl\/wp-content\/uploads\/2023\/07\/Marca-Liquen-Centro-Cultural-Municipal-Villarrica2-1_Mesa-de-trabajo-1.png","contentUrl":"https:\/\/liquencentroculturalvillarrica.cl\/wp-content\/uploads\/2023\/07\/Marca-Liquen-Centro-Cultural-Municipal-Villarrica2-1_Mesa-de-trabajo-1.png","width":3300,"height":2550,"caption":"Liquen Centro Cultural"},"image":{"@id":"https:\/\/liquencentroculturalvillarrica.cl\/#\/schema\/logo\/image\/"},"sameAs":["https:\/\/www.facebook.com\/profile.php?id=100085283714609","https:\/\/www.instagram.com\/villarricacentrocultural\/","https:\/\/www.youtube.com\/channel\/UCQCChCLB8KB4ckeIXmpHNQw"]},{"@type":"Person","@id":"https:\/\/liquencentroculturalvillarrica.cl\/#\/schema\/person\/427d9157415d981616abe41a49543f36","name":"Liquen","image":{"@type":"ImageObject","inLanguage":"es","@id":"https:\/\/secure.gravatar.com\/avatar\/c3433ef77dd4f91e7fede9f9521759ea33f87a092b5c394a0ba9665a3c4341f7?s=96&d=mm&r=g","url":"https:\/\/secure.gravatar.com\/avatar\/c3433ef77dd4f91e7fede9f9521759ea33f87a092b5c394a0ba9665a3c4341f7?s=96&d=mm&r=g","contentUrl":"https:\/\/secure.gravatar.com\/avatar\/c3433ef77dd4f91e7fede9f9521759ea33f87a092b5c394a0ba9665a3c4341f7?s=96&d=mm&r=g","caption":"Liquen"},"sameAs":["http:\/\/liquencentroculturalvillarrica.cl"],"url":"https:\/\/liquencentroculturalvillarrica.cl\/?author=1"}]}},"featured_image_src":null,"featured_image_src_square":null,"author_info":{"display_name":"Liquen","author_link":"https:\/\/liquencentroculturalvillarrica.cl\/?author=1"},"_links":{"self":[{"href":"https:\/\/liquencentroculturalvillarrica.cl\/index.php?rest_route=\/wp\/v2\/posts\/5256","targetHints":{"allow":["GET"]}}],"collection":[{"href":"https:\/\/liquencentroculturalvillarrica.cl\/index.php?rest_route=\/wp\/v2\/posts"}],"about":[{"href":"https:\/\/liquencentroculturalvillarrica.cl\/index.php?rest_route=\/wp\/v2\/types\/post"}],"author":[{"embeddable":true,"href":"https:\/\/liquencentroculturalvillarrica.cl\/index.php?rest_route=\/wp\/v2\/users\/1"}],"replies":[{"embeddable":true,"href":"https:\/\/liquencentroculturalvillarrica.cl\/index.php?rest_route=%2Fwp%2Fv2%2Fcomments&post=5256"}],"version-history":[{"count":2,"href":"https:\/\/liquencentroculturalvillarrica.cl\/index.php?rest_route=\/wp\/v2\/posts\/5256\/revisions"}],"predecessor-version":[{"id":5270,"href":"https:\/\/liquencentroculturalvillarrica.cl\/index.php?rest_route=\/wp\/v2\/posts\/5256\/revisions\/5270"}],"wp:attachment":[{"href":"https:\/\/liquencentroculturalvillarrica.cl\/index.php?rest_route=%2Fwp%2Fv2%2Fmedia&parent=5256"}],"wp:term":[{"taxonomy":"category","embeddable":true,"href":"https:\/\/liquencentroculturalvillarrica.cl\/index.php?rest_route=%2Fwp%2Fv2%2Fcategories&post=5256"},{"taxonomy":"post_tag","embeddable":true,"href":"https:\/\/liquencentroculturalvillarrica.cl\/index.php?rest_route=%2Fwp%2Fv2%2Ftags&post=5256"}],"curies":[{"name":"wp","href":"https:\/\/api.w.org\/{rel}","templated":true}]}}