{"id":4573,"date":"2026-04-27T17:26:21","date_gmt":"2026-04-27T17:26:21","guid":{"rendered":"https:\/\/liquencentroculturalvillarrica.cl\/?p=4573"},"modified":"2026-04-27T17:26:25","modified_gmt":"2026-04-27T17:26:25","slug":"liquen-y-programa-municipal-amulen-unen-fuerzas-para-atender-necesidades-de-personas-en-condicion-de-calle-en-la-comuna","status":"publish","type":"post","link":"https:\/\/liquencentroculturalvillarrica.cl\/?p=4573","title":{"rendered":"LIQUEN Y PROGRAMA \u201cMUNICIPAL AMULEN\u201d UNEN FUERZAS PARA ATENDER NECESIDADES DE PERSONAS EN CONDICI\u00d3N DE CALLE EN LA COMUNA"},"content":{"rendered":"\n<h2 class=\"wp-block-heading has-large-font-size\"><em>Esta semana se reuni\u00f3 el encargado de \u201cPrograma Municipal AMULEN\u201d que tiene a su cargo el \u201cAlbergue\u201d y la \u201cRuta Social\u201d en la comuna de Villarrica, Robinson \u00c1vila Baeza con el director Sebasti\u00e1n Henr\u00edquez y equipo de pauta Liquen Centro Cultural Municipal de Villarrica para lanzar\u00a0\u00a0 la iniciativa que tiene como objetivo levantar una necesidad poco visibilizada pero urgente.<\/em><\/h2>\n\n\n\n<p>El lanzamiento se produjo en&nbsp; horas de la ma\u00f1ana del d\u00eda mi\u00e9rcoles en dependencias del Liquen y obedece a conversaciones previas que ven\u00edan gest\u00e1ndose desde&nbsp; hace meses entre los dos entes municipales, representados por el Director del Liquen Sebasti\u00e1n Henr\u00edquez&nbsp; y el Encargado del programa \u201cAmulen\u201d&nbsp; Robinson Avila que es la&nbsp; primera&nbsp; l\u00ednea de apoyo permanente a este grupo de alta vulnerabilidad ambos organismos dependientes de la Direcci\u00f3n de Desarrollo Comunitario, Liderado por Gianina Rojas quien desde su cargo respalda y apoya esta actividad.<\/p>\n\n\n\n<p>La iniciativa tiene dos l\u00edneas claras, una campa\u00f1a que se inici\u00f3 el d\u00eda 22 de abril y concluye el 20 de mayo para recolectar mediante \u201centradas solidarias\u201d a los espect\u00e1culos gratuitos del Liquen, la donaci\u00f3n de ropa interior nueva y calcetines para damas y varones que son beneficiarios de este programa, adem\u00e1s el llamado incluye el aporte de abrigos y parkas en buen estado para sortear el fr\u00edo invierno que se avecina.<\/p>\n\n\n\n<p>As\u00ed lo manifest\u00f3 el director de Liquen \u201cLa solidaridad es algo que tenemos que cultivar todos los d\u00edas, todo tiempo es apropiado, pero estamos adentr\u00e1ndonos en la parte m\u00e1s complicada del invierno para las personas en condici\u00f3n de calle y otras circunstancias de vulnerabilidad y que mejor que hacer este llamado desde la cultura solicitando a nuestros usuarios que cada vez que vengan a ver nuestros espect\u00e1culos se acuerden de traer una donaci\u00f3n\u201d. <\/p>\n\n\n\n<p>Por su parte el Encargado del programa \u201cAmulen\u201d Robinson Avila enfatiz\u00f3 en que \u201cla idea es recolectar este tipo de donaciones en Liquen y por otro lado que esta asociatividad sea replicada por otros organismos de la comunidad, empresas particulares y otras instituciones, hacemos el llamado para todos los que quieran puedan sumarse incluso personas a t\u00edtulo personal\u201d<\/p>\n\n\n<div class=\"wp-block-image\">\n<figure class=\"aligncenter size-full is-resized\"><img loading=\"lazy\" decoding=\"async\" width=\"566\" height=\"1257\" src=\"https:\/\/liquencentroculturalvillarrica.cl\/wp-content\/uploads\/2026\/04\/WhatsApp-Image-2026-04-27-at-1.11.28-PM-edited.jpeg\" alt=\"\" class=\"wp-image-4575\" style=\"aspect-ratio:0.45028352740764943;width:379px;height:auto\" srcset=\"https:\/\/liquencentroculturalvillarrica.cl\/wp-content\/uploads\/2026\/04\/WhatsApp-Image-2026-04-27-at-1.11.28-PM-edited.jpeg 566w, https:\/\/liquencentroculturalvillarrica.cl\/wp-content\/uploads\/2026\/04\/WhatsApp-Image-2026-04-27-at-1.11.28-PM-edited-135x300.jpeg 135w, https:\/\/liquencentroculturalvillarrica.cl\/wp-content\/uploads\/2026\/04\/WhatsApp-Image-2026-04-27-at-1.11.28-PM-edited-461x1024.jpeg 461w\" sizes=\"auto, (max-width: 566px) 100vw, 566px\" \/><\/figure>\n<\/div>\n\n\n<p>El trabajador social adem\u00e1s coment\u00f3 que para el final de la campana durante mayo se espera que ya est\u00e9 operativo tanto el Albergue con el programa \u201cPlan Protege Calle\u201d del Ministerio Social y de Familia lo que implica cubrir estas necesidades desde el aporte estatal durante al menos los siguientes 4 meses hasta la entrada de la primavera.<\/p>\n\n\n\n<p>De esta forma Liquen hace el llamado a la comunidad para acordarse de que ser solidarios tambi\u00e9n es parte de nuestra cultura y conf\u00eda en la generosidad ya manifestada en otras ocasiones por los consumidores de la cultura local.<\/p>\n\n\n\n<p><em>____________________________________<\/em><\/p>\n\n\n\n<p><em>Allan Carrasco Roman &#8211; RRPP Liquen CCM<\/em><\/p>\n","protected":false},"excerpt":{"rendered":"<p>Esta semana se reuni\u00f3 el encargado de \u201cPrograma Municipal AMULEN\u201d que tiene a su cargo el \u201cAlbergue\u201d y la \u201cRuta Social\u201d en la comuna de Villarrica, Robinson \u00c1vila Baeza con el director Sebasti\u00e1n Henr\u00edquez y equipo de pauta Liquen Centro Cultural Municipal de Villarrica para lanzar\u00a0\u00a0 la iniciativa que tiene como objetivo levantar una necesidad&hellip;&nbsp;<a href=\"https:\/\/liquencentroculturalvillarrica.cl\/?p=4573\" rel=\"bookmark\">Leer m\u00e1s &raquo;<span class=\"screen-reader-text\">LIQUEN Y PROGRAMA \u201cMUNICIPAL AMULEN\u201d UNEN FUERZAS PARA ATENDER NECESIDADES DE PERSONAS EN CONDICI\u00d3N DE CALLE EN LA COMUNA<\/span><\/a><\/p>\n","protected":false},"author":1,"featured_media":4507,"comment_status":"open","ping_status":"open","sticky":false,"template":"","format":"standard","meta":{"neve_meta_sidebar":"","neve_meta_container":"","neve_meta_enable_content_width":"","neve_meta_content_width":0,"neve_meta_title_alignment":"","neve_meta_author_avatar":"","neve_post_elements_order":"","neve_meta_disable_header":"","neve_meta_disable_footer":"","neve_meta_disable_title":"","footnotes":""},"categories":[5],"tags":[89,90,27,56],"class_list":["post-4573","post","type-post","status-publish","format-standard","has-post-thumbnail","hentry","category-noticias","tag-amulen","tag-campana","tag-liquen","tag-villarrica"],"yoast_head":"<!-- This site is optimized with the Yoast SEO plugin v26.7 - https:\/\/yoast.com\/wordpress\/plugins\/seo\/ -->\n<title>AYUDA PERSONAS EN CONDICI\u00d3N DE CALLE<\/title>\n<meta name=\"description\" content=\"LIQUEN Y PROGRAMA \u201cMUNICIPAL AMULEN\u201d UNEN FUERZAS PARA ATENDER NECESIDADES DE PERSONAS EN CONDICI\u00d3N DE CALLE EN LA COMUNA\" \/>\n<meta name=\"robots\" content=\"index, follow, max-snippet:-1, max-image-preview:large, max-video-preview:-1\" \/>\n<link rel=\"canonical\" href=\"https:\/\/liquencentroculturalvillarrica.cl\/?p=4573\" \/>\n<meta property=\"og:locale\" content=\"es_ES\" \/>\n<meta property=\"og:type\" content=\"article\" \/>\n<meta property=\"og:title\" content=\"AYUDA PERSONAS EN CONDICI\u00d3N DE CALLE\" \/>\n<meta property=\"og:description\" content=\"LIQUEN Y PROGRAMA \u201cMUNICIPAL AMULEN\u201d UNEN FUERZAS PARA ATENDER NECESIDADES DE PERSONAS EN CONDICI\u00d3N DE CALLE EN LA COMUNA\" \/>\n<meta property=\"og:url\" content=\"https:\/\/liquencentroculturalvillarrica.cl\/?p=4573\" \/>\n<meta property=\"og:site_name\" content=\"Liquen Centro Cultural\" \/>\n<meta property=\"article:publisher\" content=\"https:\/\/www.facebook.com\/profile.php?id=100085283714609\" \/>\n<meta property=\"article:published_time\" content=\"2026-04-27T17:26:21+00:00\" \/>\n<meta property=\"article:modified_time\" content=\"2026-04-27T17:26:25+00:00\" \/>\n<meta property=\"og:image\" content=\"https:\/\/liquencentroculturalvillarrica.cl\/wp-content\/uploads\/2026\/04\/Fondo-Web-1.jpg\" \/>\n\t<meta property=\"og:image:width\" content=\"1920\" \/>\n\t<meta property=\"og:image:height\" content=\"805\" \/>\n\t<meta property=\"og:image:type\" content=\"image\/jpeg\" \/>\n<meta name=\"author\" content=\"Liquen\" \/>\n<meta name=\"twitter:card\" content=\"summary_large_image\" \/>\n<meta name=\"twitter:label1\" content=\"Escrito por\" \/>\n\t<meta name=\"twitter:data1\" content=\"Liquen\" \/>\n\t<meta name=\"twitter:label2\" content=\"Tiempo de lectura\" \/>\n\t<meta name=\"twitter:data2\" content=\"3 minutos\" \/>\n<script type=\"application\/ld+json\" class=\"yoast-schema-graph\">{\"@context\":\"https:\/\/schema.org\",\"@graph\":[{\"@type\":\"Article\",\"@id\":\"https:\/\/liquencentroculturalvillarrica.cl\/?p=4573#article\",\"isPartOf\":{\"@id\":\"https:\/\/liquencentroculturalvillarrica.cl\/?p=4573\"},\"author\":{\"name\":\"Liquen\",\"@id\":\"https:\/\/liquencentroculturalvillarrica.cl\/#\/schema\/person\/427d9157415d981616abe41a49543f36\"},\"headline\":\"LIQUEN Y PROGRAMA \u201cMUNICIPAL AMULEN\u201d UNEN FUERZAS PARA ATENDER NECESIDADES DE PERSONAS EN CONDICI\u00d3N DE CALLE EN LA COMUNA\",\"datePublished\":\"2026-04-27T17:26:21+00:00\",\"dateModified\":\"2026-04-27T17:26:25+00:00\",\"mainEntityOfPage\":{\"@id\":\"https:\/\/liquencentroculturalvillarrica.cl\/?p=4573\"},\"wordCount\":501,\"commentCount\":0,\"publisher\":{\"@id\":\"https:\/\/liquencentroculturalvillarrica.cl\/#organization\"},\"image\":{\"@id\":\"https:\/\/liquencentroculturalvillarrica.cl\/?p=4573#primaryimage\"},\"thumbnailUrl\":\"https:\/\/liquencentroculturalvillarrica.cl\/wp-content\/uploads\/2026\/04\/Fondo-Web-1.jpg\",\"keywords\":[\"Amulen\",\"campa\u00f1a\",\"liquen\",\"villarrica\"],\"articleSection\":[\"Noticias\"],\"inLanguage\":\"es\",\"potentialAction\":[{\"@type\":\"CommentAction\",\"name\":\"Comment\",\"target\":[\"https:\/\/liquencentroculturalvillarrica.cl\/?p=4573#respond\"]}]},{\"@type\":\"WebPage\",\"@id\":\"https:\/\/liquencentroculturalvillarrica.cl\/?p=4573\",\"url\":\"https:\/\/liquencentroculturalvillarrica.cl\/?p=4573\",\"name\":\"AYUDA PERSONAS EN CONDICI\u00d3N DE CALLE\",\"isPartOf\":{\"@id\":\"https:\/\/liquencentroculturalvillarrica.cl\/#website\"},\"primaryImageOfPage\":{\"@id\":\"https:\/\/liquencentroculturalvillarrica.cl\/?p=4573#primaryimage\"},\"image\":{\"@id\":\"https:\/\/liquencentroculturalvillarrica.cl\/?p=4573#primaryimage\"},\"thumbnailUrl\":\"https:\/\/liquencentroculturalvillarrica.cl\/wp-content\/uploads\/2026\/04\/Fondo-Web-1.jpg\",\"datePublished\":\"2026-04-27T17:26:21+00:00\",\"dateModified\":\"2026-04-27T17:26:25+00:00\",\"description\":\"LIQUEN Y PROGRAMA \u201cMUNICIPAL AMULEN\u201d UNEN FUERZAS PARA ATENDER NECESIDADES DE PERSONAS EN CONDICI\u00d3N DE CALLE EN LA COMUNA\",\"breadcrumb\":{\"@id\":\"https:\/\/liquencentroculturalvillarrica.cl\/?p=4573#breadcrumb\"},\"inLanguage\":\"es\",\"potentialAction\":[{\"@type\":\"ReadAction\",\"target\":[\"https:\/\/liquencentroculturalvillarrica.cl\/?p=4573\"]}]},{\"@type\":\"ImageObject\",\"inLanguage\":\"es\",\"@id\":\"https:\/\/liquencentroculturalvillarrica.cl\/?p=4573#primaryimage\",\"url\":\"https:\/\/liquencentroculturalvillarrica.cl\/wp-content\/uploads\/2026\/04\/Fondo-Web-1.jpg\",\"contentUrl\":\"https:\/\/liquencentroculturalvillarrica.cl\/wp-content\/uploads\/2026\/04\/Fondo-Web-1.jpg\",\"width\":1920,\"height\":805},{\"@type\":\"BreadcrumbList\",\"@id\":\"https:\/\/liquencentroculturalvillarrica.cl\/?p=4573#breadcrumb\",\"itemListElement\":[{\"@type\":\"ListItem\",\"position\":1,\"name\":\"Portada\",\"item\":\"https:\/\/liquencentroculturalvillarrica.cl\/\"},{\"@type\":\"ListItem\",\"position\":2,\"name\":\"LIQUEN Y PROGRAMA \u201cMUNICIPAL AMULEN\u201d UNEN FUERZAS PARA ATENDER NECESIDADES DE PERSONAS EN CONDICI\u00d3N DE CALLE EN LA COMUNA\"}]},{\"@type\":\"WebSite\",\"@id\":\"https:\/\/liquencentroculturalvillarrica.cl\/#website\",\"url\":\"https:\/\/liquencentroculturalvillarrica.cl\/\",\"name\":\"Liquen Centro Cultural\",\"description\":\"\",\"publisher\":{\"@id\":\"https:\/\/liquencentroculturalvillarrica.cl\/#organization\"},\"potentialAction\":[{\"@type\":\"SearchAction\",\"target\":{\"@type\":\"EntryPoint\",\"urlTemplate\":\"https:\/\/liquencentroculturalvillarrica.cl\/?s={search_term_string}\"},\"query-input\":{\"@type\":\"PropertyValueSpecification\",\"valueRequired\":true,\"valueName\":\"search_term_string\"}}],\"inLanguage\":\"es\"},{\"@type\":\"Organization\",\"@id\":\"https:\/\/liquencentroculturalvillarrica.cl\/#organization\",\"name\":\"Liquen Centro Cultural\",\"url\":\"https:\/\/liquencentroculturalvillarrica.cl\/\",\"logo\":{\"@type\":\"ImageObject\",\"inLanguage\":\"es\",\"@id\":\"https:\/\/liquencentroculturalvillarrica.cl\/#\/schema\/logo\/image\/\",\"url\":\"https:\/\/liquencentroculturalvillarrica.cl\/wp-content\/uploads\/2023\/07\/Marca-Liquen-Centro-Cultural-Municipal-Villarrica2-1_Mesa-de-trabajo-1.png\",\"contentUrl\":\"https:\/\/liquencentroculturalvillarrica.cl\/wp-content\/uploads\/2023\/07\/Marca-Liquen-Centro-Cultural-Municipal-Villarrica2-1_Mesa-de-trabajo-1.png\",\"width\":3300,\"height\":2550,\"caption\":\"Liquen Centro Cultural\"},\"image\":{\"@id\":\"https:\/\/liquencentroculturalvillarrica.cl\/#\/schema\/logo\/image\/\"},\"sameAs\":[\"https:\/\/www.facebook.com\/profile.php?id=100085283714609\",\"https:\/\/www.instagram.com\/villarricacentrocultural\/\",\"https:\/\/www.youtube.com\/channel\/UCQCChCLB8KB4ckeIXmpHNQw\"]},{\"@type\":\"Person\",\"@id\":\"https:\/\/liquencentroculturalvillarrica.cl\/#\/schema\/person\/427d9157415d981616abe41a49543f36\",\"name\":\"Liquen\",\"image\":{\"@type\":\"ImageObject\",\"inLanguage\":\"es\",\"@id\":\"https:\/\/liquencentroculturalvillarrica.cl\/#\/schema\/person\/image\/\",\"url\":\"https:\/\/secure.gravatar.com\/avatar\/c3433ef77dd4f91e7fede9f9521759ea33f87a092b5c394a0ba9665a3c4341f7?s=96&d=mm&r=g\",\"contentUrl\":\"https:\/\/secure.gravatar.com\/avatar\/c3433ef77dd4f91e7fede9f9521759ea33f87a092b5c394a0ba9665a3c4341f7?s=96&d=mm&r=g\",\"caption\":\"Liquen\"},\"sameAs\":[\"http:\/\/liquencentroculturalvillarrica.cl\"],\"url\":\"https:\/\/liquencentroculturalvillarrica.cl\/?author=1\"}]}<\/script>\n<!-- \/ Yoast SEO plugin. -->","yoast_head_json":{"title":"AYUDA PERSONAS EN CONDICI\u00d3N DE CALLE","description":"LIQUEN Y PROGRAMA \u201cMUNICIPAL AMULEN\u201d UNEN FUERZAS PARA ATENDER NECESIDADES DE PERSONAS EN CONDICI\u00d3N DE CALLE EN LA COMUNA","robots":{"index":"index","follow":"follow","max-snippet":"max-snippet:-1","max-image-preview":"max-image-preview:large","max-video-preview":"max-video-preview:-1"},"canonical":"https:\/\/liquencentroculturalvillarrica.cl\/?p=4573","og_locale":"es_ES","og_type":"article","og_title":"AYUDA PERSONAS EN CONDICI\u00d3N DE CALLE","og_description":"LIQUEN Y PROGRAMA \u201cMUNICIPAL AMULEN\u201d UNEN FUERZAS PARA ATENDER NECESIDADES DE PERSONAS EN CONDICI\u00d3N DE CALLE EN LA COMUNA","og_url":"https:\/\/liquencentroculturalvillarrica.cl\/?p=4573","og_site_name":"Liquen Centro Cultural","article_publisher":"https:\/\/www.facebook.com\/profile.php?id=100085283714609","article_published_time":"2026-04-27T17:26:21+00:00","article_modified_time":"2026-04-27T17:26:25+00:00","og_image":[{"width":1920,"height":805,"url":"https:\/\/liquencentroculturalvillarrica.cl\/wp-content\/uploads\/2026\/04\/Fondo-Web-1.jpg","type":"image\/jpeg"}],"author":"Liquen","twitter_card":"summary_large_image","twitter_misc":{"Escrito por":"Liquen","Tiempo de lectura":"3 minutos"},"schema":{"@context":"https:\/\/schema.org","@graph":[{"@type":"Article","@id":"https:\/\/liquencentroculturalvillarrica.cl\/?p=4573#article","isPartOf":{"@id":"https:\/\/liquencentroculturalvillarrica.cl\/?p=4573"},"author":{"name":"Liquen","@id":"https:\/\/liquencentroculturalvillarrica.cl\/#\/schema\/person\/427d9157415d981616abe41a49543f36"},"headline":"LIQUEN Y PROGRAMA \u201cMUNICIPAL AMULEN\u201d UNEN FUERZAS PARA ATENDER NECESIDADES DE PERSONAS EN CONDICI\u00d3N DE CALLE EN LA COMUNA","datePublished":"2026-04-27T17:26:21+00:00","dateModified":"2026-04-27T17:26:25+00:00","mainEntityOfPage":{"@id":"https:\/\/liquencentroculturalvillarrica.cl\/?p=4573"},"wordCount":501,"commentCount":0,"publisher":{"@id":"https:\/\/liquencentroculturalvillarrica.cl\/#organization"},"image":{"@id":"https:\/\/liquencentroculturalvillarrica.cl\/?p=4573#primaryimage"},"thumbnailUrl":"https:\/\/liquencentroculturalvillarrica.cl\/wp-content\/uploads\/2026\/04\/Fondo-Web-1.jpg","keywords":["Amulen","campa\u00f1a","liquen","villarrica"],"articleSection":["Noticias"],"inLanguage":"es","potentialAction":[{"@type":"CommentAction","name":"Comment","target":["https:\/\/liquencentroculturalvillarrica.cl\/?p=4573#respond"]}]},{"@type":"WebPage","@id":"https:\/\/liquencentroculturalvillarrica.cl\/?p=4573","url":"https:\/\/liquencentroculturalvillarrica.cl\/?p=4573","name":"AYUDA PERSONAS EN CONDICI\u00d3N DE CALLE","isPartOf":{"@id":"https:\/\/liquencentroculturalvillarrica.cl\/#website"},"primaryImageOfPage":{"@id":"https:\/\/liquencentroculturalvillarrica.cl\/?p=4573#primaryimage"},"image":{"@id":"https:\/\/liquencentroculturalvillarrica.cl\/?p=4573#primaryimage"},"thumbnailUrl":"https:\/\/liquencentroculturalvillarrica.cl\/wp-content\/uploads\/2026\/04\/Fondo-Web-1.jpg","datePublished":"2026-04-27T17:26:21+00:00","dateModified":"2026-04-27T17:26:25+00:00","description":"LIQUEN Y PROGRAMA \u201cMUNICIPAL AMULEN\u201d UNEN FUERZAS PARA ATENDER NECESIDADES DE PERSONAS EN CONDICI\u00d3N DE CALLE EN LA COMUNA","breadcrumb":{"@id":"https:\/\/liquencentroculturalvillarrica.cl\/?p=4573#breadcrumb"},"inLanguage":"es","potentialAction":[{"@type":"ReadAction","target":["https:\/\/liquencentroculturalvillarrica.cl\/?p=4573"]}]},{"@type":"ImageObject","inLanguage":"es","@id":"https:\/\/liquencentroculturalvillarrica.cl\/?p=4573#primaryimage","url":"https:\/\/liquencentroculturalvillarrica.cl\/wp-content\/uploads\/2026\/04\/Fondo-Web-1.jpg","contentUrl":"https:\/\/liquencentroculturalvillarrica.cl\/wp-content\/uploads\/2026\/04\/Fondo-Web-1.jpg","width":1920,"height":805},{"@type":"BreadcrumbList","@id":"https:\/\/liquencentroculturalvillarrica.cl\/?p=4573#breadcrumb","itemListElement":[{"@type":"ListItem","position":1,"name":"Portada","item":"https:\/\/liquencentroculturalvillarrica.cl\/"},{"@type":"ListItem","position":2,"name":"LIQUEN Y PROGRAMA \u201cMUNICIPAL AMULEN\u201d UNEN FUERZAS PARA ATENDER NECESIDADES DE PERSONAS EN CONDICI\u00d3N DE CALLE EN LA COMUNA"}]},{"@type":"WebSite","@id":"https:\/\/liquencentroculturalvillarrica.cl\/#website","url":"https:\/\/liquencentroculturalvillarrica.cl\/","name":"Liquen Centro Cultural","description":"","publisher":{"@id":"https:\/\/liquencentroculturalvillarrica.cl\/#organization"},"potentialAction":[{"@type":"SearchAction","target":{"@type":"EntryPoint","urlTemplate":"https:\/\/liquencentroculturalvillarrica.cl\/?s={search_term_string}"},"query-input":{"@type":"PropertyValueSpecification","valueRequired":true,"valueName":"search_term_string"}}],"inLanguage":"es"},{"@type":"Organization","@id":"https:\/\/liquencentroculturalvillarrica.cl\/#organization","name":"Liquen Centro Cultural","url":"https:\/\/liquencentroculturalvillarrica.cl\/","logo":{"@type":"ImageObject","inLanguage":"es","@id":"https:\/\/liquencentroculturalvillarrica.cl\/#\/schema\/logo\/image\/","url":"https:\/\/liquencentroculturalvillarrica.cl\/wp-content\/uploads\/2023\/07\/Marca-Liquen-Centro-Cultural-Municipal-Villarrica2-1_Mesa-de-trabajo-1.png","contentUrl":"https:\/\/liquencentroculturalvillarrica.cl\/wp-content\/uploads\/2023\/07\/Marca-Liquen-Centro-Cultural-Municipal-Villarrica2-1_Mesa-de-trabajo-1.png","width":3300,"height":2550,"caption":"Liquen Centro Cultural"},"image":{"@id":"https:\/\/liquencentroculturalvillarrica.cl\/#\/schema\/logo\/image\/"},"sameAs":["https:\/\/www.facebook.com\/profile.php?id=100085283714609","https:\/\/www.instagram.com\/villarricacentrocultural\/","https:\/\/www.youtube.com\/channel\/UCQCChCLB8KB4ckeIXmpHNQw"]},{"@type":"Person","@id":"https:\/\/liquencentroculturalvillarrica.cl\/#\/schema\/person\/427d9157415d981616abe41a49543f36","name":"Liquen","image":{"@type":"ImageObject","inLanguage":"es","@id":"https:\/\/liquencentroculturalvillarrica.cl\/#\/schema\/person\/image\/","url":"https:\/\/secure.gravatar.com\/avatar\/c3433ef77dd4f91e7fede9f9521759ea33f87a092b5c394a0ba9665a3c4341f7?s=96&d=mm&r=g","contentUrl":"https:\/\/secure.gravatar.com\/avatar\/c3433ef77dd4f91e7fede9f9521759ea33f87a092b5c394a0ba9665a3c4341f7?s=96&d=mm&r=g","caption":"Liquen"},"sameAs":["http:\/\/liquencentroculturalvillarrica.cl"],"url":"https:\/\/liquencentroculturalvillarrica.cl\/?author=1"}]}},"featured_image_src":"https:\/\/liquencentroculturalvillarrica.cl\/wp-content\/uploads\/2026\/04\/Fondo-Web-1-600x400.jpg","featured_image_src_square":"https:\/\/liquencentroculturalvillarrica.cl\/wp-content\/uploads\/2026\/04\/Fondo-Web-1-600x600.jpg","author_info":{"display_name":"Liquen","author_link":"https:\/\/liquencentroculturalvillarrica.cl\/?author=1"},"_links":{"self":[{"href":"https:\/\/liquencentroculturalvillarrica.cl\/index.php?rest_route=\/wp\/v2\/posts\/4573","targetHints":{"allow":["GET"]}}],"collection":[{"href":"https:\/\/liquencentroculturalvillarrica.cl\/index.php?rest_route=\/wp\/v2\/posts"}],"about":[{"href":"https:\/\/liquencentroculturalvillarrica.cl\/index.php?rest_route=\/wp\/v2\/types\/post"}],"author":[{"embeddable":true,"href":"https:\/\/liquencentroculturalvillarrica.cl\/index.php?rest_route=\/wp\/v2\/users\/1"}],"replies":[{"embeddable":true,"href":"https:\/\/liquencentroculturalvillarrica.cl\/index.php?rest_route=%2Fwp%2Fv2%2Fcomments&post=4573"}],"version-history":[{"count":1,"href":"https:\/\/liquencentroculturalvillarrica.cl\/index.php?rest_route=\/wp\/v2\/posts\/4573\/revisions"}],"predecessor-version":[{"id":4576,"href":"https:\/\/liquencentroculturalvillarrica.cl\/index.php?rest_route=\/wp\/v2\/posts\/4573\/revisions\/4576"}],"wp:featuredmedia":[{"embeddable":true,"href":"https:\/\/liquencentroculturalvillarrica.cl\/index.php?rest_route=\/wp\/v2\/media\/4507"}],"wp:attachment":[{"href":"https:\/\/liquencentroculturalvillarrica.cl\/index.php?rest_route=%2Fwp%2Fv2%2Fmedia&parent=4573"}],"wp:term":[{"taxonomy":"category","embeddable":true,"href":"https:\/\/liquencentroculturalvillarrica.cl\/index.php?rest_route=%2Fwp%2Fv2%2Fcategories&post=4573"},{"taxonomy":"post_tag","embeddable":true,"href":"https:\/\/liquencentroculturalvillarrica.cl\/index.php?rest_route=%2Fwp%2Fv2%2Ftags&post=4573"}],"curies":[{"name":"wp","href":"https:\/\/api.w.org\/{rel}","templated":true}]}}