{"id":4438,"date":"2026-03-03T19:37:12","date_gmt":"2026-03-03T19:37:12","guid":{"rendered":"https:\/\/liquencentroculturalvillarrica.cl\/?p=4438"},"modified":"2026-03-03T19:37:15","modified_gmt":"2026-03-03T19:37:15","slug":"marzo-es-para-ti-mujer-en-liquen","status":"publish","type":"post","link":"https:\/\/liquencentroculturalvillarrica.cl\/?p=4438","title":{"rendered":"MARZO ES \u201cPARA TI MUJER\u201d EN LIQUEN CENTRO CULTURAL MUNICIPAL"},"content":{"rendered":"\n<p><em>Como cada a\u00f1o, Liquen Centro Cultural Municipal, realiza una programaci\u00f3n acorde con lo que marca la pauta del mes, marzo es m\u00e1s que el retorno de los escolares al a\u00f1o acad\u00e9mico, y que el fin de verano para introducirnos al oto\u00f1o, es un mes dedicado a las mujeres y concentra un c\u00famulo de actividades dedicadas a ellas.<\/em><\/p>\n\n\n\n<p>El centro cultural de Villarrica Liquen ya public\u00f3 en sus redes sociales la <a href=\"https:\/\/liquencentroculturalvillarrica.cl\/?page_id=176\">cartelera para marzo<\/a>, cuya caracter\u00edstica principal es la programaci\u00f3n de actividades orientadas al g\u00e9nero femenino. La agenda cultural del Liquen se construye en base a una estrategia que incorpora los intereses principales de la comunidad y pone los acentos en la integraci\u00f3n, en la valorizaci\u00f3n de la \u201cidentidad local\u201d y en la equidad de g\u00e9nero.<\/p>\n\n\n\n<p>&nbsp;&nbsp;&nbsp;&nbsp;&nbsp;&nbsp;&nbsp;&nbsp;&nbsp;&nbsp;&nbsp; Es as\u00ed como este mes se homenajea a las mujeres de diversas maneras, \u201cellas\u201d est\u00e1n presente en el Cine Tem\u00e1tico, en la Exposici\u00f3n Tem\u00e1tica \u201cMes de la Mujer\u201d, en el Seminario&nbsp; \u201cTejiendo Redes Contra la Violencia\u201d, en la Danza Contempor\u00e1nea que presentar\u00e1 a mitad del mes \u201cFragmentos de un cuerpo presente\u201d en el Encuentro Teatral \u201cMujeres en Conexi\u00f3n\u201d,&nbsp;&nbsp; se suman adem\u00e1s una clase magistral de artes visuales, un Podcast \u201cPara O\u00edrnos\u201d de Berta y el R\u00edo como tambi\u00e9n talleres y conciertos.<\/p>\n\n\n\n<p>&nbsp;&nbsp;&nbsp;&nbsp;&nbsp;&nbsp;&nbsp;&nbsp;&nbsp;&nbsp;&nbsp; De acuerdo a lo manifestado por el jefe comunal, <strong>&nbsp;\u201cla idea es darle la relevancia que se merece la celebraci\u00f3n del Dia Internacional de la mujer, el d\u00eda 8 de marzo, que pone en la palestra la reivindicaci\u00f3n de los derechos de la mujer a nivel planetario, creemos que en el concierto local, existe conciencia sobre este tema, y somos una comuna donde las mujeres se destacan en muchos \u00e1mbitos, lo que queda evidenciado con la programaci\u00f3n variada de Liquen este mes donde el g\u00e9nero femenino tendr\u00e1 preeminencia y protagonismo\u201d <\/strong>declar\u00f3 el alcalde Pablo Astete.<\/p>\n\n\n\n<p>&nbsp;&nbsp;&nbsp;&nbsp;&nbsp;&nbsp;&nbsp;&nbsp;&nbsp;&nbsp;&nbsp; Por su parte el Equipo de Liquen, extendi\u00f3 la invitaci\u00f3n a toda la comunidad para sumarse a las actividades culturales programadas para este especial mes y a no olvidar que todas las actividades son gratuitas y a excepci\u00f3n de las veladas de cine, &#8211; donde la entrada es por orden de llegada &#8211; hay que retirar con anticipaci\u00f3n las entradas en horas de oficina, en Prat 880 donde la cultura se vive y se siente.<\/p>\n\n\n<div class=\"n2-section-smartslider fitvidsignore  n2_clear\" data-ssid=\"36\"><div id=\"n2-ss-36-align\" class=\"n2-ss-align\" style=\"margin: 0 auto; max-width: 1000px;\"><div class=\"n2-padding\"><div id=\"n2-ss-36\" data-creator=\"Smart Slider 3\" data-responsive=\"auto\" class=\"n2-ss-slider n2-ow n2-has-hover n2notransition  \">\n\n\n\n\n\n\n\n\n\n<div class=\"n2-ss-slider-wrapper-outside\" style=\"grid-template-rows:1fr auto\"><div class=\"n2-ss-slider-controls-side\"><div class=\"n2-ss-slider-controls n2-ss-slider-controls-absolute-left\"><div style=\"--widget-offset:15px;\" class=\"n2-ss-widget n2-ss-widget-display-hover n2-style-107cb0e4b96e295f0c4852cfc0854d07-heading nextend-arrow n2-ow-all nextend-arrow-previous  nextend-arrow-animated-fade\" data-hide-mobileportrait=\"1\" id=\"n2-ss-36-arrow-previous\" role=\"button\" aria-label=\"previous arrow\" tabindex=\"0\"><img loading=\"lazy\" decoding=\"async\" width=\"32\" height=\"32\" class=\"skip-lazy\" data-skip-lazy=\"1\" src=\"data:image\/svg+xml;base64,PHN2ZyB4bWxucz0iaHR0cDovL3d3dy53My5vcmcvMjAwMC9zdmciIHdpZHRoPSIzMiIgaGVpZ2h0PSIzMiIgdmlld0JveD0iMCAwIDMyIDMyIj4KICAgIDxwYXRoIGZpbGw9IiNmZmZmZmYiIG9wYWNpdHk9IjAuOCIgZmlsbC1ydWxlPSJldmVub2RkIgogICAgICAgICAgZD0iTTE4Ljk5NTggOC45OTA3YzAtLjQyNC0uMjA0LS43MjMtLjYxLS44OTgtLjQwOS0uMTczLS43NzItLjEwNC0xLjA5My4yMDlsLTcuMDA2IDYuOTc1Yy0uMjAxLjE5OS0uMjk3LjQzNy0uMjg2LjcxNiAwIC4yNjcuMDk2LjQ5OC4yODYuNjg5bDcuMDA2IDcuMDAxYy4zMjEuMzIxLjY4NC4zODkgMS4wOTMuMjA5LjQwNi0uMTc0LjYxLS40ODIuNjEtLjkyMlY4Ljk5MDd6Ii8+Cjwvc3ZnPg==\" alt=\"previous arrow\"><\/div><\/div>\n        <div class=\"n2-ss-slider-1 n2_ss__touch_element n2-ow\">\n            <div class=\"n2-ss-slider-2 n2-ow\">\n                                                <div class=\"n2-ss-slider-3 n2-ow\">\n\n                    <div class=\"n2-ss-slide-backgrounds n2-ow-all\"><div class=\"n2-ss-slide-background\" data-public-id=\"1\" data-mode=\"fill\"><div class=\"n2-ss-slide-background-image\" data-blur=\"0\" data-opacity=\"100\" data-x=\"50\" data-y=\"50\" data-alt=\"\" data-title=\"\"><picture class=\"skip-lazy\" data-skip-lazy=\"1\"><img decoding=\"async\" src=\"\/\/liquencentroculturalvillarrica.cl\/wp-content\/uploads\/2026\/03\/Imagenes-Cartelera-Liquen-1.jpg\" alt=\"\" title=\"\" loading=\"lazy\" class=\"skip-lazy\" data-skip-lazy=\"1\"><\/picture><\/div><div data-color=\"RGBA(255,255,255,0)\" style=\"background-color: RGBA(255,255,255,0);\" class=\"n2-ss-slide-background-color\"><\/div><\/div><div class=\"n2-ss-slide-background\" data-public-id=\"2\" data-mode=\"fill\" aria-hidden=\"true\"><div class=\"n2-ss-slide-background-image\" data-blur=\"0\" data-opacity=\"100\" data-x=\"50\" data-y=\"50\" data-alt=\"\" data-title=\"\"><picture class=\"skip-lazy\" data-skip-lazy=\"1\"><img decoding=\"async\" src=\"\/\/liquencentroculturalvillarrica.cl\/wp-content\/uploads\/2026\/03\/Imagenes-Cartelera-Liquen-2.jpg\" alt=\"\" title=\"\" loading=\"lazy\" class=\"skip-lazy\" data-skip-lazy=\"1\"><\/picture><\/div><div data-color=\"RGBA(255,255,255,0)\" style=\"background-color: RGBA(255,255,255,0);\" class=\"n2-ss-slide-background-color\"><\/div><\/div><div class=\"n2-ss-slide-background\" data-public-id=\"3\" data-mode=\"fill\" aria-hidden=\"true\"><div class=\"n2-ss-slide-background-image\" data-blur=\"0\" data-opacity=\"100\" data-x=\"50\" data-y=\"50\" data-alt=\"\" data-title=\"\"><picture class=\"skip-lazy\" data-skip-lazy=\"1\"><img decoding=\"async\" src=\"\/\/liquencentroculturalvillarrica.cl\/wp-content\/uploads\/2026\/03\/Imagenes-Cartelera-Liquen-3.jpg\" alt=\"\" title=\"\" loading=\"lazy\" class=\"skip-lazy\" data-skip-lazy=\"1\"><\/picture><\/div><div data-color=\"RGBA(255,255,255,0)\" style=\"background-color: RGBA(255,255,255,0);\" class=\"n2-ss-slide-background-color\"><\/div><\/div><div class=\"n2-ss-slide-background\" data-public-id=\"4\" data-mode=\"fill\" aria-hidden=\"true\"><div class=\"n2-ss-slide-background-image\" data-blur=\"0\" data-opacity=\"100\" data-x=\"50\" data-y=\"50\" data-alt=\"\" data-title=\"\"><picture class=\"skip-lazy\" data-skip-lazy=\"1\"><img decoding=\"async\" src=\"\/\/liquencentroculturalvillarrica.cl\/wp-content\/uploads\/2026\/03\/Imagenes-Cartelera-Liquen-4.jpg\" alt=\"\" title=\"\" loading=\"lazy\" class=\"skip-lazy\" data-skip-lazy=\"1\"><\/picture><\/div><div data-color=\"RGBA(255,255,255,0)\" style=\"background-color: RGBA(255,255,255,0);\" class=\"n2-ss-slide-background-color\"><\/div><\/div><div class=\"n2-ss-slide-background\" data-public-id=\"5\" data-mode=\"fill\" aria-hidden=\"true\"><div class=\"n2-ss-slide-background-image\" data-blur=\"0\" data-opacity=\"100\" data-x=\"50\" data-y=\"50\" data-alt=\"\" data-title=\"\"><picture class=\"skip-lazy\" data-skip-lazy=\"1\"><img decoding=\"async\" src=\"\/\/liquencentroculturalvillarrica.cl\/wp-content\/uploads\/2026\/03\/Imagenes-Cartelera-Liquen-5.jpg\" alt=\"\" title=\"\" loading=\"lazy\" class=\"skip-lazy\" data-skip-lazy=\"1\"><\/picture><\/div><div data-color=\"RGBA(255,255,255,0)\" style=\"background-color: RGBA(255,255,255,0);\" class=\"n2-ss-slide-background-color\"><\/div><\/div><div class=\"n2-ss-slide-background\" data-public-id=\"6\" data-mode=\"fill\" aria-hidden=\"true\"><div class=\"n2-ss-slide-background-image\" data-blur=\"0\" data-opacity=\"100\" data-x=\"50\" data-y=\"50\" data-alt=\"\" data-title=\"\"><picture class=\"skip-lazy\" data-skip-lazy=\"1\"><img decoding=\"async\" src=\"\/\/liquencentroculturalvillarrica.cl\/wp-content\/uploads\/2026\/03\/Imagenes-Cartelera-Liquen-6.jpg\" alt=\"\" title=\"\" loading=\"lazy\" class=\"skip-lazy\" data-skip-lazy=\"1\"><\/picture><\/div><div data-color=\"RGBA(255,255,255,0)\" style=\"background-color: RGBA(255,255,255,0);\" class=\"n2-ss-slide-background-color\"><\/div><\/div><\/div>                    <div class=\"n2-ss-slider-4 n2-ow\">\n                        <svg xmlns=\"http:\/\/www.w3.org\/2000\/svg\" viewBox=\"0 0 1000 400\" data-related-device=\"desktopPortrait\" class=\"n2-ow n2-ss-preserve-size n2-ss-preserve-size--slider n2-ss-slide-limiter\"><\/svg><div data-first=\"1\" data-slide-duration=\"0\" data-id=\"597\" data-slide-public-id=\"1\" data-title=\"Imagenes-Cartelera-Liquen-1\" class=\"n2-ss-slide n2-ow  n2-ss-slide-597\"><div role=\"note\" class=\"n2-ss-slide--focus\" tabindex=\"-1\">Imagenes-Cartelera-Liquen-1<\/div><div class=\"n2-ss-layers-container n2-ss-slide-limiter n2-ow\"><div class=\"n2-ss-layer n2-ow n-uc-MGR56vnWbUHD\" data-sstype=\"slide\" data-pm=\"default\"><\/div><\/div><\/div><div data-slide-duration=\"0\" data-id=\"598\" data-slide-public-id=\"2\" aria-hidden=\"true\" data-title=\"Imagenes-Cartelera-Liquen-2\" class=\"n2-ss-slide n2-ow  n2-ss-slide-598\"><div role=\"note\" class=\"n2-ss-slide--focus\" tabindex=\"-1\">Imagenes-Cartelera-Liquen-2<\/div><div class=\"n2-ss-layers-container n2-ss-slide-limiter n2-ow\"><div class=\"n2-ss-layer n2-ow n-uc-Ls2e60ytAXXi\" data-sstype=\"slide\" data-pm=\"default\"><\/div><\/div><\/div><div data-slide-duration=\"0\" data-id=\"599\" data-slide-public-id=\"3\" aria-hidden=\"true\" data-title=\"Imagenes-Cartelera-Liquen-3\" class=\"n2-ss-slide n2-ow  n2-ss-slide-599\"><div role=\"note\" class=\"n2-ss-slide--focus\" tabindex=\"-1\">Imagenes-Cartelera-Liquen-3<\/div><div class=\"n2-ss-layers-container n2-ss-slide-limiter n2-ow\"><div class=\"n2-ss-layer n2-ow n-uc-nkeYGrtwF5nu\" data-sstype=\"slide\" data-pm=\"default\"><\/div><\/div><\/div><div data-slide-duration=\"0\" data-id=\"600\" data-slide-public-id=\"4\" aria-hidden=\"true\" data-title=\"Imagenes-Cartelera-Liquen-4\" class=\"n2-ss-slide n2-ow  n2-ss-slide-600\"><div role=\"note\" class=\"n2-ss-slide--focus\" tabindex=\"-1\">Imagenes-Cartelera-Liquen-4<\/div><div class=\"n2-ss-layers-container n2-ss-slide-limiter n2-ow\"><div class=\"n2-ss-layer n2-ow n-uc-OEst9iBltYyQ\" data-sstype=\"slide\" data-pm=\"default\"><\/div><\/div><\/div><div data-slide-duration=\"0\" data-id=\"601\" data-slide-public-id=\"5\" aria-hidden=\"true\" data-title=\"Imagenes-Cartelera-Liquen-5\" class=\"n2-ss-slide n2-ow  n2-ss-slide-601\"><div role=\"note\" class=\"n2-ss-slide--focus\" tabindex=\"-1\">Imagenes-Cartelera-Liquen-5<\/div><div class=\"n2-ss-layers-container n2-ss-slide-limiter n2-ow\"><div class=\"n2-ss-layer n2-ow n-uc-xvd7Sin8afYE\" data-sstype=\"slide\" data-pm=\"default\"><\/div><\/div><\/div><div data-slide-duration=\"0\" data-id=\"602\" data-slide-public-id=\"6\" aria-hidden=\"true\" data-title=\"Imagenes-Cartelera-Liquen-6\" class=\"n2-ss-slide n2-ow  n2-ss-slide-602\"><div role=\"note\" class=\"n2-ss-slide--focus\" tabindex=\"-1\">Imagenes-Cartelera-Liquen-6<\/div><div class=\"n2-ss-layers-container n2-ss-slide-limiter n2-ow\"><div class=\"n2-ss-layer n2-ow n-uc-dGTdQsrFok2U\" data-sstype=\"slide\" data-pm=\"default\"><\/div><\/div><\/div>                    <\/div>\n\n                                    <\/div>\n            <\/div>\n        <\/div>\n        <div class=\"n2-ss-slider-controls n2-ss-slider-controls-absolute-right\"><div style=\"--widget-offset:15px;\" class=\"n2-ss-widget n2-ss-widget-display-hover n2-style-107cb0e4b96e295f0c4852cfc0854d07-heading nextend-arrow n2-ow-all nextend-arrow-next  nextend-arrow-animated-fade\" data-hide-mobileportrait=\"1\" id=\"n2-ss-36-arrow-next\" role=\"button\" aria-label=\"next arrow\" tabindex=\"0\"><img loading=\"lazy\" decoding=\"async\" width=\"32\" height=\"32\" class=\"skip-lazy\" data-skip-lazy=\"1\" src=\"data:image\/svg+xml;base64,PHN2ZyB3aWR0aD0iMzIiIGhlaWdodD0iMzIiIHZpZXdCb3g9IjAgMCAzMiAzMiIgeG1sbnM9Imh0dHA6Ly93d3cudzMub3JnLzIwMDAvc3ZnIj4KICAgIDxwYXRoIGQ9Ik0xMiA4Ljk5YzAtLjQyMy4yMDQtLjcyMi42MS0uODk3LjQwOC0uMTczLjc3Mi0uMTA0IDEuMDkyLjIxbDcuMDA2IDYuOTc0Yy4yMDIuMi4yOTguNDM3LjI4Ny43MTYgMCAuMjY3LS4wOTYuNDk4LS4yODcuNjlsLTcuMDA2IDdjLS4zMi4zMi0uNjg0LjM5LTEuMDkyLjIxLS40MDYtLjE3NS0uNjEtLjQ4My0uNjEtLjkyM1Y4Ljk5eiIKICAgICAgICAgIGZpbGw9IiNmZmZmZmYiIG9wYWNpdHk9IjAuOCIgZmlsbC1ydWxlPSJldmVub2RkIi8+Cjwvc3ZnPg==\" alt=\"next arrow\"><\/div><\/div><\/div><div class=\"n2-ss-slider-controls n2-ss-slider-controls-below\"><div data-width-percent=\"100\" class=\"n2-ss-widget nextend-thumbnail nextend-thumbnail-default nextend-thumbnail-horizontal n2-ow-all\" data-hide-mobileportrait=\"1\" style=\"width:100%;\" data-has-next=\"0\" data-has-previous=\"0\"><div class=\"nextend-thumbnail-inner n2-style-f58d52632d016e4532dc73de3ceef8d2-simple \"><div class=\"nextend-thumbnail-scroller n2-align-content-center\" style=\"grid-template-rows:repeat(1, 1fr)\"><div class=\"n2-thumbnail-dot n2-style-8ad5048b81c3c254e5a4ea951ba18f46-dot \" data-slide-public-id=\"1\" role=\"button\" aria-label=\"Imagenes-Cartelera-Liquen-1\" tabindex=\"0\"><picture class=\"skip-lazy\" data-skip-lazy=\"1\"><img decoding=\"async\" alt=\"Imagenes-Cartelera-Liquen-1\" src=\"\/\/liquencentroculturalvillarrica.cl\/wp-content\/uploads\/2026\/03\/Imagenes-Cartelera-Liquen-1.jpg\" width=\"100\" height=\"60\" loading=\"lazy\" class=\"skip-lazy\" data-skip-lazy=\"1\" \/><\/picture><\/div><div class=\"n2-thumbnail-dot n2-style-8ad5048b81c3c254e5a4ea951ba18f46-dot \" data-slide-public-id=\"2\" role=\"button\" aria-label=\"Imagenes-Cartelera-Liquen-2\" tabindex=\"0\"><picture class=\"skip-lazy\" data-skip-lazy=\"1\"><img decoding=\"async\" alt=\"Imagenes-Cartelera-Liquen-2\" src=\"\/\/liquencentroculturalvillarrica.cl\/wp-content\/uploads\/2026\/03\/Imagenes-Cartelera-Liquen-2.jpg\" width=\"100\" height=\"60\" loading=\"lazy\" class=\"skip-lazy\" data-skip-lazy=\"1\" \/><\/picture><\/div><div class=\"n2-thumbnail-dot n2-style-8ad5048b81c3c254e5a4ea951ba18f46-dot \" data-slide-public-id=\"3\" role=\"button\" aria-label=\"Imagenes-Cartelera-Liquen-3\" tabindex=\"0\"><picture class=\"skip-lazy\" data-skip-lazy=\"1\"><img decoding=\"async\" alt=\"Imagenes-Cartelera-Liquen-3\" src=\"\/\/liquencentroculturalvillarrica.cl\/wp-content\/uploads\/2026\/03\/Imagenes-Cartelera-Liquen-3.jpg\" width=\"100\" height=\"60\" loading=\"lazy\" class=\"skip-lazy\" data-skip-lazy=\"1\" \/><\/picture><\/div><div class=\"n2-thumbnail-dot n2-style-8ad5048b81c3c254e5a4ea951ba18f46-dot \" data-slide-public-id=\"4\" role=\"button\" aria-label=\"Imagenes-Cartelera-Liquen-4\" tabindex=\"0\"><picture class=\"skip-lazy\" data-skip-lazy=\"1\"><img decoding=\"async\" alt=\"Imagenes-Cartelera-Liquen-4\" src=\"\/\/liquencentroculturalvillarrica.cl\/wp-content\/uploads\/2026\/03\/Imagenes-Cartelera-Liquen-4.jpg\" width=\"100\" height=\"60\" loading=\"lazy\" class=\"skip-lazy\" data-skip-lazy=\"1\" \/><\/picture><\/div><div class=\"n2-thumbnail-dot n2-style-8ad5048b81c3c254e5a4ea951ba18f46-dot \" data-slide-public-id=\"5\" role=\"button\" aria-label=\"Imagenes-Cartelera-Liquen-5\" tabindex=\"0\"><picture class=\"skip-lazy\" data-skip-lazy=\"1\"><img decoding=\"async\" alt=\"Imagenes-Cartelera-Liquen-5\" src=\"\/\/liquencentroculturalvillarrica.cl\/wp-content\/uploads\/2026\/03\/Imagenes-Cartelera-Liquen-5.jpg\" width=\"100\" height=\"60\" loading=\"lazy\" class=\"skip-lazy\" data-skip-lazy=\"1\" \/><\/picture><\/div><div class=\"n2-thumbnail-dot n2-style-8ad5048b81c3c254e5a4ea951ba18f46-dot \" data-slide-public-id=\"6\" role=\"button\" aria-label=\"Imagenes-Cartelera-Liquen-6\" tabindex=\"0\"><picture class=\"skip-lazy\" data-skip-lazy=\"1\"><img decoding=\"async\" alt=\"Imagenes-Cartelera-Liquen-6\" src=\"\/\/liquencentroculturalvillarrica.cl\/wp-content\/uploads\/2026\/03\/Imagenes-Cartelera-Liquen-6.jpg\" width=\"100\" height=\"60\" loading=\"lazy\" class=\"skip-lazy\" data-skip-lazy=\"1\" \/><\/picture><\/div><\/div><\/div><div class=\"nextend-thumbnail-button nextend-thumbnail-previous\"><img decoding=\"async\" width=\"26\" height=\"26\" style=\"width:26px;transform:rotateZ(-90deg);\" loading=\"lazy\" class=\"skip-lazy\" data-skip-lazy=\"1\" src=\"data:image\/svg+xml;base64,PHN2ZyB3aWR0aD0iMjYiIGhlaWdodD0iMjYiIHhtbG5zPSJodHRwOi8vd3d3LnczLm9yZy8yMDAwL3N2ZyI+CiAgICA8ZyBmaWxsPSJub25lIiBmaWxsLXJ1bGU9ImV2ZW5vZGQiPgogICAgICAgIDxjaXJjbGUgc3Ryb2tlPSIjZmZmIiBzdHJva2Utd2lkdGg9IjIiIG9wYWNpdHk9Ii41IiBmaWxsPSIjMDAwIiBjeD0iMTMiIGN5PSIxMyIgcj0iMTIiLz4KICAgICAgICA8cGF0aCBkPSJNMTMuNDM1IDkuMTc4Yy0uMTI2LS4xMjEtLjI3LS4xODItLjQzNi0uMTgyLS4xNjQgMC0uMzA2LjA2MS0uNDI4LjE4MmwtNC4zOCA0LjE3NWMtLjEyNi4xMjEtLjE4OC4yNjItLjE4OC40MjQgMCAuMTYxLjA2Mi4zMDIuMTg4LjQyM2wuNjUuNjIyYy4xMjYuMTIxLjI3My4xODIuNDQxLjE4Mi4xNyAwIC4zMTQtLjA2MS40MzYtLjE4MmwzLjMxNC0zLjE2MSAzLjI0OSAzLjE2MWMuMTI2LjEyMS4yNjkuMTgyLjQzMi4xODIuMTY0IDAgLjMwNy0uMDYxLjQzMy0uMTgybC42NjItLjYyMmMuMTI2LS4xMjEuMTg5LS4yNjIuMTg5LS40MjMgMC0uMTYyLS4wNjMtLjMwMy0uMTg5LS40MjRsLTQuMzczLTQuMTc1eiIKICAgICAgICAgICAgICBmaWxsPSIjZmZmIi8+CiAgICA8L2c+Cjwvc3ZnPg==\" alt=\"previous arrow\"><\/div><div class=\"nextend-thumbnail-button nextend-thumbnail-next\"><img decoding=\"async\" width=\"26\" height=\"26\" style=\"width:26px;transform:rotateZ(-90deg);\" loading=\"lazy\" class=\"skip-lazy\" data-skip-lazy=\"1\" src=\"data:image\/svg+xml;base64,PHN2ZyB4bWxucz0iaHR0cDovL3d3dy53My5vcmcvMjAwMC9zdmciIHdpZHRoPSIyNiIgaGVpZ2h0PSIyNiI+CiAgICA8ZyBmaWxsPSJub25lIj4KICAgICAgICA8Y2lyY2xlIGN4PSIxMyIgY3k9IjEzIiByPSIxMiIgZmlsbD0iIzAwMCIgc3Ryb2tlPSIjZmZmIiBzdHJva2Utd2lkdGg9IjIiIG9wYWNpdHk9Ii41Ii8+CiAgICAgICAgPHBhdGggZmlsbD0iI2ZmZiIKICAgICAgICAgICAgICBkPSJNMTIuNTY1IDE2LjgyMmMuMTI2LjEyLjI3LjE4Mi40MzYuMTgyLjE2OCAwIC4zMS0uMDYuNDMtLjE4Mmw0LjM4LTQuMTc1Yy4xMjgtLjEyLjE5LS4yNjIuMTktLjQyNCAwLS4xNi0uMDYyLS4zMDItLjE5LS40MjNsLS42NS0uNjIyYy0uMTI1LS4xMi0uMjcyLS4xODItLjQ0LS4xODItLjE3IDAtLjMxNC4wNi0uNDM2LjE4MmwtMy4zMTQgMy4xNi0zLjI1LTMuMTZjLS4xMjYtLjEyLS4yNy0uMTgyLS40My0uMTgyLS4xNjYgMC0uMzEuMDYtLjQzNS4xODJsLS42NjIuNjIyYy0uMTI2LjEyLS4xOS4yNjItLjE5LjQyMyAwIC4xNjIuMDY0LjMwMy4xOS40MjRsNC4zNzMgNC4xNzV6Ii8+CiAgICA8L2c+Cjwvc3ZnPg==\" alt=\"next arrow\"><\/div><\/div><div class=\"n2-ss-widget nextend-shadow n2-ow-all\"><img decoding=\"async\" width=\"1120\" height=\"50\" style=\"display: block; width:100%;max-width:none;\" class=\"nextend-shadow-image skip-lazy\" loading=\"lazy\" data-skip-lazy=\"1\" src=\"https:\/\/liquencentroculturalvillarrica.cl\/wp-content\/plugins\/smart-slider-3\/Public\/SmartSlider3\/Widget\/Shadow\/ShadowImage\/Assets\/shadow\/dark.png\" alt=\"Shadow\"><\/div><\/div><\/div><\/div><ss3-loader><\/ss3-loader><\/div><\/div><div class=\"n2_clear\"><\/div><\/div>\n\n\n<p>____________________________________<\/p>\n\n\n\n<p>Allan Carrasco Roman &#8211; RRPP Liquen CCM<\/p>\n","protected":false},"excerpt":{"rendered":"<p>Como cada a\u00f1o, Liquen Centro Cultural Municipal, realiza una programaci\u00f3n acorde con lo que marca la pauta del mes, marzo es m\u00e1s que el retorno de los escolares al a\u00f1o acad\u00e9mico, y que el fin de verano para introducirnos al oto\u00f1o, es un mes dedicado a las mujeres y concentra un c\u00famulo de actividades dedicadas&hellip;&nbsp;<a href=\"https:\/\/liquencentroculturalvillarrica.cl\/?p=4438\" rel=\"bookmark\">Leer m\u00e1s &raquo;<span class=\"screen-reader-text\">MARZO ES \u201cPARA TI MUJER\u201d EN LIQUEN CENTRO CULTURAL MUNICIPAL<\/span><\/a><\/p>\n","protected":false},"author":1,"featured_media":4397,"comment_status":"open","ping_status":"open","sticky":false,"template":"","format":"standard","meta":{"neve_meta_sidebar":"","neve_meta_container":"","neve_meta_enable_content_width":"","neve_meta_content_width":0,"neve_meta_title_alignment":"","neve_meta_author_avatar":"","neve_post_elements_order":"","neve_meta_disable_header":"","neve_meta_disable_footer":"","neve_meta_disable_title":"","footnotes":""},"categories":[18,5],"tags":[78,57,26,81,34,80,79,27,77,76,56],"class_list":["post-4438","post","type-post","status-publish","format-standard","has-post-thumbnail","hentry","category-cartelera","category-noticias","tag-8m","tag-arte","tag-cartelera","tag-conmemoracion","tag-cultura","tag-diadelamujer","tag-femenino","tag-liquen","tag-marzo","tag-mujer","tag-villarrica"],"yoast_head":"<!-- This site is optimized with the Yoast SEO plugin v26.7 - https:\/\/yoast.com\/wordpress\/plugins\/seo\/ -->\n<title>MARZO ES \u201cPARA TI MUJER\u201d<\/title>\n<meta name=\"description\" content=\"MARZO ES \u201cPARA TI MUJER\u201d EN LIQUEN CENTRO CULTURAL MUNICIPAL\" \/>\n<meta name=\"robots\" content=\"index, follow, max-snippet:-1, max-image-preview:large, max-video-preview:-1\" \/>\n<link rel=\"canonical\" href=\"https:\/\/liquencentroculturalvillarrica.cl\/?p=4438\" \/>\n<meta property=\"og:locale\" content=\"es_ES\" \/>\n<meta property=\"og:type\" content=\"article\" \/>\n<meta property=\"og:title\" content=\"MARZO ES \u201cPARA TI MUJER\u201d\" \/>\n<meta property=\"og:description\" content=\"MARZO ES \u201cPARA TI MUJER\u201d EN LIQUEN CENTRO CULTURAL MUNICIPAL\" \/>\n<meta property=\"og:url\" content=\"https:\/\/liquencentroculturalvillarrica.cl\/?p=4438\" \/>\n<meta property=\"og:site_name\" content=\"Liquen Centro Cultural\" \/>\n<meta property=\"article:publisher\" content=\"https:\/\/www.facebook.com\/profile.php?id=100085283714609\" \/>\n<meta property=\"article:published_time\" content=\"2026-03-03T19:37:12+00:00\" \/>\n<meta property=\"article:modified_time\" content=\"2026-03-03T19:37:15+00:00\" \/>\n<meta property=\"og:image\" content=\"https:\/\/liquencentroculturalvillarrica.cl\/wp-content\/uploads\/2026\/03\/Fondo-Web.jpg\" \/>\n\t<meta property=\"og:image:width\" content=\"1920\" \/>\n\t<meta property=\"og:image:height\" content=\"805\" \/>\n\t<meta property=\"og:image:type\" content=\"image\/jpeg\" \/>\n<meta name=\"author\" content=\"Liquen\" \/>\n<meta name=\"twitter:card\" content=\"summary_large_image\" \/>\n<meta name=\"twitter:label1\" content=\"Escrito por\" \/>\n\t<meta name=\"twitter:data1\" content=\"Liquen\" \/>\n\t<meta name=\"twitter:label2\" content=\"Tiempo de lectura\" \/>\n\t<meta name=\"twitter:data2\" content=\"2 minutos\" \/>\n<script type=\"application\/ld+json\" class=\"yoast-schema-graph\">{\"@context\":\"https:\/\/schema.org\",\"@graph\":[{\"@type\":\"Article\",\"@id\":\"https:\/\/liquencentroculturalvillarrica.cl\/?p=4438#article\",\"isPartOf\":{\"@id\":\"https:\/\/liquencentroculturalvillarrica.cl\/?p=4438\"},\"author\":{\"name\":\"Liquen\",\"@id\":\"https:\/\/liquencentroculturalvillarrica.cl\/#\/schema\/person\/427d9157415d981616abe41a49543f36\"},\"headline\":\"MARZO ES \u201cPARA TI MUJER\u201d EN LIQUEN CENTRO CULTURAL MUNICIPAL\",\"datePublished\":\"2026-03-03T19:37:12+00:00\",\"dateModified\":\"2026-03-03T19:37:15+00:00\",\"mainEntityOfPage\":{\"@id\":\"https:\/\/liquencentroculturalvillarrica.cl\/?p=4438\"},\"wordCount\":461,\"commentCount\":0,\"publisher\":{\"@id\":\"https:\/\/liquencentroculturalvillarrica.cl\/#organization\"},\"image\":{\"@id\":\"https:\/\/liquencentroculturalvillarrica.cl\/?p=4438#primaryimage\"},\"thumbnailUrl\":\"https:\/\/liquencentroculturalvillarrica.cl\/wp-content\/uploads\/2026\/03\/Fondo-Web.jpg\",\"keywords\":[\"8m\",\"arte\",\"cartelera\",\"conmemoracion\",\"cultura\",\"diadelamujer\",\"femenino\",\"liquen\",\"marzo\",\"mujer\",\"villarrica\"],\"articleSection\":[\"Cartelera\",\"Noticias\"],\"inLanguage\":\"es\",\"potentialAction\":[{\"@type\":\"CommentAction\",\"name\":\"Comment\",\"target\":[\"https:\/\/liquencentroculturalvillarrica.cl\/?p=4438#respond\"]}]},{\"@type\":\"WebPage\",\"@id\":\"https:\/\/liquencentroculturalvillarrica.cl\/?p=4438\",\"url\":\"https:\/\/liquencentroculturalvillarrica.cl\/?p=4438\",\"name\":\"MARZO ES \u201cPARA TI MUJER\u201d\",\"isPartOf\":{\"@id\":\"https:\/\/liquencentroculturalvillarrica.cl\/#website\"},\"primaryImageOfPage\":{\"@id\":\"https:\/\/liquencentroculturalvillarrica.cl\/?p=4438#primaryimage\"},\"image\":{\"@id\":\"https:\/\/liquencentroculturalvillarrica.cl\/?p=4438#primaryimage\"},\"thumbnailUrl\":\"https:\/\/liquencentroculturalvillarrica.cl\/wp-content\/uploads\/2026\/03\/Fondo-Web.jpg\",\"datePublished\":\"2026-03-03T19:37:12+00:00\",\"dateModified\":\"2026-03-03T19:37:15+00:00\",\"description\":\"MARZO ES \u201cPARA TI MUJER\u201d EN LIQUEN CENTRO CULTURAL MUNICIPAL\",\"breadcrumb\":{\"@id\":\"https:\/\/liquencentroculturalvillarrica.cl\/?p=4438#breadcrumb\"},\"inLanguage\":\"es\",\"potentialAction\":[{\"@type\":\"ReadAction\",\"target\":[\"https:\/\/liquencentroculturalvillarrica.cl\/?p=4438\"]}]},{\"@type\":\"ImageObject\",\"inLanguage\":\"es\",\"@id\":\"https:\/\/liquencentroculturalvillarrica.cl\/?p=4438#primaryimage\",\"url\":\"https:\/\/liquencentroculturalvillarrica.cl\/wp-content\/uploads\/2026\/03\/Fondo-Web.jpg\",\"contentUrl\":\"https:\/\/liquencentroculturalvillarrica.cl\/wp-content\/uploads\/2026\/03\/Fondo-Web.jpg\",\"width\":1920,\"height\":805},{\"@type\":\"BreadcrumbList\",\"@id\":\"https:\/\/liquencentroculturalvillarrica.cl\/?p=4438#breadcrumb\",\"itemListElement\":[{\"@type\":\"ListItem\",\"position\":1,\"name\":\"Portada\",\"item\":\"https:\/\/liquencentroculturalvillarrica.cl\/\"},{\"@type\":\"ListItem\",\"position\":2,\"name\":\"MARZO ES \u201cPARA TI MUJER\u201d EN LIQUEN CENTRO CULTURAL MUNICIPAL\"}]},{\"@type\":\"WebSite\",\"@id\":\"https:\/\/liquencentroculturalvillarrica.cl\/#website\",\"url\":\"https:\/\/liquencentroculturalvillarrica.cl\/\",\"name\":\"Liquen Centro Cultural\",\"description\":\"\",\"publisher\":{\"@id\":\"https:\/\/liquencentroculturalvillarrica.cl\/#organization\"},\"potentialAction\":[{\"@type\":\"SearchAction\",\"target\":{\"@type\":\"EntryPoint\",\"urlTemplate\":\"https:\/\/liquencentroculturalvillarrica.cl\/?s={search_term_string}\"},\"query-input\":{\"@type\":\"PropertyValueSpecification\",\"valueRequired\":true,\"valueName\":\"search_term_string\"}}],\"inLanguage\":\"es\"},{\"@type\":\"Organization\",\"@id\":\"https:\/\/liquencentroculturalvillarrica.cl\/#organization\",\"name\":\"Liquen Centro Cultural\",\"url\":\"https:\/\/liquencentroculturalvillarrica.cl\/\",\"logo\":{\"@type\":\"ImageObject\",\"inLanguage\":\"es\",\"@id\":\"https:\/\/liquencentroculturalvillarrica.cl\/#\/schema\/logo\/image\/\",\"url\":\"https:\/\/liquencentroculturalvillarrica.cl\/wp-content\/uploads\/2023\/07\/Marca-Liquen-Centro-Cultural-Municipal-Villarrica2-1_Mesa-de-trabajo-1.png\",\"contentUrl\":\"https:\/\/liquencentroculturalvillarrica.cl\/wp-content\/uploads\/2023\/07\/Marca-Liquen-Centro-Cultural-Municipal-Villarrica2-1_Mesa-de-trabajo-1.png\",\"width\":3300,\"height\":2550,\"caption\":\"Liquen Centro Cultural\"},\"image\":{\"@id\":\"https:\/\/liquencentroculturalvillarrica.cl\/#\/schema\/logo\/image\/\"},\"sameAs\":[\"https:\/\/www.facebook.com\/profile.php?id=100085283714609\",\"https:\/\/www.instagram.com\/villarricacentrocultural\/\",\"https:\/\/www.youtube.com\/channel\/UCQCChCLB8KB4ckeIXmpHNQw\"]},{\"@type\":\"Person\",\"@id\":\"https:\/\/liquencentroculturalvillarrica.cl\/#\/schema\/person\/427d9157415d981616abe41a49543f36\",\"name\":\"Liquen\",\"image\":{\"@type\":\"ImageObject\",\"inLanguage\":\"es\",\"@id\":\"https:\/\/liquencentroculturalvillarrica.cl\/#\/schema\/person\/image\/\",\"url\":\"https:\/\/secure.gravatar.com\/avatar\/c3433ef77dd4f91e7fede9f9521759ea33f87a092b5c394a0ba9665a3c4341f7?s=96&d=mm&r=g\",\"contentUrl\":\"https:\/\/secure.gravatar.com\/avatar\/c3433ef77dd4f91e7fede9f9521759ea33f87a092b5c394a0ba9665a3c4341f7?s=96&d=mm&r=g\",\"caption\":\"Liquen\"},\"sameAs\":[\"http:\/\/liquencentroculturalvillarrica.cl\"],\"url\":\"https:\/\/liquencentroculturalvillarrica.cl\/?author=1\"}]}<\/script>\n<!-- \/ Yoast SEO plugin. -->","yoast_head_json":{"title":"MARZO ES \u201cPARA TI MUJER\u201d","description":"MARZO ES \u201cPARA TI MUJER\u201d EN LIQUEN CENTRO CULTURAL MUNICIPAL","robots":{"index":"index","follow":"follow","max-snippet":"max-snippet:-1","max-image-preview":"max-image-preview:large","max-video-preview":"max-video-preview:-1"},"canonical":"https:\/\/liquencentroculturalvillarrica.cl\/?p=4438","og_locale":"es_ES","og_type":"article","og_title":"MARZO ES \u201cPARA TI MUJER\u201d","og_description":"MARZO ES \u201cPARA TI MUJER\u201d EN LIQUEN CENTRO CULTURAL MUNICIPAL","og_url":"https:\/\/liquencentroculturalvillarrica.cl\/?p=4438","og_site_name":"Liquen Centro Cultural","article_publisher":"https:\/\/www.facebook.com\/profile.php?id=100085283714609","article_published_time":"2026-03-03T19:37:12+00:00","article_modified_time":"2026-03-03T19:37:15+00:00","og_image":[{"width":1920,"height":805,"url":"https:\/\/liquencentroculturalvillarrica.cl\/wp-content\/uploads\/2026\/03\/Fondo-Web.jpg","type":"image\/jpeg"}],"author":"Liquen","twitter_card":"summary_large_image","twitter_misc":{"Escrito por":"Liquen","Tiempo de lectura":"2 minutos"},"schema":{"@context":"https:\/\/schema.org","@graph":[{"@type":"Article","@id":"https:\/\/liquencentroculturalvillarrica.cl\/?p=4438#article","isPartOf":{"@id":"https:\/\/liquencentroculturalvillarrica.cl\/?p=4438"},"author":{"name":"Liquen","@id":"https:\/\/liquencentroculturalvillarrica.cl\/#\/schema\/person\/427d9157415d981616abe41a49543f36"},"headline":"MARZO ES \u201cPARA TI MUJER\u201d EN LIQUEN CENTRO CULTURAL MUNICIPAL","datePublished":"2026-03-03T19:37:12+00:00","dateModified":"2026-03-03T19:37:15+00:00","mainEntityOfPage":{"@id":"https:\/\/liquencentroculturalvillarrica.cl\/?p=4438"},"wordCount":461,"commentCount":0,"publisher":{"@id":"https:\/\/liquencentroculturalvillarrica.cl\/#organization"},"image":{"@id":"https:\/\/liquencentroculturalvillarrica.cl\/?p=4438#primaryimage"},"thumbnailUrl":"https:\/\/liquencentroculturalvillarrica.cl\/wp-content\/uploads\/2026\/03\/Fondo-Web.jpg","keywords":["8m","arte","cartelera","conmemoracion","cultura","diadelamujer","femenino","liquen","marzo","mujer","villarrica"],"articleSection":["Cartelera","Noticias"],"inLanguage":"es","potentialAction":[{"@type":"CommentAction","name":"Comment","target":["https:\/\/liquencentroculturalvillarrica.cl\/?p=4438#respond"]}]},{"@type":"WebPage","@id":"https:\/\/liquencentroculturalvillarrica.cl\/?p=4438","url":"https:\/\/liquencentroculturalvillarrica.cl\/?p=4438","name":"MARZO ES \u201cPARA TI MUJER\u201d","isPartOf":{"@id":"https:\/\/liquencentroculturalvillarrica.cl\/#website"},"primaryImageOfPage":{"@id":"https:\/\/liquencentroculturalvillarrica.cl\/?p=4438#primaryimage"},"image":{"@id":"https:\/\/liquencentroculturalvillarrica.cl\/?p=4438#primaryimage"},"thumbnailUrl":"https:\/\/liquencentroculturalvillarrica.cl\/wp-content\/uploads\/2026\/03\/Fondo-Web.jpg","datePublished":"2026-03-03T19:37:12+00:00","dateModified":"2026-03-03T19:37:15+00:00","description":"MARZO ES \u201cPARA TI MUJER\u201d EN LIQUEN CENTRO CULTURAL MUNICIPAL","breadcrumb":{"@id":"https:\/\/liquencentroculturalvillarrica.cl\/?p=4438#breadcrumb"},"inLanguage":"es","potentialAction":[{"@type":"ReadAction","target":["https:\/\/liquencentroculturalvillarrica.cl\/?p=4438"]}]},{"@type":"ImageObject","inLanguage":"es","@id":"https:\/\/liquencentroculturalvillarrica.cl\/?p=4438#primaryimage","url":"https:\/\/liquencentroculturalvillarrica.cl\/wp-content\/uploads\/2026\/03\/Fondo-Web.jpg","contentUrl":"https:\/\/liquencentroculturalvillarrica.cl\/wp-content\/uploads\/2026\/03\/Fondo-Web.jpg","width":1920,"height":805},{"@type":"BreadcrumbList","@id":"https:\/\/liquencentroculturalvillarrica.cl\/?p=4438#breadcrumb","itemListElement":[{"@type":"ListItem","position":1,"name":"Portada","item":"https:\/\/liquencentroculturalvillarrica.cl\/"},{"@type":"ListItem","position":2,"name":"MARZO ES \u201cPARA TI MUJER\u201d EN LIQUEN CENTRO CULTURAL MUNICIPAL"}]},{"@type":"WebSite","@id":"https:\/\/liquencentroculturalvillarrica.cl\/#website","url":"https:\/\/liquencentroculturalvillarrica.cl\/","name":"Liquen Centro Cultural","description":"","publisher":{"@id":"https:\/\/liquencentroculturalvillarrica.cl\/#organization"},"potentialAction":[{"@type":"SearchAction","target":{"@type":"EntryPoint","urlTemplate":"https:\/\/liquencentroculturalvillarrica.cl\/?s={search_term_string}"},"query-input":{"@type":"PropertyValueSpecification","valueRequired":true,"valueName":"search_term_string"}}],"inLanguage":"es"},{"@type":"Organization","@id":"https:\/\/liquencentroculturalvillarrica.cl\/#organization","name":"Liquen Centro Cultural","url":"https:\/\/liquencentroculturalvillarrica.cl\/","logo":{"@type":"ImageObject","inLanguage":"es","@id":"https:\/\/liquencentroculturalvillarrica.cl\/#\/schema\/logo\/image\/","url":"https:\/\/liquencentroculturalvillarrica.cl\/wp-content\/uploads\/2023\/07\/Marca-Liquen-Centro-Cultural-Municipal-Villarrica2-1_Mesa-de-trabajo-1.png","contentUrl":"https:\/\/liquencentroculturalvillarrica.cl\/wp-content\/uploads\/2023\/07\/Marca-Liquen-Centro-Cultural-Municipal-Villarrica2-1_Mesa-de-trabajo-1.png","width":3300,"height":2550,"caption":"Liquen Centro Cultural"},"image":{"@id":"https:\/\/liquencentroculturalvillarrica.cl\/#\/schema\/logo\/image\/"},"sameAs":["https:\/\/www.facebook.com\/profile.php?id=100085283714609","https:\/\/www.instagram.com\/villarricacentrocultural\/","https:\/\/www.youtube.com\/channel\/UCQCChCLB8KB4ckeIXmpHNQw"]},{"@type":"Person","@id":"https:\/\/liquencentroculturalvillarrica.cl\/#\/schema\/person\/427d9157415d981616abe41a49543f36","name":"Liquen","image":{"@type":"ImageObject","inLanguage":"es","@id":"https:\/\/liquencentroculturalvillarrica.cl\/#\/schema\/person\/image\/","url":"https:\/\/secure.gravatar.com\/avatar\/c3433ef77dd4f91e7fede9f9521759ea33f87a092b5c394a0ba9665a3c4341f7?s=96&d=mm&r=g","contentUrl":"https:\/\/secure.gravatar.com\/avatar\/c3433ef77dd4f91e7fede9f9521759ea33f87a092b5c394a0ba9665a3c4341f7?s=96&d=mm&r=g","caption":"Liquen"},"sameAs":["http:\/\/liquencentroculturalvillarrica.cl"],"url":"https:\/\/liquencentroculturalvillarrica.cl\/?author=1"}]}},"featured_image_src":"https:\/\/liquencentroculturalvillarrica.cl\/wp-content\/uploads\/2026\/03\/Fondo-Web-600x400.jpg","featured_image_src_square":"https:\/\/liquencentroculturalvillarrica.cl\/wp-content\/uploads\/2026\/03\/Fondo-Web-600x600.jpg","author_info":{"display_name":"Liquen","author_link":"https:\/\/liquencentroculturalvillarrica.cl\/?author=1"},"_links":{"self":[{"href":"https:\/\/liquencentroculturalvillarrica.cl\/index.php?rest_route=\/wp\/v2\/posts\/4438","targetHints":{"allow":["GET"]}}],"collection":[{"href":"https:\/\/liquencentroculturalvillarrica.cl\/index.php?rest_route=\/wp\/v2\/posts"}],"about":[{"href":"https:\/\/liquencentroculturalvillarrica.cl\/index.php?rest_route=\/wp\/v2\/types\/post"}],"author":[{"embeddable":true,"href":"https:\/\/liquencentroculturalvillarrica.cl\/index.php?rest_route=\/wp\/v2\/users\/1"}],"replies":[{"embeddable":true,"href":"https:\/\/liquencentroculturalvillarrica.cl\/index.php?rest_route=%2Fwp%2Fv2%2Fcomments&post=4438"}],"version-history":[{"count":1,"href":"https:\/\/liquencentroculturalvillarrica.cl\/index.php?rest_route=\/wp\/v2\/posts\/4438\/revisions"}],"predecessor-version":[{"id":4439,"href":"https:\/\/liquencentroculturalvillarrica.cl\/index.php?rest_route=\/wp\/v2\/posts\/4438\/revisions\/4439"}],"wp:featuredmedia":[{"embeddable":true,"href":"https:\/\/liquencentroculturalvillarrica.cl\/index.php?rest_route=\/wp\/v2\/media\/4397"}],"wp:attachment":[{"href":"https:\/\/liquencentroculturalvillarrica.cl\/index.php?rest_route=%2Fwp%2Fv2%2Fmedia&parent=4438"}],"wp:term":[{"taxonomy":"category","embeddable":true,"href":"https:\/\/liquencentroculturalvillarrica.cl\/index.php?rest_route=%2Fwp%2Fv2%2Fcategories&post=4438"},{"taxonomy":"post_tag","embeddable":true,"href":"https:\/\/liquencentroculturalvillarrica.cl\/index.php?rest_route=%2Fwp%2Fv2%2Ftags&post=4438"}],"curies":[{"name":"wp","href":"https:\/\/api.w.org\/{rel}","templated":true}]}}