{"id":4406,"date":"2026-03-02T20:48:58","date_gmt":"2026-03-02T20:48:58","guid":{"rendered":"https:\/\/liquencentroculturalvillarrica.cl\/?p=4406"},"modified":"2026-03-02T21:05:25","modified_gmt":"2026-03-02T21:05:25","slug":"talleres-culturales-de-verano","status":"publish","type":"post","link":"https:\/\/liquencentroculturalvillarrica.cl\/?p=4406","title":{"rendered":"CERRARON TALLERES\u00a0 CULTURALES DE VERANO Y EVALUARON POSITIVAMENTE LA TEMPORADA EN LIQUEN CENTRO CULTURAL DE VILLARRICA"},"content":{"rendered":"\n<p><em>Recientemente se realiz\u00f3 el cierre de los talleres de verano en Liquen Centro Cultural Municipal de Villarrica, actividad liderada por el alcalde de Villarrica Pablo Astete quien fue el encargado de entregar sus certificados de participaci\u00f3n a m\u00e1s de medio centenar de participantes en las cuatro disciplinas que se impartieron.<\/em><\/p>\n\n\n\n<p>Los talleres formaron parte del programa cultural de verano en la comuna del lago y volc\u00e1n, que esta temporada estival evidenci\u00f3 su trabajo con una apretada agenda de espect\u00e1culos de toda naturaleza programada por&nbsp; la Oficina de Cultura Municipal y el Liquen Centro Cultural donde se desarrollaron durante todo el verano, talleres, presentaciones variadas como danza, teatro, m\u00fasica, arte circense, t\u00edteres, cine, etc.<\/p>\n\n\n\n<div class=\"wp-block-stackable-carousel stk-block-carousel stk--is-slide stk--arrows-justify-space-between stk--arrows-align-center stk-block stk-1778688\" data-slides-to-show=\"\" data-block-id=\"1778688\"><style>.stk-1778688 {align-items:center !important;display:flex !important;}<\/style><div class=\"stk-block-carousel__content-wrapper\"><div class=\"stk-row stk-inner-blocks has-text-align-center stk-block-content stk-block-carousel__slider-wrapper stk-content-align stk-1778688-column\"><div class=\"stk-block-carousel__slider\" role=\"list\" data-autoplay=\"4000\" data-label-slide-of=\"Slide %%d of %%d\" tabindex=\"0\">\n<div class=\"wp-block-stackable-column stk-block-column stk-column stk-block stk-71553f2\" data-v=\"4\" data-block-id=\"71553f2\"><style>.stk-71553f2-inner-blocks{align-items:center !important;}<\/style><div class=\"stk-column-wrapper stk-block-column__content stk-container stk-71553f2-container stk--no-background stk--no-padding\"><div class=\"stk--block-horizontal-flex stk--column-flex stk-block-content stk-inner-blocks stk-71553f2-inner-blocks\">\n<figure class=\"wp-block-image size-large\"><img loading=\"lazy\" decoding=\"async\" width=\"1024\" height=\"576\" src=\"https:\/\/liquencentroculturalvillarrica.cl\/wp-content\/uploads\/2026\/03\/1770665953769-1024x576.jpg\" alt=\"\" class=\"wp-image-4407\" srcset=\"https:\/\/liquencentroculturalvillarrica.cl\/wp-content\/uploads\/2026\/03\/1770665953769-1024x576.jpg 1024w, https:\/\/liquencentroculturalvillarrica.cl\/wp-content\/uploads\/2026\/03\/1770665953769-300x169.jpg 300w, https:\/\/liquencentroculturalvillarrica.cl\/wp-content\/uploads\/2026\/03\/1770665953769-768x432.jpg 768w, https:\/\/liquencentroculturalvillarrica.cl\/wp-content\/uploads\/2026\/03\/1770665953769-1536x864.jpg 1536w, https:\/\/liquencentroculturalvillarrica.cl\/wp-content\/uploads\/2026\/03\/1770665953769-2048x1152.jpg 2048w\" sizes=\"auto, (max-width: 1024px) 100vw, 1024px\" \/><\/figure>\n<\/div><\/div><\/div>\n\n\n\n<div class=\"wp-block-stackable-column stk-block-column stk-column stk-block stk-5bd3b79\" data-v=\"4\" data-block-id=\"5bd3b79\"><style>.stk-5bd3b79-inner-blocks{align-items:center !important;}<\/style><div class=\"stk-column-wrapper stk-block-column__content stk-container stk-5bd3b79-container stk--no-background stk--no-padding\"><div class=\"stk--block-horizontal-flex stk--column-flex stk-block-content stk-inner-blocks stk-5bd3b79-inner-blocks\">\n<figure class=\"wp-block-image size-full is-resized\"><img loading=\"lazy\" decoding=\"async\" width=\"720\" height=\"1600\" src=\"https:\/\/liquencentroculturalvillarrica.cl\/wp-content\/uploads\/2026\/03\/WhatsApp-Image-2026-02-24-at-10.42.00-AM.jpeg\" alt=\"\" class=\"wp-image-4409\" style=\"aspect-ratio:3\/4;object-fit:cover;width:435px;height:auto\" srcset=\"https:\/\/liquencentroculturalvillarrica.cl\/wp-content\/uploads\/2026\/03\/WhatsApp-Image-2026-02-24-at-10.42.00-AM.jpeg 720w, https:\/\/liquencentroculturalvillarrica.cl\/wp-content\/uploads\/2026\/03\/WhatsApp-Image-2026-02-24-at-10.42.00-AM-135x300.jpeg 135w, https:\/\/liquencentroculturalvillarrica.cl\/wp-content\/uploads\/2026\/03\/WhatsApp-Image-2026-02-24-at-10.42.00-AM-461x1024.jpeg 461w, https:\/\/liquencentroculturalvillarrica.cl\/wp-content\/uploads\/2026\/03\/WhatsApp-Image-2026-02-24-at-10.42.00-AM-691x1536.jpeg 691w\" sizes=\"auto, (max-width: 720px) 100vw, 720px\" \/><\/figure>\n<\/div><\/div><\/div>\n\n\n\n<div class=\"wp-block-stackable-column stk-block-column stk-column stk-block stk-3ee2a33\" data-v=\"4\" data-block-id=\"3ee2a33\"><style>.stk-3ee2a33-inner-blocks{align-items:center !important;}<\/style><div class=\"stk-column-wrapper stk-block-column__content stk-container stk-3ee2a33-container stk--no-background stk--no-padding\"><div class=\"stk--block-horizontal-flex stk--column-flex stk-block-content stk-inner-blocks stk-3ee2a33-inner-blocks\">\n<figure class=\"wp-block-image alignwide size-full\"><img loading=\"lazy\" decoding=\"async\" width=\"1500\" height=\"1125\" src=\"https:\/\/liquencentroculturalvillarrica.cl\/wp-content\/uploads\/2026\/03\/1770153553358.jpg\" alt=\"\" class=\"wp-image-4410\" srcset=\"https:\/\/liquencentroculturalvillarrica.cl\/wp-content\/uploads\/2026\/03\/1770153553358.jpg 1500w, https:\/\/liquencentroculturalvillarrica.cl\/wp-content\/uploads\/2026\/03\/1770153553358-300x225.jpg 300w, https:\/\/liquencentroculturalvillarrica.cl\/wp-content\/uploads\/2026\/03\/1770153553358-1024x768.jpg 1024w, https:\/\/liquencentroculturalvillarrica.cl\/wp-content\/uploads\/2026\/03\/1770153553358-768x576.jpg 768w\" sizes=\"auto, (max-width: 1500px) 100vw, 1500px\" \/><\/figure>\n<\/div><\/div><\/div>\n\n\n\n<div class=\"wp-block-stackable-column stk-block-column stk-column stk-block stk-e6ee68a\" data-v=\"4\" data-block-id=\"e6ee68a\"><style>.stk-e6ee68a-inner-blocks{align-items:center !important;}<\/style><div class=\"stk-column-wrapper stk-block-column__content stk-container stk-e6ee68a-container stk--no-background stk--no-padding\"><div class=\"stk--block-horizontal-flex stk--column-flex stk-block-content stk-inner-blocks stk-e6ee68a-inner-blocks\">\n<figure class=\"wp-block-image size-full\"><img loading=\"lazy\" decoding=\"async\" width=\"2560\" height=\"1440\" src=\"https:\/\/liquencentroculturalvillarrica.cl\/wp-content\/uploads\/2026\/03\/1770665953756-scaled.jpg\" alt=\"\" class=\"wp-image-4427\" srcset=\"https:\/\/liquencentroculturalvillarrica.cl\/wp-content\/uploads\/2026\/03\/1770665953756-scaled.jpg 2560w, https:\/\/liquencentroculturalvillarrica.cl\/wp-content\/uploads\/2026\/03\/1770665953756-300x169.jpg 300w, https:\/\/liquencentroculturalvillarrica.cl\/wp-content\/uploads\/2026\/03\/1770665953756-1024x576.jpg 1024w, https:\/\/liquencentroculturalvillarrica.cl\/wp-content\/uploads\/2026\/03\/1770665953756-768x432.jpg 768w, https:\/\/liquencentroculturalvillarrica.cl\/wp-content\/uploads\/2026\/03\/1770665953756-1536x864.jpg 1536w, https:\/\/liquencentroculturalvillarrica.cl\/wp-content\/uploads\/2026\/03\/1770665953756-2048x1152.jpg 2048w\" sizes=\"auto, (max-width: 2560px) 100vw, 2560px\" \/><\/figure>\n<\/div><\/div><\/div>\n\n\n\n<div class=\"wp-block-stackable-column stk-block-column stk-column stk-block stk-9b46357\" data-v=\"4\" data-block-id=\"9b46357\"><style>.stk-9b46357-inner-blocks{align-items:center !important;}<\/style><div class=\"stk-column-wrapper stk-block-column__content stk-container stk-9b46357-container stk--no-background stk--no-padding\"><div class=\"stk--block-horizontal-flex stk--column-flex stk-block-content stk-inner-blocks stk-9b46357-inner-blocks\">\n<figure class=\"wp-block-image size-full is-resized\"><img loading=\"lazy\" decoding=\"async\" width=\"720\" height=\"1600\" src=\"https:\/\/liquencentroculturalvillarrica.cl\/wp-content\/uploads\/2026\/03\/WhatsApp-Image-2026-02-24-at-10.42.16-AM.jpeg\" alt=\"\" class=\"wp-image-4429\" style=\"aspect-ratio:0.75;object-fit:cover;width:448px;height:auto\" srcset=\"https:\/\/liquencentroculturalvillarrica.cl\/wp-content\/uploads\/2026\/03\/WhatsApp-Image-2026-02-24-at-10.42.16-AM.jpeg 720w, https:\/\/liquencentroculturalvillarrica.cl\/wp-content\/uploads\/2026\/03\/WhatsApp-Image-2026-02-24-at-10.42.16-AM-135x300.jpeg 135w, https:\/\/liquencentroculturalvillarrica.cl\/wp-content\/uploads\/2026\/03\/WhatsApp-Image-2026-02-24-at-10.42.16-AM-461x1024.jpeg 461w, https:\/\/liquencentroculturalvillarrica.cl\/wp-content\/uploads\/2026\/03\/WhatsApp-Image-2026-02-24-at-10.42.16-AM-691x1536.jpeg 691w\" sizes=\"auto, (max-width: 720px) 100vw, 720px\" \/><\/figure>\n<\/div><\/div><\/div>\n\n\n\n<div class=\"wp-block-stackable-column stk-block-column stk-column stk-block stk-d12204f\" data-v=\"4\" data-block-id=\"d12204f\"><style>.stk-d12204f-inner-blocks{align-items:center !important;}<\/style><div class=\"stk-column-wrapper stk-block-column__content stk-container stk-d12204f-container stk--no-background stk--no-padding\"><div class=\"stk--block-horizontal-flex stk--column-flex stk-block-content stk-inner-blocks stk-d12204f-inner-blocks\">\n<figure class=\"wp-block-image size-full is-resized\"><img loading=\"lazy\" decoding=\"async\" width=\"1125\" height=\"1500\" src=\"https:\/\/liquencentroculturalvillarrica.cl\/wp-content\/uploads\/2026\/03\/1770153553311.jpg\" alt=\"\" class=\"wp-image-4431\" style=\"object-fit:cover;width:505px;height:auto\" srcset=\"https:\/\/liquencentroculturalvillarrica.cl\/wp-content\/uploads\/2026\/03\/1770153553311.jpg 1125w, https:\/\/liquencentroculturalvillarrica.cl\/wp-content\/uploads\/2026\/03\/1770153553311-225x300.jpg 225w, https:\/\/liquencentroculturalvillarrica.cl\/wp-content\/uploads\/2026\/03\/1770153553311-768x1024.jpg 768w\" sizes=\"auto, (max-width: 1125px) 100vw, 1125px\" \/><\/figure>\n<\/div><\/div><\/div>\n<\/div><div class=\"stk-block-carousel__buttons\"><button class=\"stk-block-carousel__button stk-block-carousel__button__prev\" aria-label=\"Previous slide\"><svg aria-hidden=\"true\" focusable=\"false\" data-prefix=\"fas\" data-icon=\"chevron-left\" class=\"svg-inline--fa fa-chevron-left\" xmlns=\"http:\/\/www.w3.org\/2000\/svg\" viewBox=\"0 0 320 512\" width=\"32\" height=\"32\"><path d=\"M34.52 239.03L228.87 44.69c9.37-9.37 24.57-9.37 33.94 0l22.67 22.67c9.36 9.36 9.37 24.52.04 33.9L131.49 256l154.02 154.75c9.34 9.38 9.32 24.54-.04 33.9l-22.67 22.67c-9.37 9.37-24.57 9.37-33.94 0L34.52 272.97c-9.37-9.37-9.37-24.57 0-33.94z\"><\/path><\/svg><\/button><button class=\"stk-block-carousel__button stk-block-carousel__button__next\" aria-label=\"Next slide\"><svg aria-hidden=\"true\" focusable=\"false\" data-prefix=\"fas\" data-icon=\"chevron-right\" class=\"svg-inline--fa fa-chevron-right\" xmlns=\"http:\/\/www.w3.org\/2000\/svg\" viewBox=\"0 0 320 512\" width=\"32\" height=\"32\"><path d=\"M285.476 272.971L91.132 467.314c-9.373 9.373-24.569 9.373-33.941 0l-22.667-22.667c-9.357-9.357-9.375-24.522-.04-33.901L188.505 256 34.484 101.255c-9.335-9.379-9.317-24.544.04-33.901l22.667-22.667c9.373-9.373 24.569-9.373 33.941 0L285.475 239.03c9.373 9.372 9.373 24.568.001 33.941z\"><\/path><\/svg><\/button><\/div><\/div><div class=\"stk-block-carousel__dots\" role=\"list\" data-label=\"Slide %%d\"><\/div><\/div><\/div>\n\n\n\n<p>&nbsp;&nbsp;&nbsp;&nbsp;&nbsp;&nbsp;&nbsp;&nbsp;&nbsp;&nbsp;&nbsp; Con una abultada asistencia de p\u00fablico entre talleristas,&nbsp; familiares monitores y p\u00fablico en general que quiso ser parte de esta ceremonia de cierre, se desarroll\u00f3 la certificaci\u00f3n de los participantes de estos talleres que los mantuvieron ocupados en generar cultura durante el verano 2026 en dependencias de Liquen.<\/p>\n\n\n\n<p>&nbsp;&nbsp;&nbsp;&nbsp;&nbsp;&nbsp;&nbsp;&nbsp;&nbsp;&nbsp;&nbsp; El Director del Centro Cultural Sebastian Henriquez, se manifest\u00f3 conforme con la respuesta de los usuarios, en los cuatro talleres impartidos desde la primera semana de enero hasta la mitad de febrero \u201cContamos con un capital de confianza en la comunidad que queremos conservar, la respuesta a participar en nuestras actividades es siempre buena, nos preocupamos por conocer los intereses de los usuarios y alinearlos con los objetivos estrat\u00e9gicos planificados por nosotros los que cuentan con la venia del municipio y su alcalde Pablo Astete\u201d&nbsp; razones por las cuales explic\u00f3 el directivo que el cierre fue consecuente con el desarrollo de los talleres que contaron con la asistencia de casi un cien por ciento de los inscritos en la primera semana de enero.<\/p>\n\n\n\n<p>&nbsp;&nbsp;&nbsp;&nbsp;&nbsp;&nbsp;&nbsp;&nbsp;&nbsp;&nbsp;&nbsp; Liquen una vez m\u00e1s pudo mostrar la generaci\u00f3n de cultura de las m\u00e1s variadas gamas, donde adem\u00e1s de los talleres continuaron los espect\u00e1culos durante todo el verano, entre presentaciones y galas de danza, m\u00fasica, espect\u00e1culos al aire libre como lo fueron las presentaciones en el frontis municipal, como en Lican Ray y en la Terraza Liquen todo esto con el premio al esfuerzo que es la participaci\u00f3n ciudadana, que al parecer en las actividades que organiza Liquen, est\u00e1n garantizadas.<\/p>\n\n\n\n<div class=\"wp-block-stackable-carousel stk-block-carousel stk--is-slide stk--infinite-scroll stk--arrows-justify-space-between stk--arrows-align-center stk-block stk-0694297\" data-slides-to-show=\"\" data-block-id=\"0694297\"><style>.stk-0694297 {--gap:21px !important;min-height:var(--stk--preset--block-height--none, 0px) !important;align-items:center !important;max-width:720px !important;min-width:auto !important;margin-right:auto !important;margin-left:auto !important;display:flex !important;}<\/style><div class=\"stk-block-carousel__content-wrapper\"><div class=\"stk-row stk-inner-blocks has-text-align-center stk-block-content stk-block-carousel__slider-wrapper stk-content-align stk-0694297-column\"><div class=\"stk-block-carousel__slider\" role=\"list\" data-autoplay=\"4000\" data-label-slide-of=\"Slide %%d of %%d\" tabindex=\"0\">\n<div class=\"wp-block-stackable-column stk-block-column stk-column stk-block stk-40d267b\" data-v=\"4\" data-block-id=\"40d267b\"><style>.stk-40d267b-inner-blocks{align-items:center !important;}<\/style><div class=\"stk-column-wrapper stk-block-column__content stk-container stk-40d267b-container stk--no-background stk--no-padding\"><div class=\"stk--block-horizontal-flex stk--column-flex stk-block-content stk-inner-blocks stk-40d267b-inner-blocks\">\n<figure class=\"wp-block-image size-full\"><img loading=\"lazy\" decoding=\"async\" width=\"1920\" height=\"1080\" src=\"https:\/\/liquencentroculturalvillarrica.cl\/wp-content\/uploads\/2026\/03\/Captura-de-pantalla-2026-03-02-172547.png\" alt=\"\" class=\"wp-image-4420\" srcset=\"https:\/\/liquencentroculturalvillarrica.cl\/wp-content\/uploads\/2026\/03\/Captura-de-pantalla-2026-03-02-172547.png 1920w, https:\/\/liquencentroculturalvillarrica.cl\/wp-content\/uploads\/2026\/03\/Captura-de-pantalla-2026-03-02-172547-300x169.png 300w, https:\/\/liquencentroculturalvillarrica.cl\/wp-content\/uploads\/2026\/03\/Captura-de-pantalla-2026-03-02-172547-1024x576.png 1024w, https:\/\/liquencentroculturalvillarrica.cl\/wp-content\/uploads\/2026\/03\/Captura-de-pantalla-2026-03-02-172547-768x432.png 768w, https:\/\/liquencentroculturalvillarrica.cl\/wp-content\/uploads\/2026\/03\/Captura-de-pantalla-2026-03-02-172547-1536x864.png 1536w\" sizes=\"auto, (max-width: 1920px) 100vw, 1920px\" \/><\/figure>\n<\/div><\/div><\/div>\n\n\n\n<div class=\"wp-block-stackable-column stk-block-column stk-column stk-block stk-dac62e2\" data-v=\"4\" data-block-id=\"dac62e2\"><style>.stk-dac62e2-inner-blocks{align-items:center !important;}<\/style><div class=\"stk-column-wrapper stk-block-column__content stk-container stk-dac62e2-container stk--no-background stk--no-padding\"><div class=\"stk--block-horizontal-flex stk--column-flex stk-block-content stk-inner-blocks stk-dac62e2-inner-blocks\">\n<figure class=\"wp-block-image size-full\"><img loading=\"lazy\" decoding=\"async\" width=\"1920\" height=\"1080\" src=\"https:\/\/liquencentroculturalvillarrica.cl\/wp-content\/uploads\/2026\/03\/Captura-de-pantalla-2026-03-02-172627.png\" alt=\"\" class=\"wp-image-4419\" srcset=\"https:\/\/liquencentroculturalvillarrica.cl\/wp-content\/uploads\/2026\/03\/Captura-de-pantalla-2026-03-02-172627.png 1920w, https:\/\/liquencentroculturalvillarrica.cl\/wp-content\/uploads\/2026\/03\/Captura-de-pantalla-2026-03-02-172627-300x169.png 300w, https:\/\/liquencentroculturalvillarrica.cl\/wp-content\/uploads\/2026\/03\/Captura-de-pantalla-2026-03-02-172627-1024x576.png 1024w, https:\/\/liquencentroculturalvillarrica.cl\/wp-content\/uploads\/2026\/03\/Captura-de-pantalla-2026-03-02-172627-768x432.png 768w, https:\/\/liquencentroculturalvillarrica.cl\/wp-content\/uploads\/2026\/03\/Captura-de-pantalla-2026-03-02-172627-1536x864.png 1536w\" sizes=\"auto, (max-width: 1920px) 100vw, 1920px\" \/><\/figure>\n<\/div><\/div><\/div>\n\n\n\n<div class=\"wp-block-stackable-column stk-block-column stk-column stk-block stk-6b77684\" data-v=\"4\" data-block-id=\"6b77684\"><style>.stk-6b77684-inner-blocks{align-items:center !important;}<\/style><div class=\"stk-column-wrapper stk-block-column__content stk-container stk-6b77684-container stk--no-background stk--no-padding\"><div class=\"stk--block-horizontal-flex stk--column-flex stk-block-content stk-inner-blocks stk-6b77684-inner-blocks\">\n<figure class=\"wp-block-image size-full\"><img loading=\"lazy\" decoding=\"async\" width=\"1920\" height=\"1080\" src=\"https:\/\/liquencentroculturalvillarrica.cl\/wp-content\/uploads\/2026\/03\/Captura-de-pantalla-2026-03-02-172653.png\" alt=\"\" class=\"wp-image-4418\" srcset=\"https:\/\/liquencentroculturalvillarrica.cl\/wp-content\/uploads\/2026\/03\/Captura-de-pantalla-2026-03-02-172653.png 1920w, https:\/\/liquencentroculturalvillarrica.cl\/wp-content\/uploads\/2026\/03\/Captura-de-pantalla-2026-03-02-172653-300x169.png 300w, https:\/\/liquencentroculturalvillarrica.cl\/wp-content\/uploads\/2026\/03\/Captura-de-pantalla-2026-03-02-172653-1024x576.png 1024w, https:\/\/liquencentroculturalvillarrica.cl\/wp-content\/uploads\/2026\/03\/Captura-de-pantalla-2026-03-02-172653-768x432.png 768w, https:\/\/liquencentroculturalvillarrica.cl\/wp-content\/uploads\/2026\/03\/Captura-de-pantalla-2026-03-02-172653-1536x864.png 1536w\" sizes=\"auto, (max-width: 1920px) 100vw, 1920px\" \/><\/figure>\n<\/div><\/div><\/div>\n\n\n\n<div class=\"wp-block-stackable-column stk-block-column stk-column stk-block stk-5a85a26\" data-v=\"4\" data-block-id=\"5a85a26\"><style>.stk-5a85a26-inner-blocks{align-items:center !important;}<\/style><div class=\"stk-column-wrapper stk-block-column__content stk-container stk-5a85a26-container stk--no-background stk--no-padding\"><div class=\"stk--block-horizontal-flex stk--column-flex stk-block-content stk-inner-blocks stk-5a85a26-inner-blocks\">\n<figure class=\"wp-block-image size-full\"><img loading=\"lazy\" decoding=\"async\" width=\"1280\" height=\"720\" src=\"https:\/\/liquencentroculturalvillarrica.cl\/wp-content\/uploads\/2026\/03\/WhatsApp-Image-2026-02-24-at-10.35.28-AM.jpeg\" alt=\"\" class=\"wp-image-4417\" srcset=\"https:\/\/liquencentroculturalvillarrica.cl\/wp-content\/uploads\/2026\/03\/WhatsApp-Image-2026-02-24-at-10.35.28-AM.jpeg 1280w, https:\/\/liquencentroculturalvillarrica.cl\/wp-content\/uploads\/2026\/03\/WhatsApp-Image-2026-02-24-at-10.35.28-AM-300x169.jpeg 300w, https:\/\/liquencentroculturalvillarrica.cl\/wp-content\/uploads\/2026\/03\/WhatsApp-Image-2026-02-24-at-10.35.28-AM-1024x576.jpeg 1024w, https:\/\/liquencentroculturalvillarrica.cl\/wp-content\/uploads\/2026\/03\/WhatsApp-Image-2026-02-24-at-10.35.28-AM-768x432.jpeg 768w\" sizes=\"auto, (max-width: 1280px) 100vw, 1280px\" \/><\/figure>\n<\/div><\/div><\/div>\n\n\n\n<div class=\"wp-block-stackable-column stk-block-column stk-column stk-block stk-154477d\" data-v=\"4\" data-block-id=\"154477d\"><style>.stk-154477d-inner-blocks{align-items:center !important;}<\/style><div class=\"stk-column-wrapper stk-block-column__content stk-container stk-154477d-container stk--no-background stk--no-padding\"><div class=\"stk--block-horizontal-flex stk--column-flex stk-block-content stk-inner-blocks stk-154477d-inner-blocks\">\n<figure class=\"wp-block-image size-full\"><img loading=\"lazy\" decoding=\"async\" width=\"1280\" height=\"720\" src=\"https:\/\/liquencentroculturalvillarrica.cl\/wp-content\/uploads\/2026\/03\/WhatsApp-Image-2026-02-24-at-10.36.52-AM.jpeg\" alt=\"\" class=\"wp-image-4416\" srcset=\"https:\/\/liquencentroculturalvillarrica.cl\/wp-content\/uploads\/2026\/03\/WhatsApp-Image-2026-02-24-at-10.36.52-AM.jpeg 1280w, https:\/\/liquencentroculturalvillarrica.cl\/wp-content\/uploads\/2026\/03\/WhatsApp-Image-2026-02-24-at-10.36.52-AM-300x169.jpeg 300w, https:\/\/liquencentroculturalvillarrica.cl\/wp-content\/uploads\/2026\/03\/WhatsApp-Image-2026-02-24-at-10.36.52-AM-1024x576.jpeg 1024w, https:\/\/liquencentroculturalvillarrica.cl\/wp-content\/uploads\/2026\/03\/WhatsApp-Image-2026-02-24-at-10.36.52-AM-768x432.jpeg 768w\" sizes=\"auto, (max-width: 1280px) 100vw, 1280px\" \/><\/figure>\n<\/div><\/div><\/div>\n\n\n\n<div class=\"wp-block-stackable-column stk-block-column stk-column stk-block stk-7a05237\" data-v=\"4\" data-block-id=\"7a05237\"><style>.stk-7a05237-inner-blocks{align-items:center !important;}<\/style><div class=\"stk-column-wrapper stk-block-column__content stk-container stk-7a05237-container stk--no-background stk--no-padding\"><div class=\"stk--block-horizontal-flex stk--column-flex stk-block-content stk-inner-blocks stk-7a05237-inner-blocks\">\n<figure class=\"wp-block-image size-full\"><img loading=\"lazy\" decoding=\"async\" width=\"1280\" height=\"720\" src=\"https:\/\/liquencentroculturalvillarrica.cl\/wp-content\/uploads\/2026\/03\/WhatsApp-Image-2026-02-24-at-10.36.52-AM-1.jpeg\" alt=\"\" class=\"wp-image-4415\" srcset=\"https:\/\/liquencentroculturalvillarrica.cl\/wp-content\/uploads\/2026\/03\/WhatsApp-Image-2026-02-24-at-10.36.52-AM-1.jpeg 1280w, https:\/\/liquencentroculturalvillarrica.cl\/wp-content\/uploads\/2026\/03\/WhatsApp-Image-2026-02-24-at-10.36.52-AM-1-300x169.jpeg 300w, https:\/\/liquencentroculturalvillarrica.cl\/wp-content\/uploads\/2026\/03\/WhatsApp-Image-2026-02-24-at-10.36.52-AM-1-1024x576.jpeg 1024w, https:\/\/liquencentroculturalvillarrica.cl\/wp-content\/uploads\/2026\/03\/WhatsApp-Image-2026-02-24-at-10.36.52-AM-1-768x432.jpeg 768w\" sizes=\"auto, (max-width: 1280px) 100vw, 1280px\" \/><\/figure>\n<\/div><\/div><\/div>\n\n\n\n<div class=\"wp-block-stackable-column stk-block-column stk-column stk-block stk-8556fa0\" data-v=\"4\" data-block-id=\"8556fa0\"><style>.stk-8556fa0-inner-blocks{align-items:center !important;}<\/style><div class=\"stk-column-wrapper stk-block-column__content stk-container stk-8556fa0-container stk--no-background stk--no-padding\"><div class=\"stk--block-horizontal-flex stk--column-flex stk-block-content stk-inner-blocks stk-8556fa0-inner-blocks\">\n<figure class=\"wp-block-image size-full\"><img loading=\"lazy\" decoding=\"async\" width=\"1280\" height=\"720\" src=\"https:\/\/liquencentroculturalvillarrica.cl\/wp-content\/uploads\/2026\/03\/WhatsApp-Image-2026-02-24-at-10.35.27-AM.jpeg\" alt=\"\" class=\"wp-image-4414\" srcset=\"https:\/\/liquencentroculturalvillarrica.cl\/wp-content\/uploads\/2026\/03\/WhatsApp-Image-2026-02-24-at-10.35.27-AM.jpeg 1280w, https:\/\/liquencentroculturalvillarrica.cl\/wp-content\/uploads\/2026\/03\/WhatsApp-Image-2026-02-24-at-10.35.27-AM-300x169.jpeg 300w, https:\/\/liquencentroculturalvillarrica.cl\/wp-content\/uploads\/2026\/03\/WhatsApp-Image-2026-02-24-at-10.35.27-AM-1024x576.jpeg 1024w, https:\/\/liquencentroculturalvillarrica.cl\/wp-content\/uploads\/2026\/03\/WhatsApp-Image-2026-02-24-at-10.35.27-AM-768x432.jpeg 768w\" sizes=\"auto, (max-width: 1280px) 100vw, 1280px\" \/><\/figure>\n<\/div><\/div><\/div>\n\n\n\n<div class=\"wp-block-stackable-column stk-block-column stk-column stk-block stk-b6ac4ca\" data-v=\"4\" data-block-id=\"b6ac4ca\"><style>.stk-b6ac4ca-inner-blocks{align-items:center !important;}<\/style><div class=\"stk-column-wrapper stk-block-column__content stk-container stk-b6ac4ca-container stk--no-background stk--no-padding\"><div class=\"stk--block-horizontal-flex stk--column-flex stk-block-content stk-inner-blocks stk-b6ac4ca-inner-blocks\">\n<figure class=\"wp-block-image size-full is-resized\"><img loading=\"lazy\" decoding=\"async\" width=\"720\" height=\"1600\" src=\"https:\/\/liquencentroculturalvillarrica.cl\/wp-content\/uploads\/2026\/03\/WhatsApp-Image-2026-01-29-at-1.02.15-PM.jpeg\" alt=\"\" class=\"wp-image-4413\" style=\"aspect-ratio:0.75;object-fit:cover;width:480px;height:auto\" srcset=\"https:\/\/liquencentroculturalvillarrica.cl\/wp-content\/uploads\/2026\/03\/WhatsApp-Image-2026-01-29-at-1.02.15-PM.jpeg 720w, https:\/\/liquencentroculturalvillarrica.cl\/wp-content\/uploads\/2026\/03\/WhatsApp-Image-2026-01-29-at-1.02.15-PM-135x300.jpeg 135w, https:\/\/liquencentroculturalvillarrica.cl\/wp-content\/uploads\/2026\/03\/WhatsApp-Image-2026-01-29-at-1.02.15-PM-461x1024.jpeg 461w, https:\/\/liquencentroculturalvillarrica.cl\/wp-content\/uploads\/2026\/03\/WhatsApp-Image-2026-01-29-at-1.02.15-PM-691x1536.jpeg 691w\" sizes=\"auto, (max-width: 720px) 100vw, 720px\" \/><\/figure>\n<\/div><\/div><\/div>\n\n\n\n<div class=\"wp-block-stackable-column stk-block-column stk-column stk-block stk-3a65653\" data-v=\"4\" data-block-id=\"3a65653\"><style>.stk-3a65653-inner-blocks{align-items:center !important;}<\/style><div class=\"stk-column-wrapper stk-block-column__content stk-container stk-3a65653-container stk--no-background stk--no-padding\"><div class=\"stk--block-horizontal-flex stk--column-flex stk-block-content stk-inner-blocks stk-3a65653-inner-blocks\">\n<figure class=\"wp-block-image size-full is-resized\"><img loading=\"lazy\" decoding=\"async\" width=\"720\" height=\"1600\" src=\"https:\/\/liquencentroculturalvillarrica.cl\/wp-content\/uploads\/2026\/03\/WhatsApp-Image-2026-01-29-at-1.02.15-PM-1.jpeg\" alt=\"\" class=\"wp-image-4412\" style=\"aspect-ratio:0.75;object-fit:cover;width:489px;height:auto\" srcset=\"https:\/\/liquencentroculturalvillarrica.cl\/wp-content\/uploads\/2026\/03\/WhatsApp-Image-2026-01-29-at-1.02.15-PM-1.jpeg 720w, https:\/\/liquencentroculturalvillarrica.cl\/wp-content\/uploads\/2026\/03\/WhatsApp-Image-2026-01-29-at-1.02.15-PM-1-135x300.jpeg 135w, https:\/\/liquencentroculturalvillarrica.cl\/wp-content\/uploads\/2026\/03\/WhatsApp-Image-2026-01-29-at-1.02.15-PM-1-461x1024.jpeg 461w, https:\/\/liquencentroculturalvillarrica.cl\/wp-content\/uploads\/2026\/03\/WhatsApp-Image-2026-01-29-at-1.02.15-PM-1-691x1536.jpeg 691w\" sizes=\"auto, (max-width: 720px) 100vw, 720px\" \/><\/figure>\n<\/div><\/div><\/div>\n\n\n\n<div class=\"wp-block-stackable-column stk-block-column stk-column stk-block stk-7b75a22\" data-v=\"4\" data-block-id=\"7b75a22\"><style>.stk-7b75a22 {align-self:center !important;}.stk-7b75a22-inner-blocks{align-items:center !important;}<\/style><div class=\"stk-column-wrapper stk-block-column__content stk-container stk-7b75a22-container stk--no-background stk--no-padding\"><div class=\"stk--block-horizontal-flex stk--column-flex stk-block-content stk-inner-blocks stk-7b75a22-inner-blocks\">\n<figure class=\"wp-block-image size-full is-resized\"><img loading=\"lazy\" decoding=\"async\" width=\"720\" height=\"1600\" src=\"https:\/\/liquencentroculturalvillarrica.cl\/wp-content\/uploads\/2026\/03\/WhatsApp-Image-2026-01-29-at-1.02.14-PM.jpeg\" alt=\"\" class=\"wp-image-4411\" style=\"aspect-ratio:0.75;object-fit:cover;width:458px;height:auto\" srcset=\"https:\/\/liquencentroculturalvillarrica.cl\/wp-content\/uploads\/2026\/03\/WhatsApp-Image-2026-01-29-at-1.02.14-PM.jpeg 720w, https:\/\/liquencentroculturalvillarrica.cl\/wp-content\/uploads\/2026\/03\/WhatsApp-Image-2026-01-29-at-1.02.14-PM-135x300.jpeg 135w, https:\/\/liquencentroculturalvillarrica.cl\/wp-content\/uploads\/2026\/03\/WhatsApp-Image-2026-01-29-at-1.02.14-PM-461x1024.jpeg 461w, https:\/\/liquencentroculturalvillarrica.cl\/wp-content\/uploads\/2026\/03\/WhatsApp-Image-2026-01-29-at-1.02.14-PM-691x1536.jpeg 691w\" sizes=\"auto, (max-width: 720px) 100vw, 720px\" \/><\/figure>\n<\/div><\/div><\/div>\n<\/div><div class=\"stk-block-carousel__buttons\"><button class=\"stk-block-carousel__button stk-block-carousel__button__prev\" aria-label=\"Previous slide\"><svg aria-hidden=\"true\" focusable=\"false\" data-prefix=\"fas\" data-icon=\"chevron-left\" class=\"svg-inline--fa fa-chevron-left\" xmlns=\"http:\/\/www.w3.org\/2000\/svg\" viewBox=\"0 0 320 512\" width=\"32\" height=\"32\"><path d=\"M34.52 239.03L228.87 44.69c9.37-9.37 24.57-9.37 33.94 0l22.67 22.67c9.36 9.36 9.37 24.52.04 33.9L131.49 256l154.02 154.75c9.34 9.38 9.32 24.54-.04 33.9l-22.67 22.67c-9.37 9.37-24.57 9.37-33.94 0L34.52 272.97c-9.37-9.37-9.37-24.57 0-33.94z\"><\/path><\/svg><\/button><button class=\"stk-block-carousel__button stk-block-carousel__button__next\" aria-label=\"Next slide\"><svg aria-hidden=\"true\" focusable=\"false\" data-prefix=\"fas\" data-icon=\"chevron-right\" class=\"svg-inline--fa fa-chevron-right\" xmlns=\"http:\/\/www.w3.org\/2000\/svg\" viewBox=\"0 0 320 512\" width=\"32\" height=\"32\"><path d=\"M285.476 272.971L91.132 467.314c-9.373 9.373-24.569 9.373-33.941 0l-22.667-22.667c-9.357-9.357-9.375-24.522-.04-33.901L188.505 256 34.484 101.255c-9.335-9.379-9.317-24.544.04-33.901l22.667-22.667c9.373-9.373 24.569-9.373 33.941 0L285.475 239.03c9.373 9.372 9.373 24.568.001 33.941z\"><\/path><\/svg><\/button><\/div><\/div><div class=\"stk-block-carousel__dots\" role=\"list\" data-label=\"Slide %%d\"><\/div><\/div><\/div>\n\n\n\n<p>___________________________________________________<\/p>\n\n\n\n<p>Allan Carrasco Roman &#8211; RRPP Liquen Centro Cultural Municipal<\/p>\n\n\n\n<p>Im\u00e1genes por Alejandro Escobar &#8211; Redes sociales Liquen Centro Cultural<\/p>\n","protected":false},"excerpt":{"rendered":"<p>Recientemente se realiz\u00f3 el cierre de los talleres de verano en Liquen Centro Cultural Municipal de Villarrica, actividad liderada por el alcalde de Villarrica Pablo Astete quien fue el encargado de entregar sus certificados de participaci\u00f3n a m\u00e1s de medio centenar de participantes en las cuatro disciplinas que se impartieron. Los talleres formaron parte del&hellip;&nbsp;<a href=\"https:\/\/liquencentroculturalvillarrica.cl\/?p=4406\" rel=\"bookmark\">Leer m\u00e1s &raquo;<span class=\"screen-reader-text\">CERRARON TALLERES\u00a0 CULTURALES DE VERANO Y EVALUARON POSITIVAMENTE LA TEMPORADA EN LIQUEN CENTRO CULTURAL DE VILLARRICA<\/span><\/a><\/p>\n","protected":false},"author":1,"featured_media":4408,"comment_status":"open","ping_status":"open","sticky":false,"template":"","format":"standard","meta":{"neve_meta_sidebar":"","neve_meta_container":"","neve_meta_enable_content_width":"","neve_meta_content_width":0,"neve_meta_title_alignment":"","neve_meta_author_avatar":"","neve_post_elements_order":"","neve_meta_disable_header":"","neve_meta_disable_footer":"","neve_meta_disable_title":"","footnotes":""},"categories":[5,23],"tags":[63,61,54,59,34,27,73,13,75,58,56],"class_list":["post-4406","post","type-post","status-publish","format-standard","has-post-thumbnail","hentry","category-noticias","category-taller","tag-63","tag-ballroom","tag-boulevard","tag-cabezones","tag-cultura","tag-liquen","tag-multiinstrumental","tag-taller","tag-terraza","tag-verano","tag-villarrica"],"yoast_head":"<!-- This site is optimized with the Yoast SEO plugin v26.7 - https:\/\/yoast.com\/wordpress\/plugins\/seo\/ -->\n<title>CERRARON TALLERES CULTURALES DE VERANO EN LIQUEN<\/title>\n<meta name=\"description\" content=\"CERRARON TALLERES CULTURALES DE VERANO Y EVALUARON POSITIVAMENTE LA TEMPORADA EN LIQUEN CENTRO CULTURAL DE VILLARRICA\" \/>\n<meta name=\"robots\" content=\"index, follow, max-snippet:-1, max-image-preview:large, max-video-preview:-1\" \/>\n<link rel=\"canonical\" href=\"https:\/\/liquencentroculturalvillarrica.cl\/?p=4406\" \/>\n<meta property=\"og:locale\" content=\"es_ES\" \/>\n<meta property=\"og:type\" content=\"article\" \/>\n<meta property=\"og:title\" content=\"CERRARON TALLERES CULTURALES DE VERANO EN LIQUEN\" \/>\n<meta property=\"og:description\" content=\"CERRARON TALLERES CULTURALES DE VERANO Y EVALUARON POSITIVAMENTE LA TEMPORADA EN LIQUEN CENTRO CULTURAL DE VILLARRICA\" \/>\n<meta property=\"og:url\" content=\"https:\/\/liquencentroculturalvillarrica.cl\/?p=4406\" \/>\n<meta property=\"og:site_name\" content=\"Liquen Centro Cultural\" \/>\n<meta property=\"article:publisher\" content=\"https:\/\/www.facebook.com\/profile.php?id=100085283714609\" \/>\n<meta property=\"article:published_time\" content=\"2026-03-02T20:48:58+00:00\" \/>\n<meta property=\"article:modified_time\" content=\"2026-03-02T21:05:25+00:00\" \/>\n<meta property=\"og:image\" content=\"https:\/\/liquencentroculturalvillarrica.cl\/wp-content\/uploads\/2026\/03\/e7551a8f-ec0e-4528-9aba-d19a2069db2f.jpeg\" \/>\n\t<meta property=\"og:image:width\" content=\"1600\" \/>\n\t<meta property=\"og:image:height\" content=\"1200\" \/>\n\t<meta property=\"og:image:type\" content=\"image\/jpeg\" \/>\n<meta name=\"author\" content=\"Liquen\" \/>\n<meta name=\"twitter:card\" content=\"summary_large_image\" \/>\n<meta name=\"twitter:label1\" content=\"Escrito por\" \/>\n\t<meta name=\"twitter:data1\" content=\"Liquen\" \/>\n\t<meta name=\"twitter:label2\" content=\"Tiempo de lectura\" \/>\n\t<meta name=\"twitter:data2\" content=\"6 minutos\" \/>\n<script type=\"application\/ld+json\" class=\"yoast-schema-graph\">{\"@context\":\"https:\/\/schema.org\",\"@graph\":[{\"@type\":\"Article\",\"@id\":\"https:\/\/liquencentroculturalvillarrica.cl\/?p=4406#article\",\"isPartOf\":{\"@id\":\"https:\/\/liquencentroculturalvillarrica.cl\/?p=4406\"},\"author\":{\"name\":\"Liquen\",\"@id\":\"https:\/\/liquencentroculturalvillarrica.cl\/#\/schema\/person\/427d9157415d981616abe41a49543f36\"},\"headline\":\"CERRARON TALLERES\u00a0 CULTURALES DE VERANO Y EVALUARON POSITIVAMENTE LA TEMPORADA EN LIQUEN CENTRO CULTURAL DE VILLARRICA\",\"datePublished\":\"2026-03-02T20:48:58+00:00\",\"dateModified\":\"2026-03-02T21:05:25+00:00\",\"mainEntityOfPage\":{\"@id\":\"https:\/\/liquencentroculturalvillarrica.cl\/?p=4406\"},\"wordCount\":453,\"commentCount\":0,\"publisher\":{\"@id\":\"https:\/\/liquencentroculturalvillarrica.cl\/#organization\"},\"image\":{\"@id\":\"https:\/\/liquencentroculturalvillarrica.cl\/?p=4406#primaryimage\"},\"thumbnailUrl\":\"https:\/\/liquencentroculturalvillarrica.cl\/wp-content\/uploads\/2026\/03\/e7551a8f-ec0e-4528-9aba-d19a2069db2f.jpeg\",\"keywords\":[\"2026\",\"ballroom\",\"Boulevard\",\"cabezones\",\"cultura\",\"liquen\",\"multiinstrumental\",\"taller\",\"terraza\",\"verano\",\"villarrica\"],\"articleSection\":[\"Noticias\",\"Taller\"],\"inLanguage\":\"es\",\"potentialAction\":[{\"@type\":\"CommentAction\",\"name\":\"Comment\",\"target\":[\"https:\/\/liquencentroculturalvillarrica.cl\/?p=4406#respond\"]}]},{\"@type\":\"WebPage\",\"@id\":\"https:\/\/liquencentroculturalvillarrica.cl\/?p=4406\",\"url\":\"https:\/\/liquencentroculturalvillarrica.cl\/?p=4406\",\"name\":\"CERRARON TALLERES CULTURALES DE VERANO EN LIQUEN\",\"isPartOf\":{\"@id\":\"https:\/\/liquencentroculturalvillarrica.cl\/#website\"},\"primaryImageOfPage\":{\"@id\":\"https:\/\/liquencentroculturalvillarrica.cl\/?p=4406#primaryimage\"},\"image\":{\"@id\":\"https:\/\/liquencentroculturalvillarrica.cl\/?p=4406#primaryimage\"},\"thumbnailUrl\":\"https:\/\/liquencentroculturalvillarrica.cl\/wp-content\/uploads\/2026\/03\/e7551a8f-ec0e-4528-9aba-d19a2069db2f.jpeg\",\"datePublished\":\"2026-03-02T20:48:58+00:00\",\"dateModified\":\"2026-03-02T21:05:25+00:00\",\"description\":\"CERRARON TALLERES CULTURALES DE VERANO Y EVALUARON POSITIVAMENTE LA TEMPORADA EN LIQUEN CENTRO CULTURAL DE VILLARRICA\",\"breadcrumb\":{\"@id\":\"https:\/\/liquencentroculturalvillarrica.cl\/?p=4406#breadcrumb\"},\"inLanguage\":\"es\",\"potentialAction\":[{\"@type\":\"ReadAction\",\"target\":[\"https:\/\/liquencentroculturalvillarrica.cl\/?p=4406\"]}]},{\"@type\":\"ImageObject\",\"inLanguage\":\"es\",\"@id\":\"https:\/\/liquencentroculturalvillarrica.cl\/?p=4406#primaryimage\",\"url\":\"https:\/\/liquencentroculturalvillarrica.cl\/wp-content\/uploads\/2026\/03\/e7551a8f-ec0e-4528-9aba-d19a2069db2f.jpeg\",\"contentUrl\":\"https:\/\/liquencentroculturalvillarrica.cl\/wp-content\/uploads\/2026\/03\/e7551a8f-ec0e-4528-9aba-d19a2069db2f.jpeg\",\"width\":1600,\"height\":1200},{\"@type\":\"BreadcrumbList\",\"@id\":\"https:\/\/liquencentroculturalvillarrica.cl\/?p=4406#breadcrumb\",\"itemListElement\":[{\"@type\":\"ListItem\",\"position\":1,\"name\":\"Portada\",\"item\":\"https:\/\/liquencentroculturalvillarrica.cl\/\"},{\"@type\":\"ListItem\",\"position\":2,\"name\":\"CERRARON TALLERES\u00a0 CULTURALES DE VERANO Y EVALUARON POSITIVAMENTE LA TEMPORADA EN LIQUEN CENTRO CULTURAL DE VILLARRICA\"}]},{\"@type\":\"WebSite\",\"@id\":\"https:\/\/liquencentroculturalvillarrica.cl\/#website\",\"url\":\"https:\/\/liquencentroculturalvillarrica.cl\/\",\"name\":\"Liquen Centro Cultural\",\"description\":\"\",\"publisher\":{\"@id\":\"https:\/\/liquencentroculturalvillarrica.cl\/#organization\"},\"potentialAction\":[{\"@type\":\"SearchAction\",\"target\":{\"@type\":\"EntryPoint\",\"urlTemplate\":\"https:\/\/liquencentroculturalvillarrica.cl\/?s={search_term_string}\"},\"query-input\":{\"@type\":\"PropertyValueSpecification\",\"valueRequired\":true,\"valueName\":\"search_term_string\"}}],\"inLanguage\":\"es\"},{\"@type\":\"Organization\",\"@id\":\"https:\/\/liquencentroculturalvillarrica.cl\/#organization\",\"name\":\"Liquen Centro Cultural\",\"url\":\"https:\/\/liquencentroculturalvillarrica.cl\/\",\"logo\":{\"@type\":\"ImageObject\",\"inLanguage\":\"es\",\"@id\":\"https:\/\/liquencentroculturalvillarrica.cl\/#\/schema\/logo\/image\/\",\"url\":\"https:\/\/liquencentroculturalvillarrica.cl\/wp-content\/uploads\/2023\/07\/Marca-Liquen-Centro-Cultural-Municipal-Villarrica2-1_Mesa-de-trabajo-1.png\",\"contentUrl\":\"https:\/\/liquencentroculturalvillarrica.cl\/wp-content\/uploads\/2023\/07\/Marca-Liquen-Centro-Cultural-Municipal-Villarrica2-1_Mesa-de-trabajo-1.png\",\"width\":3300,\"height\":2550,\"caption\":\"Liquen Centro Cultural\"},\"image\":{\"@id\":\"https:\/\/liquencentroculturalvillarrica.cl\/#\/schema\/logo\/image\/\"},\"sameAs\":[\"https:\/\/www.facebook.com\/profile.php?id=100085283714609\",\"https:\/\/www.instagram.com\/villarricacentrocultural\/\",\"https:\/\/www.youtube.com\/channel\/UCQCChCLB8KB4ckeIXmpHNQw\"]},{\"@type\":\"Person\",\"@id\":\"https:\/\/liquencentroculturalvillarrica.cl\/#\/schema\/person\/427d9157415d981616abe41a49543f36\",\"name\":\"Liquen\",\"image\":{\"@type\":\"ImageObject\",\"inLanguage\":\"es\",\"@id\":\"https:\/\/liquencentroculturalvillarrica.cl\/#\/schema\/person\/image\/\",\"url\":\"https:\/\/secure.gravatar.com\/avatar\/c3433ef77dd4f91e7fede9f9521759ea33f87a092b5c394a0ba9665a3c4341f7?s=96&d=mm&r=g\",\"contentUrl\":\"https:\/\/secure.gravatar.com\/avatar\/c3433ef77dd4f91e7fede9f9521759ea33f87a092b5c394a0ba9665a3c4341f7?s=96&d=mm&r=g\",\"caption\":\"Liquen\"},\"sameAs\":[\"http:\/\/liquencentroculturalvillarrica.cl\"],\"url\":\"https:\/\/liquencentroculturalvillarrica.cl\/?author=1\"}]}<\/script>\n<!-- \/ Yoast SEO plugin. -->","yoast_head_json":{"title":"CERRARON TALLERES CULTURALES DE VERANO EN LIQUEN","description":"CERRARON TALLERES CULTURALES DE VERANO Y EVALUARON POSITIVAMENTE LA TEMPORADA EN LIQUEN CENTRO CULTURAL DE VILLARRICA","robots":{"index":"index","follow":"follow","max-snippet":"max-snippet:-1","max-image-preview":"max-image-preview:large","max-video-preview":"max-video-preview:-1"},"canonical":"https:\/\/liquencentroculturalvillarrica.cl\/?p=4406","og_locale":"es_ES","og_type":"article","og_title":"CERRARON TALLERES CULTURALES DE VERANO EN LIQUEN","og_description":"CERRARON TALLERES CULTURALES DE VERANO Y EVALUARON POSITIVAMENTE LA TEMPORADA EN LIQUEN CENTRO CULTURAL DE VILLARRICA","og_url":"https:\/\/liquencentroculturalvillarrica.cl\/?p=4406","og_site_name":"Liquen Centro Cultural","article_publisher":"https:\/\/www.facebook.com\/profile.php?id=100085283714609","article_published_time":"2026-03-02T20:48:58+00:00","article_modified_time":"2026-03-02T21:05:25+00:00","og_image":[{"width":1600,"height":1200,"url":"https:\/\/liquencentroculturalvillarrica.cl\/wp-content\/uploads\/2026\/03\/e7551a8f-ec0e-4528-9aba-d19a2069db2f.jpeg","type":"image\/jpeg"}],"author":"Liquen","twitter_card":"summary_large_image","twitter_misc":{"Escrito por":"Liquen","Tiempo de lectura":"6 minutos"},"schema":{"@context":"https:\/\/schema.org","@graph":[{"@type":"Article","@id":"https:\/\/liquencentroculturalvillarrica.cl\/?p=4406#article","isPartOf":{"@id":"https:\/\/liquencentroculturalvillarrica.cl\/?p=4406"},"author":{"name":"Liquen","@id":"https:\/\/liquencentroculturalvillarrica.cl\/#\/schema\/person\/427d9157415d981616abe41a49543f36"},"headline":"CERRARON TALLERES\u00a0 CULTURALES DE VERANO Y EVALUARON POSITIVAMENTE LA TEMPORADA EN LIQUEN CENTRO CULTURAL DE VILLARRICA","datePublished":"2026-03-02T20:48:58+00:00","dateModified":"2026-03-02T21:05:25+00:00","mainEntityOfPage":{"@id":"https:\/\/liquencentroculturalvillarrica.cl\/?p=4406"},"wordCount":453,"commentCount":0,"publisher":{"@id":"https:\/\/liquencentroculturalvillarrica.cl\/#organization"},"image":{"@id":"https:\/\/liquencentroculturalvillarrica.cl\/?p=4406#primaryimage"},"thumbnailUrl":"https:\/\/liquencentroculturalvillarrica.cl\/wp-content\/uploads\/2026\/03\/e7551a8f-ec0e-4528-9aba-d19a2069db2f.jpeg","keywords":["2026","ballroom","Boulevard","cabezones","cultura","liquen","multiinstrumental","taller","terraza","verano","villarrica"],"articleSection":["Noticias","Taller"],"inLanguage":"es","potentialAction":[{"@type":"CommentAction","name":"Comment","target":["https:\/\/liquencentroculturalvillarrica.cl\/?p=4406#respond"]}]},{"@type":"WebPage","@id":"https:\/\/liquencentroculturalvillarrica.cl\/?p=4406","url":"https:\/\/liquencentroculturalvillarrica.cl\/?p=4406","name":"CERRARON TALLERES CULTURALES DE VERANO EN LIQUEN","isPartOf":{"@id":"https:\/\/liquencentroculturalvillarrica.cl\/#website"},"primaryImageOfPage":{"@id":"https:\/\/liquencentroculturalvillarrica.cl\/?p=4406#primaryimage"},"image":{"@id":"https:\/\/liquencentroculturalvillarrica.cl\/?p=4406#primaryimage"},"thumbnailUrl":"https:\/\/liquencentroculturalvillarrica.cl\/wp-content\/uploads\/2026\/03\/e7551a8f-ec0e-4528-9aba-d19a2069db2f.jpeg","datePublished":"2026-03-02T20:48:58+00:00","dateModified":"2026-03-02T21:05:25+00:00","description":"CERRARON TALLERES CULTURALES DE VERANO Y EVALUARON POSITIVAMENTE LA TEMPORADA EN LIQUEN CENTRO CULTURAL DE VILLARRICA","breadcrumb":{"@id":"https:\/\/liquencentroculturalvillarrica.cl\/?p=4406#breadcrumb"},"inLanguage":"es","potentialAction":[{"@type":"ReadAction","target":["https:\/\/liquencentroculturalvillarrica.cl\/?p=4406"]}]},{"@type":"ImageObject","inLanguage":"es","@id":"https:\/\/liquencentroculturalvillarrica.cl\/?p=4406#primaryimage","url":"https:\/\/liquencentroculturalvillarrica.cl\/wp-content\/uploads\/2026\/03\/e7551a8f-ec0e-4528-9aba-d19a2069db2f.jpeg","contentUrl":"https:\/\/liquencentroculturalvillarrica.cl\/wp-content\/uploads\/2026\/03\/e7551a8f-ec0e-4528-9aba-d19a2069db2f.jpeg","width":1600,"height":1200},{"@type":"BreadcrumbList","@id":"https:\/\/liquencentroculturalvillarrica.cl\/?p=4406#breadcrumb","itemListElement":[{"@type":"ListItem","position":1,"name":"Portada","item":"https:\/\/liquencentroculturalvillarrica.cl\/"},{"@type":"ListItem","position":2,"name":"CERRARON TALLERES\u00a0 CULTURALES DE VERANO Y EVALUARON POSITIVAMENTE LA TEMPORADA EN LIQUEN CENTRO CULTURAL DE VILLARRICA"}]},{"@type":"WebSite","@id":"https:\/\/liquencentroculturalvillarrica.cl\/#website","url":"https:\/\/liquencentroculturalvillarrica.cl\/","name":"Liquen Centro Cultural","description":"","publisher":{"@id":"https:\/\/liquencentroculturalvillarrica.cl\/#organization"},"potentialAction":[{"@type":"SearchAction","target":{"@type":"EntryPoint","urlTemplate":"https:\/\/liquencentroculturalvillarrica.cl\/?s={search_term_string}"},"query-input":{"@type":"PropertyValueSpecification","valueRequired":true,"valueName":"search_term_string"}}],"inLanguage":"es"},{"@type":"Organization","@id":"https:\/\/liquencentroculturalvillarrica.cl\/#organization","name":"Liquen Centro Cultural","url":"https:\/\/liquencentroculturalvillarrica.cl\/","logo":{"@type":"ImageObject","inLanguage":"es","@id":"https:\/\/liquencentroculturalvillarrica.cl\/#\/schema\/logo\/image\/","url":"https:\/\/liquencentroculturalvillarrica.cl\/wp-content\/uploads\/2023\/07\/Marca-Liquen-Centro-Cultural-Municipal-Villarrica2-1_Mesa-de-trabajo-1.png","contentUrl":"https:\/\/liquencentroculturalvillarrica.cl\/wp-content\/uploads\/2023\/07\/Marca-Liquen-Centro-Cultural-Municipal-Villarrica2-1_Mesa-de-trabajo-1.png","width":3300,"height":2550,"caption":"Liquen Centro Cultural"},"image":{"@id":"https:\/\/liquencentroculturalvillarrica.cl\/#\/schema\/logo\/image\/"},"sameAs":["https:\/\/www.facebook.com\/profile.php?id=100085283714609","https:\/\/www.instagram.com\/villarricacentrocultural\/","https:\/\/www.youtube.com\/channel\/UCQCChCLB8KB4ckeIXmpHNQw"]},{"@type":"Person","@id":"https:\/\/liquencentroculturalvillarrica.cl\/#\/schema\/person\/427d9157415d981616abe41a49543f36","name":"Liquen","image":{"@type":"ImageObject","inLanguage":"es","@id":"https:\/\/liquencentroculturalvillarrica.cl\/#\/schema\/person\/image\/","url":"https:\/\/secure.gravatar.com\/avatar\/c3433ef77dd4f91e7fede9f9521759ea33f87a092b5c394a0ba9665a3c4341f7?s=96&d=mm&r=g","contentUrl":"https:\/\/secure.gravatar.com\/avatar\/c3433ef77dd4f91e7fede9f9521759ea33f87a092b5c394a0ba9665a3c4341f7?s=96&d=mm&r=g","caption":"Liquen"},"sameAs":["http:\/\/liquencentroculturalvillarrica.cl"],"url":"https:\/\/liquencentroculturalvillarrica.cl\/?author=1"}]}},"featured_image_src":"https:\/\/liquencentroculturalvillarrica.cl\/wp-content\/uploads\/2026\/03\/e7551a8f-ec0e-4528-9aba-d19a2069db2f-600x400.jpeg","featured_image_src_square":"https:\/\/liquencentroculturalvillarrica.cl\/wp-content\/uploads\/2026\/03\/e7551a8f-ec0e-4528-9aba-d19a2069db2f-600x600.jpeg","author_info":{"display_name":"Liquen","author_link":"https:\/\/liquencentroculturalvillarrica.cl\/?author=1"},"_links":{"self":[{"href":"https:\/\/liquencentroculturalvillarrica.cl\/index.php?rest_route=\/wp\/v2\/posts\/4406","targetHints":{"allow":["GET"]}}],"collection":[{"href":"https:\/\/liquencentroculturalvillarrica.cl\/index.php?rest_route=\/wp\/v2\/posts"}],"about":[{"href":"https:\/\/liquencentroculturalvillarrica.cl\/index.php?rest_route=\/wp\/v2\/types\/post"}],"author":[{"embeddable":true,"href":"https:\/\/liquencentroculturalvillarrica.cl\/index.php?rest_route=\/wp\/v2\/users\/1"}],"replies":[{"embeddable":true,"href":"https:\/\/liquencentroculturalvillarrica.cl\/index.php?rest_route=%2Fwp%2Fv2%2Fcomments&post=4406"}],"version-history":[{"count":7,"href":"https:\/\/liquencentroculturalvillarrica.cl\/index.php?rest_route=\/wp\/v2\/posts\/4406\/revisions"}],"predecessor-version":[{"id":4435,"href":"https:\/\/liquencentroculturalvillarrica.cl\/index.php?rest_route=\/wp\/v2\/posts\/4406\/revisions\/4435"}],"wp:featuredmedia":[{"embeddable":true,"href":"https:\/\/liquencentroculturalvillarrica.cl\/index.php?rest_route=\/wp\/v2\/media\/4408"}],"wp:attachment":[{"href":"https:\/\/liquencentroculturalvillarrica.cl\/index.php?rest_route=%2Fwp%2Fv2%2Fmedia&parent=4406"}],"wp:term":[{"taxonomy":"category","embeddable":true,"href":"https:\/\/liquencentroculturalvillarrica.cl\/index.php?rest_route=%2Fwp%2Fv2%2Fcategories&post=4406"},{"taxonomy":"post_tag","embeddable":true,"href":"https:\/\/liquencentroculturalvillarrica.cl\/index.php?rest_route=%2Fwp%2Fv2%2Ftags&post=4406"}],"curies":[{"name":"wp","href":"https:\/\/api.w.org\/{rel}","templated":true}]}}