{"id":4358,"date":"2026-02-26T15:52:53","date_gmt":"2026-02-26T15:52:53","guid":{"rendered":"https:\/\/liquencentroculturalvillarrica.cl\/?p=4358"},"modified":"2026-03-02T21:08:01","modified_gmt":"2026-03-02T21:08:01","slug":"festival-de-musica-y-danzas-folcloricas","status":"publish","type":"post","link":"https:\/\/liquencentroculturalvillarrica.cl\/?p=4358","title":{"rendered":"PRIMER FESTIVAL DE M\u00daSICA Y DANZAS FOLCL\u00d3RICAS DE VILLARRICA\u00a0 SUPER\u00d3 EXPECTATIVAS DE LOS ORGANIZADORES"},"content":{"rendered":"\n<p><em>Dos jornadas de m\u00fasica y danza folcl\u00f3ricas, reunieron a exponentes de distintas ciudades de la regi\u00f3n de la Araucan\u00eda en el Gimnasio Municipal Carlos Mart\u00ednez de Villarrica. Ante la presencia de un abultado p\u00fablico de la comunidad local como visitantes de la \u00e9poca estival que re\u00fane a miles de personas en la ciudad del lago y volc\u00e1n, se desarroll\u00f3 esta actividad que viene a rescatar el gran patrimonio cultural, musical y de la danza en la regi\u00f3n.<\/em><\/p>\n\n\n\n<div class=\"wp-block-stackable-carousel stk-block-carousel stk--is-slide stk--infinite-scroll stk--arrows-justify-space-between stk--arrows-align-center stk-block stk-1cdd168\" data-slides-to-show=\"\" data-block-id=\"1cdd168\"><div class=\"stk-block-carousel__content-wrapper\"><div class=\"stk-row stk-inner-blocks stk-block-content stk-block-carousel__slider-wrapper stk-content-align stk-1cdd168-column\"><div class=\"stk-block-carousel__slider\" role=\"list\" data-autoplay=\"4000\" data-label-slide-of=\"Slide %%d of %%d\" tabindex=\"0\">\n<div class=\"wp-block-stackable-column stk-block-column stk-column stk-block stk-8cc71a4\" data-v=\"4\" data-block-id=\"8cc71a4\"><div class=\"stk-column-wrapper stk-block-column__content stk-container stk-8cc71a4-container stk--no-background stk--no-padding\"><div class=\"stk-block-content stk-inner-blocks stk-8cc71a4-inner-blocks\">\n<figure class=\"wp-block-image size-full\"><img loading=\"lazy\" decoding=\"async\" width=\"2560\" height=\"1440\" src=\"https:\/\/liquencentroculturalvillarrica.cl\/wp-content\/uploads\/2026\/02\/storage_emulated_0_Android_data_com.miui_.gallery_cache_SecurityShare_1772035222157-scaled.jpg\" alt=\"\" class=\"wp-image-4359\" srcset=\"https:\/\/liquencentroculturalvillarrica.cl\/wp-content\/uploads\/2026\/02\/storage_emulated_0_Android_data_com.miui_.gallery_cache_SecurityShare_1772035222157-scaled.jpg 2560w, https:\/\/liquencentroculturalvillarrica.cl\/wp-content\/uploads\/2026\/02\/storage_emulated_0_Android_data_com.miui_.gallery_cache_SecurityShare_1772035222157-300x169.jpg 300w, https:\/\/liquencentroculturalvillarrica.cl\/wp-content\/uploads\/2026\/02\/storage_emulated_0_Android_data_com.miui_.gallery_cache_SecurityShare_1772035222157-1024x576.jpg 1024w, https:\/\/liquencentroculturalvillarrica.cl\/wp-content\/uploads\/2026\/02\/storage_emulated_0_Android_data_com.miui_.gallery_cache_SecurityShare_1772035222157-768x432.jpg 768w, https:\/\/liquencentroculturalvillarrica.cl\/wp-content\/uploads\/2026\/02\/storage_emulated_0_Android_data_com.miui_.gallery_cache_SecurityShare_1772035222157-1536x864.jpg 1536w, https:\/\/liquencentroculturalvillarrica.cl\/wp-content\/uploads\/2026\/02\/storage_emulated_0_Android_data_com.miui_.gallery_cache_SecurityShare_1772035222157-2048x1152.jpg 2048w\" sizes=\"auto, (max-width: 2560px) 100vw, 2560px\" \/><\/figure>\n<\/div><\/div><\/div>\n\n\n\n<div class=\"wp-block-stackable-column stk-block-column stk-column stk-block stk-0acb4ac\" data-v=\"4\" data-block-id=\"0acb4ac\"><div class=\"stk-column-wrapper stk-block-column__content stk-container stk-0acb4ac-container stk--no-background stk--no-padding\"><div class=\"stk-block-content stk-inner-blocks stk-0acb4ac-inner-blocks\">\n<figure class=\"wp-block-image size-full\"><img loading=\"lazy\" decoding=\"async\" width=\"2560\" height=\"1440\" src=\"https:\/\/liquencentroculturalvillarrica.cl\/wp-content\/uploads\/2026\/02\/1772035222138-scaled.jpg\" alt=\"\" class=\"wp-image-4360\" srcset=\"https:\/\/liquencentroculturalvillarrica.cl\/wp-content\/uploads\/2026\/02\/1772035222138-scaled.jpg 2560w, https:\/\/liquencentroculturalvillarrica.cl\/wp-content\/uploads\/2026\/02\/1772035222138-300x169.jpg 300w, https:\/\/liquencentroculturalvillarrica.cl\/wp-content\/uploads\/2026\/02\/1772035222138-1024x576.jpg 1024w, https:\/\/liquencentroculturalvillarrica.cl\/wp-content\/uploads\/2026\/02\/1772035222138-768x432.jpg 768w, https:\/\/liquencentroculturalvillarrica.cl\/wp-content\/uploads\/2026\/02\/1772035222138-1536x864.jpg 1536w, https:\/\/liquencentroculturalvillarrica.cl\/wp-content\/uploads\/2026\/02\/1772035222138-2048x1152.jpg 2048w\" sizes=\"auto, (max-width: 2560px) 100vw, 2560px\" \/><\/figure>\n<\/div><\/div><\/div>\n\n\n\n<div class=\"wp-block-stackable-column stk-block-column stk-column stk-block stk-310e0e4\" data-v=\"4\" data-block-id=\"310e0e4\"><div class=\"stk-column-wrapper stk-block-column__content stk-container stk-310e0e4-container stk--no-background stk--no-padding\"><div class=\"stk-block-content stk-inner-blocks stk-310e0e4-inner-blocks\">\n<figure class=\"wp-block-image size-full\"><img loading=\"lazy\" decoding=\"async\" width=\"2560\" height=\"1440\" src=\"https:\/\/liquencentroculturalvillarrica.cl\/wp-content\/uploads\/2026\/02\/1772035222116-scaled.jpg\" alt=\"\" class=\"wp-image-4361\" srcset=\"https:\/\/liquencentroculturalvillarrica.cl\/wp-content\/uploads\/2026\/02\/1772035222116-scaled.jpg 2560w, https:\/\/liquencentroculturalvillarrica.cl\/wp-content\/uploads\/2026\/02\/1772035222116-300x169.jpg 300w, https:\/\/liquencentroculturalvillarrica.cl\/wp-content\/uploads\/2026\/02\/1772035222116-1024x576.jpg 1024w, https:\/\/liquencentroculturalvillarrica.cl\/wp-content\/uploads\/2026\/02\/1772035222116-768x432.jpg 768w, https:\/\/liquencentroculturalvillarrica.cl\/wp-content\/uploads\/2026\/02\/1772035222116-1536x864.jpg 1536w, https:\/\/liquencentroculturalvillarrica.cl\/wp-content\/uploads\/2026\/02\/1772035222116-2048x1152.jpg 2048w\" sizes=\"auto, (max-width: 2560px) 100vw, 2560px\" \/><\/figure>\n<\/div><\/div><\/div>\n\n\n\n<div class=\"wp-block-stackable-column stk-block-column stk-column stk-block stk-74ca67d\" data-v=\"4\" data-block-id=\"74ca67d\"><div class=\"stk-column-wrapper stk-block-column__content stk-container stk-74ca67d-container stk--no-background stk--no-padding\"><div class=\"stk-block-content stk-inner-blocks stk-74ca67d-inner-blocks\">\n<figure class=\"wp-block-image size-full\"><img loading=\"lazy\" decoding=\"async\" width=\"2560\" height=\"1440\" src=\"https:\/\/liquencentroculturalvillarrica.cl\/wp-content\/uploads\/2026\/02\/1772034184605-scaled.jpg\" alt=\"\" class=\"wp-image-4363\" srcset=\"https:\/\/liquencentroculturalvillarrica.cl\/wp-content\/uploads\/2026\/02\/1772034184605-scaled.jpg 2560w, https:\/\/liquencentroculturalvillarrica.cl\/wp-content\/uploads\/2026\/02\/1772034184605-300x169.jpg 300w, https:\/\/liquencentroculturalvillarrica.cl\/wp-content\/uploads\/2026\/02\/1772034184605-1024x576.jpg 1024w, https:\/\/liquencentroculturalvillarrica.cl\/wp-content\/uploads\/2026\/02\/1772034184605-768x432.jpg 768w, https:\/\/liquencentroculturalvillarrica.cl\/wp-content\/uploads\/2026\/02\/1772034184605-1536x864.jpg 1536w, https:\/\/liquencentroculturalvillarrica.cl\/wp-content\/uploads\/2026\/02\/1772034184605-2048x1152.jpg 2048w\" sizes=\"auto, (max-width: 2560px) 100vw, 2560px\" \/><\/figure>\n<\/div><\/div><\/div>\n\n\n\n<div class=\"wp-block-stackable-column stk-block-column stk-column stk-block stk-8c3fc68\" data-v=\"4\" data-block-id=\"8c3fc68\"><div class=\"stk-column-wrapper stk-block-column__content stk-container stk-8c3fc68-container stk--no-background stk--no-padding\"><div class=\"stk-block-content stk-inner-blocks stk-8c3fc68-inner-blocks\">\n<figure class=\"wp-block-image size-full\"><img loading=\"lazy\" decoding=\"async\" width=\"2560\" height=\"1440\" src=\"https:\/\/liquencentroculturalvillarrica.cl\/wp-content\/uploads\/2026\/02\/1772035221991-scaled.jpg\" alt=\"\" class=\"wp-image-4364\" srcset=\"https:\/\/liquencentroculturalvillarrica.cl\/wp-content\/uploads\/2026\/02\/1772035221991-scaled.jpg 2560w, https:\/\/liquencentroculturalvillarrica.cl\/wp-content\/uploads\/2026\/02\/1772035221991-300x169.jpg 300w, https:\/\/liquencentroculturalvillarrica.cl\/wp-content\/uploads\/2026\/02\/1772035221991-1024x576.jpg 1024w, https:\/\/liquencentroculturalvillarrica.cl\/wp-content\/uploads\/2026\/02\/1772035221991-768x432.jpg 768w, https:\/\/liquencentroculturalvillarrica.cl\/wp-content\/uploads\/2026\/02\/1772035221991-1536x864.jpg 1536w, https:\/\/liquencentroculturalvillarrica.cl\/wp-content\/uploads\/2026\/02\/1772035221991-2048x1152.jpg 2048w\" sizes=\"auto, (max-width: 2560px) 100vw, 2560px\" \/><\/figure>\n<\/div><\/div><\/div>\n<\/div><div class=\"stk-block-carousel__buttons\"><button class=\"stk-block-carousel__button stk-block-carousel__button__prev\" aria-label=\"Previous slide\"><svg aria-hidden=\"true\" focusable=\"false\" data-prefix=\"fas\" data-icon=\"chevron-left\" class=\"svg-inline--fa fa-chevron-left\" xmlns=\"http:\/\/www.w3.org\/2000\/svg\" viewBox=\"0 0 320 512\" width=\"32\" height=\"32\"><path d=\"M34.52 239.03L228.87 44.69c9.37-9.37 24.57-9.37 33.94 0l22.67 22.67c9.36 9.36 9.37 24.52.04 33.9L131.49 256l154.02 154.75c9.34 9.38 9.32 24.54-.04 33.9l-22.67 22.67c-9.37 9.37-24.57 9.37-33.94 0L34.52 272.97c-9.37-9.37-9.37-24.57 0-33.94z\"><\/path><\/svg><\/button><button class=\"stk-block-carousel__button stk-block-carousel__button__next\" aria-label=\"Next slide\"><svg aria-hidden=\"true\" focusable=\"false\" data-prefix=\"fas\" data-icon=\"chevron-right\" class=\"svg-inline--fa fa-chevron-right\" xmlns=\"http:\/\/www.w3.org\/2000\/svg\" viewBox=\"0 0 320 512\" width=\"32\" height=\"32\"><path d=\"M285.476 272.971L91.132 467.314c-9.373 9.373-24.569 9.373-33.941 0l-22.667-22.667c-9.357-9.357-9.375-24.522-.04-33.901L188.505 256 34.484 101.255c-9.335-9.379-9.317-24.544.04-33.901l22.667-22.667c9.373-9.373 24.569-9.373 33.941 0L285.475 239.03c9.373 9.372 9.373 24.568.001 33.941z\"><\/path><\/svg><\/button><\/div><\/div><div class=\"stk-block-carousel__dots\" role=\"list\" data-label=\"Slide %%d\"><\/div><\/div><\/div>\n\n\n\n<p>La actividad cultural fue organizada por el equipo Liquen, ente municipal que administra el principal Centro cultural de la comuna que dirige actualmente Sebastian Henriquez y que desarrolla una estrategia planificada de realizar actividades potentes fuera del teatro y permite reunir un mayor n\u00famero de asistentes, como tambi\u00e9n hacer extensi\u00f3n de las actividades culturales de la comuna.<\/p>\n\n\n\n<p>El primer d\u00eda cont\u00f3 con la apertura de los anfitriones, quienes en un homenaje a las ra\u00edces de la regi\u00f3n, con el cuadro \u201cArauco\u201d llenaron de colorido y movimiento el escenario del municipal, luego fue el turno de las parejas campeonas en categor\u00edas juvenil y adulto de la agrupaci\u00f3n local Los Chamantos, tambi\u00e9n se present\u00f3 el grupo Folcl\u00f3rico Ayecal de Chol Chol, y la compa\u00f1\u00eda de Ballet Folcl\u00f3rico de Loncoche.&nbsp;&nbsp; Mientras&nbsp; que el segundo d\u00eda se presentaron las compa\u00f1\u00edas BRISA ARAUCANA, de Pitrufqu\u00e9n,&nbsp; el BAFOLAB de Labranza, la Compa\u00f1\u00eda&nbsp; M\u00c1S DANZA de Puc\u00f3n y el&nbsp; BALLET FOLCL\u00d3RICO MUNICIPAL de&nbsp; Villarrica.<\/p>\n\n\n\n<div class=\"wp-block-stackable-horizontal-scroller stk-block-horizontal-scroller stk-block stk-1d2b89e\" data-block-id=\"1d2b89e\"><style>.stk-1d2b89e-horizontal-scroller{--stk-column-width:500px !important;}<\/style><div class=\"stk-row stk-inner-blocks stk-block-content stk-content-align stk-1d2b89e-horizontal-scroller stk--with-scrollbar\" tabindex=\"0\">\n<div class=\"wp-block-stackable-column stk-block-column stk-column stk-block stk-a92b317\" data-v=\"4\" data-block-id=\"a92b317\"><div class=\"stk-column-wrapper stk-block-column__content stk-container stk-a92b317-container stk--no-background stk--no-padding\"><div class=\"stk-block-content stk-inner-blocks stk-a92b317-inner-blocks\">\n<figure class=\"wp-block-image size-large\"><img loading=\"lazy\" decoding=\"async\" width=\"1024\" height=\"576\" src=\"https:\/\/liquencentroculturalvillarrica.cl\/wp-content\/uploads\/2026\/02\/1772117148149-1024x576.jpg\" alt=\"\" class=\"wp-image-4366\" srcset=\"https:\/\/liquencentroculturalvillarrica.cl\/wp-content\/uploads\/2026\/02\/1772117148149-1024x576.jpg 1024w, https:\/\/liquencentroculturalvillarrica.cl\/wp-content\/uploads\/2026\/02\/1772117148149-300x169.jpg 300w, https:\/\/liquencentroculturalvillarrica.cl\/wp-content\/uploads\/2026\/02\/1772117148149-768x432.jpg 768w, https:\/\/liquencentroculturalvillarrica.cl\/wp-content\/uploads\/2026\/02\/1772117148149-1536x864.jpg 1536w, https:\/\/liquencentroculturalvillarrica.cl\/wp-content\/uploads\/2026\/02\/1772117148149-2048x1152.jpg 2048w\" sizes=\"auto, (max-width: 1024px) 100vw, 1024px\" \/><\/figure>\n<\/div><\/div><\/div>\n\n\n\n<div class=\"wp-block-stackable-column stk-block-column stk-column stk-block stk-5a4b398\" data-v=\"4\" data-block-id=\"5a4b398\"><div class=\"stk-column-wrapper stk-block-column__content stk-container stk-5a4b398-container stk--no-background stk--no-padding\"><div class=\"stk-block-content stk-inner-blocks stk-5a4b398-inner-blocks\">\n<figure class=\"wp-block-image size-large\"><img loading=\"lazy\" decoding=\"async\" width=\"1024\" height=\"576\" src=\"https:\/\/liquencentroculturalvillarrica.cl\/wp-content\/uploads\/2026\/02\/1772117148171-1024x576.jpg\" alt=\"\" class=\"wp-image-4373\" srcset=\"https:\/\/liquencentroculturalvillarrica.cl\/wp-content\/uploads\/2026\/02\/1772117148171-1024x576.jpg 1024w, https:\/\/liquencentroculturalvillarrica.cl\/wp-content\/uploads\/2026\/02\/1772117148171-300x169.jpg 300w, https:\/\/liquencentroculturalvillarrica.cl\/wp-content\/uploads\/2026\/02\/1772117148171-768x432.jpg 768w, https:\/\/liquencentroculturalvillarrica.cl\/wp-content\/uploads\/2026\/02\/1772117148171-1536x864.jpg 1536w, https:\/\/liquencentroculturalvillarrica.cl\/wp-content\/uploads\/2026\/02\/1772117148171-2048x1152.jpg 2048w\" sizes=\"auto, (max-width: 1024px) 100vw, 1024px\" \/><\/figure>\n<\/div><\/div><\/div>\n\n\n\n<div class=\"wp-block-stackable-column stk-block-column stk-column stk-block stk-62427b4\" data-v=\"4\" data-block-id=\"62427b4\"><div class=\"stk-column-wrapper stk-block-column__content stk-container stk-62427b4-container stk--no-background stk--no-padding\"><div class=\"stk-block-content stk-inner-blocks stk-62427b4-inner-blocks\">\n<figure class=\"wp-block-image size-large\"><img loading=\"lazy\" decoding=\"async\" width=\"1024\" height=\"576\" src=\"https:\/\/liquencentroculturalvillarrica.cl\/wp-content\/uploads\/2026\/02\/1772117148184-1024x576.jpg\" alt=\"\" class=\"wp-image-4367\" srcset=\"https:\/\/liquencentroculturalvillarrica.cl\/wp-content\/uploads\/2026\/02\/1772117148184-1024x576.jpg 1024w, https:\/\/liquencentroculturalvillarrica.cl\/wp-content\/uploads\/2026\/02\/1772117148184-300x169.jpg 300w, https:\/\/liquencentroculturalvillarrica.cl\/wp-content\/uploads\/2026\/02\/1772117148184-768x432.jpg 768w, https:\/\/liquencentroculturalvillarrica.cl\/wp-content\/uploads\/2026\/02\/1772117148184-1536x864.jpg 1536w, https:\/\/liquencentroculturalvillarrica.cl\/wp-content\/uploads\/2026\/02\/1772117148184-2048x1152.jpg 2048w\" sizes=\"auto, (max-width: 1024px) 100vw, 1024px\" \/><\/figure>\n<\/div><\/div><\/div>\n<\/div><\/div>\n\n\n\n<p>El Primer festival de M\u00fasica y Danza Folcl\u00f3rica fue evaluado como \u201cUn completo \u00e9xito, tanto por la concurrencia de p\u00fablico como por la calidad de los cuadros presentados por compa\u00f1\u00edas de danza de toda la regi\u00f3n, en un formato que nos deja m\u00e1s que conformes, el p\u00fablico disfrut\u00f3 de un espect\u00e1culo de muy buen nivel y las veladas no se extendieron demasiado\u201d&nbsp; Se\u00f1al\u00f3 el director general del evento Sebastian Henriquez.&nbsp; Opini\u00f3n Parecida expres\u00f3 el Alcalde Pablo Astete al culminar el evento la noche del domingo mientras felicitaba al director del elenco de m\u00fasica del Ballet Folcl\u00f3rico Municipal, tuvo palabras de elogio tanto para las agrupaciones locales como para los visitantes al evento regional.<\/p>\n\n\n\n<p>La realizaci\u00f3n del \u201cPrimer\u201d festival deja la vara alta y crea la expectativa de una segunda edici\u00f3n, ya que se abri\u00f3 una ventana para que las agrupaciones y compa\u00f1\u00edas de danza muestren sus logros, pero al mismo tiempo de acuerdo a lo que informaron los organizadores, abrir\u00e1 espacios de capacitaci\u00f3n para monitores y profesores con el objetivo de nivelar, y aprender unos de otros, ganar experiencia y mostrar el potencial que hay a nivel regional.<\/p>\n\n\n\n<div class=\"wp-block-stackable-carousel stk-block-carousel stk--is-slide stk--arrows-justify-space-between stk--arrows-align-center stk-block stk-9e7cf36\" data-slides-to-show=\"\" data-block-id=\"9e7cf36\"><div class=\"stk-block-carousel__content-wrapper\"><div class=\"stk-row stk-inner-blocks stk-block-content stk-block-carousel__slider-wrapper stk-content-align stk-9e7cf36-column\"><div class=\"stk-block-carousel__slider\" role=\"list\" data-autoplay=\"4000\" data-label-slide-of=\"Slide %%d of %%d\" tabindex=\"0\">\n<div class=\"wp-block-stackable-column stk-block-column stk-column stk-block stk-c60a425\" data-v=\"4\" data-block-id=\"c60a425\"><div class=\"stk-column-wrapper stk-block-column__content stk-container stk-c60a425-container stk--no-background stk--no-padding\"><div class=\"stk-block-content stk-inner-blocks stk-c60a425-inner-blocks\">\n<figure class=\"wp-block-image size-full\"><img loading=\"lazy\" decoding=\"async\" width=\"2560\" height=\"1440\" src=\"https:\/\/liquencentroculturalvillarrica.cl\/wp-content\/uploads\/2026\/02\/1772037011124-scaled.jpg\" alt=\"\" class=\"wp-image-4370\" srcset=\"https:\/\/liquencentroculturalvillarrica.cl\/wp-content\/uploads\/2026\/02\/1772037011124-scaled.jpg 2560w, https:\/\/liquencentroculturalvillarrica.cl\/wp-content\/uploads\/2026\/02\/1772037011124-300x169.jpg 300w, https:\/\/liquencentroculturalvillarrica.cl\/wp-content\/uploads\/2026\/02\/1772037011124-1024x576.jpg 1024w, https:\/\/liquencentroculturalvillarrica.cl\/wp-content\/uploads\/2026\/02\/1772037011124-768x432.jpg 768w, https:\/\/liquencentroculturalvillarrica.cl\/wp-content\/uploads\/2026\/02\/1772037011124-1536x864.jpg 1536w, https:\/\/liquencentroculturalvillarrica.cl\/wp-content\/uploads\/2026\/02\/1772037011124-2048x1152.jpg 2048w\" sizes=\"auto, (max-width: 2560px) 100vw, 2560px\" \/><\/figure>\n<\/div><\/div><\/div>\n\n\n\n<div class=\"wp-block-stackable-column stk-block-column stk-column stk-block stk-135bccb\" data-v=\"4\" data-block-id=\"135bccb\"><div class=\"stk-column-wrapper stk-block-column__content stk-container stk-135bccb-container stk--no-background stk--no-padding\"><div class=\"stk-block-content stk-inner-blocks stk-135bccb-inner-blocks\">\n<figure class=\"wp-block-image size-full\"><img loading=\"lazy\" decoding=\"async\" width=\"2560\" height=\"1440\" src=\"https:\/\/liquencentroculturalvillarrica.cl\/wp-content\/uploads\/2026\/02\/1772037011000-scaled.jpg\" alt=\"\" class=\"wp-image-4369\" srcset=\"https:\/\/liquencentroculturalvillarrica.cl\/wp-content\/uploads\/2026\/02\/1772037011000-scaled.jpg 2560w, https:\/\/liquencentroculturalvillarrica.cl\/wp-content\/uploads\/2026\/02\/1772037011000-300x169.jpg 300w, https:\/\/liquencentroculturalvillarrica.cl\/wp-content\/uploads\/2026\/02\/1772037011000-1024x576.jpg 1024w, https:\/\/liquencentroculturalvillarrica.cl\/wp-content\/uploads\/2026\/02\/1772037011000-768x432.jpg 768w, https:\/\/liquencentroculturalvillarrica.cl\/wp-content\/uploads\/2026\/02\/1772037011000-1536x864.jpg 1536w, https:\/\/liquencentroculturalvillarrica.cl\/wp-content\/uploads\/2026\/02\/1772037011000-2048x1152.jpg 2048w\" sizes=\"auto, (max-width: 2560px) 100vw, 2560px\" \/><\/figure>\n<\/div><\/div><\/div>\n\n\n\n<div class=\"wp-block-stackable-column stk-block-column stk-column stk-block stk-120a96f\" data-v=\"4\" data-block-id=\"120a96f\"><div class=\"stk-column-wrapper stk-block-column__content stk-container stk-120a96f-container stk--no-background stk--no-padding\"><div class=\"stk-block-content stk-inner-blocks stk-120a96f-inner-blocks\">\n<figure class=\"wp-block-image size-full\"><img loading=\"lazy\" decoding=\"async\" width=\"2560\" height=\"1440\" src=\"https:\/\/liquencentroculturalvillarrica.cl\/wp-content\/uploads\/2026\/02\/1772116996417-scaled.jpg\" alt=\"\" class=\"wp-image-4368\" srcset=\"https:\/\/liquencentroculturalvillarrica.cl\/wp-content\/uploads\/2026\/02\/1772116996417-scaled.jpg 2560w, https:\/\/liquencentroculturalvillarrica.cl\/wp-content\/uploads\/2026\/02\/1772116996417-300x169.jpg 300w, https:\/\/liquencentroculturalvillarrica.cl\/wp-content\/uploads\/2026\/02\/1772116996417-1024x576.jpg 1024w, https:\/\/liquencentroculturalvillarrica.cl\/wp-content\/uploads\/2026\/02\/1772116996417-768x432.jpg 768w, https:\/\/liquencentroculturalvillarrica.cl\/wp-content\/uploads\/2026\/02\/1772116996417-1536x864.jpg 1536w, https:\/\/liquencentroculturalvillarrica.cl\/wp-content\/uploads\/2026\/02\/1772116996417-2048x1152.jpg 2048w\" sizes=\"auto, (max-width: 2560px) 100vw, 2560px\" \/><\/figure>\n<\/div><\/div><\/div>\n\n\n\n<div class=\"wp-block-stackable-column stk-block-column stk-column stk-block stk-06808f0\" data-v=\"4\" data-block-id=\"06808f0\"><div class=\"stk-column-wrapper stk-block-column__content stk-container stk-06808f0-container stk--no-background stk--no-padding\"><div class=\"stk-block-content stk-inner-blocks stk-06808f0-inner-blocks\">\n<figure class=\"wp-block-image size-full\"><img loading=\"lazy\" decoding=\"async\" width=\"2560\" height=\"1440\" src=\"https:\/\/liquencentroculturalvillarrica.cl\/wp-content\/uploads\/2026\/02\/1772116996400-scaled.jpg\" alt=\"\" class=\"wp-image-4371\" srcset=\"https:\/\/liquencentroculturalvillarrica.cl\/wp-content\/uploads\/2026\/02\/1772116996400-scaled.jpg 2560w, https:\/\/liquencentroculturalvillarrica.cl\/wp-content\/uploads\/2026\/02\/1772116996400-300x169.jpg 300w, https:\/\/liquencentroculturalvillarrica.cl\/wp-content\/uploads\/2026\/02\/1772116996400-1024x576.jpg 1024w, https:\/\/liquencentroculturalvillarrica.cl\/wp-content\/uploads\/2026\/02\/1772116996400-768x432.jpg 768w, https:\/\/liquencentroculturalvillarrica.cl\/wp-content\/uploads\/2026\/02\/1772116996400-1536x864.jpg 1536w, https:\/\/liquencentroculturalvillarrica.cl\/wp-content\/uploads\/2026\/02\/1772116996400-2048x1152.jpg 2048w\" sizes=\"auto, (max-width: 2560px) 100vw, 2560px\" \/><\/figure>\n<\/div><\/div><\/div>\n\n\n\n<div class=\"wp-block-stackable-column stk-block-column stk-column stk-block stk-e30cf65\" data-v=\"4\" data-block-id=\"e30cf65\"><div class=\"stk-column-wrapper stk-block-column__content stk-container stk-e30cf65-container stk--no-background stk--no-padding\"><div class=\"stk-block-content stk-inner-blocks stk-e30cf65-inner-blocks\">\n<figure class=\"wp-block-image size-full\"><img loading=\"lazy\" decoding=\"async\" width=\"2560\" height=\"1440\" src=\"https:\/\/liquencentroculturalvillarrica.cl\/wp-content\/uploads\/2026\/02\/1772117148030-scaled.jpg\" alt=\"\" class=\"wp-image-4372\" srcset=\"https:\/\/liquencentroculturalvillarrica.cl\/wp-content\/uploads\/2026\/02\/1772117148030-scaled.jpg 2560w, https:\/\/liquencentroculturalvillarrica.cl\/wp-content\/uploads\/2026\/02\/1772117148030-300x169.jpg 300w, https:\/\/liquencentroculturalvillarrica.cl\/wp-content\/uploads\/2026\/02\/1772117148030-1024x576.jpg 1024w, https:\/\/liquencentroculturalvillarrica.cl\/wp-content\/uploads\/2026\/02\/1772117148030-768x432.jpg 768w, https:\/\/liquencentroculturalvillarrica.cl\/wp-content\/uploads\/2026\/02\/1772117148030-1536x864.jpg 1536w, https:\/\/liquencentroculturalvillarrica.cl\/wp-content\/uploads\/2026\/02\/1772117148030-2048x1152.jpg 2048w\" sizes=\"auto, (max-width: 2560px) 100vw, 2560px\" \/><\/figure>\n<\/div><\/div><\/div>\n<\/div><div class=\"stk-block-carousel__buttons\"><button class=\"stk-block-carousel__button stk-block-carousel__button__prev\" aria-label=\"Previous slide\"><svg aria-hidden=\"true\" focusable=\"false\" data-prefix=\"fas\" data-icon=\"chevron-left\" class=\"svg-inline--fa fa-chevron-left\" xmlns=\"http:\/\/www.w3.org\/2000\/svg\" viewBox=\"0 0 320 512\" width=\"32\" height=\"32\"><path d=\"M34.52 239.03L228.87 44.69c9.37-9.37 24.57-9.37 33.94 0l22.67 22.67c9.36 9.36 9.37 24.52.04 33.9L131.49 256l154.02 154.75c9.34 9.38 9.32 24.54-.04 33.9l-22.67 22.67c-9.37 9.37-24.57 9.37-33.94 0L34.52 272.97c-9.37-9.37-9.37-24.57 0-33.94z\"><\/path><\/svg><\/button><button class=\"stk-block-carousel__button stk-block-carousel__button__next\" aria-label=\"Next slide\"><svg aria-hidden=\"true\" focusable=\"false\" data-prefix=\"fas\" data-icon=\"chevron-right\" class=\"svg-inline--fa fa-chevron-right\" xmlns=\"http:\/\/www.w3.org\/2000\/svg\" viewBox=\"0 0 320 512\" width=\"32\" height=\"32\"><path d=\"M285.476 272.971L91.132 467.314c-9.373 9.373-24.569 9.373-33.941 0l-22.667-22.667c-9.357-9.357-9.375-24.522-.04-33.901L188.505 256 34.484 101.255c-9.335-9.379-9.317-24.544.04-33.901l22.667-22.667c9.373-9.373 24.569-9.373 33.941 0L285.475 239.03c9.373 9.372 9.373 24.568.001 33.941z\"><\/path><\/svg><\/button><\/div><\/div><div class=\"stk-block-carousel__dots\" role=\"list\" data-label=\"Slide %%d\"><\/div><\/div><\/div>\n\n\n\n<div style=\"height:30px\" aria-hidden=\"true\" class=\"wp-block-spacer\"><\/div>\n\n\n\n<div style=\"height:30px\" aria-hidden=\"true\" class=\"wp-block-spacer\"><\/div>\n\n\n\n<p><em>___________________________________<\/em><\/p>\n\n\n\n<p><em>Allan Carrasco Roman &#8211; RRPP Liquen CCM.<\/em><\/p>\n\n\n\n<p><em>Im\u00e1genes de Alejandro Escobar &#8211; Redes sociales Liquen Centro Cultural<\/em><\/p>\n","protected":false},"excerpt":{"rendered":"<p>Dos jornadas de m\u00fasica y danza folcl\u00f3ricas, reunieron a exponentes de distintas ciudades de la regi\u00f3n de la Araucan\u00eda en el Gimnasio Municipal Carlos Mart\u00ednez de Villarrica. Ante la presencia de un abultado p\u00fablico de la comunidad local como visitantes de la \u00e9poca estival que re\u00fane a miles de personas en la ciudad del lago&hellip;&nbsp;<a href=\"https:\/\/liquencentroculturalvillarrica.cl\/?p=4358\" rel=\"bookmark\">Leer m\u00e1s &raquo;<span class=\"screen-reader-text\">PRIMER FESTIVAL DE M\u00daSICA Y DANZAS FOLCL\u00d3RICAS DE VILLARRICA\u00a0 SUPER\u00d3 EXPECTATIVAS DE LOS ORGANIZADORES<\/span><\/a><\/p>\n","protected":false},"author":1,"featured_media":4362,"comment_status":"open","ping_status":"open","sticky":false,"template":"","format":"standard","meta":{"neve_meta_sidebar":"","neve_meta_container":"","neve_meta_enable_content_width":"","neve_meta_content_width":0,"neve_meta_title_alignment":"","neve_meta_author_avatar":"","neve_post_elements_order":"","neve_meta_disable_header":"","neve_meta_disable_footer":"","neve_meta_disable_title":"","footnotes":""},"categories":[20,22,5,1],"tags":[63,71,72,68,27,70,58,56],"class_list":["post-4358","post","type-post","status-publish","format-standard","has-post-thumbnail","hentry","category-danza","category-musica","category-noticias","category-sin-categoria","tag-63","tag-danzas-folcloricas","tag-festival-folclorico","tag-folclore","tag-liquen","tag-musica-2","tag-verano","tag-villarrica"],"yoast_head":"<!-- This site is optimized with the Yoast SEO plugin v26.7 - https:\/\/yoast.com\/wordpress\/plugins\/seo\/ -->\n<title>FESTIVAL DE M\u00daSICA Y DANZAS FOLCL\u00d3RICAS<\/title>\n<meta name=\"description\" content=\"Dos jornadas de m\u00fasica y danza folcl\u00f3ricas, reunieron a exponentes de distintas ciudades de la regi\u00f3n en el Gimnasio Municipal de Villarrica.\" \/>\n<meta name=\"robots\" content=\"index, follow, max-snippet:-1, max-image-preview:large, max-video-preview:-1\" \/>\n<link rel=\"canonical\" href=\"https:\/\/liquencentroculturalvillarrica.cl\/?p=4358\" \/>\n<meta property=\"og:locale\" content=\"es_ES\" \/>\n<meta property=\"og:type\" content=\"article\" \/>\n<meta property=\"og:title\" content=\"FESTIVAL DE M\u00daSICA Y DANZAS FOLCL\u00d3RICAS\" \/>\n<meta property=\"og:description\" content=\"Dos jornadas de m\u00fasica y danza folcl\u00f3ricas, reunieron a exponentes de distintas ciudades de la regi\u00f3n en el Gimnasio Municipal de Villarrica.\" \/>\n<meta property=\"og:url\" content=\"https:\/\/liquencentroculturalvillarrica.cl\/?p=4358\" \/>\n<meta property=\"og:site_name\" content=\"Liquen Centro Cultural\" \/>\n<meta property=\"article:publisher\" content=\"https:\/\/www.facebook.com\/profile.php?id=100085283714609\" \/>\n<meta property=\"article:published_time\" content=\"2026-02-26T15:52:53+00:00\" \/>\n<meta property=\"article:modified_time\" content=\"2026-03-02T21:08:01+00:00\" \/>\n<meta property=\"og:image\" content=\"https:\/\/liquencentroculturalvillarrica.cl\/wp-content\/uploads\/2026\/02\/1772035222069-scaled.jpg\" \/>\n\t<meta property=\"og:image:width\" content=\"2560\" \/>\n\t<meta property=\"og:image:height\" content=\"1440\" \/>\n\t<meta property=\"og:image:type\" content=\"image\/jpeg\" \/>\n<meta name=\"author\" content=\"Liquen\" \/>\n<meta name=\"twitter:card\" content=\"summary_large_image\" \/>\n<meta name=\"twitter:label1\" content=\"Escrito por\" \/>\n\t<meta name=\"twitter:data1\" content=\"Liquen\" \/>\n\t<meta name=\"twitter:label2\" content=\"Tiempo de lectura\" \/>\n\t<meta name=\"twitter:data2\" content=\"5 minutos\" \/>\n<script type=\"application\/ld+json\" class=\"yoast-schema-graph\">{\"@context\":\"https:\/\/schema.org\",\"@graph\":[{\"@type\":\"Article\",\"@id\":\"https:\/\/liquencentroculturalvillarrica.cl\/?p=4358#article\",\"isPartOf\":{\"@id\":\"https:\/\/liquencentroculturalvillarrica.cl\/?p=4358\"},\"author\":{\"name\":\"Liquen\",\"@id\":\"https:\/\/liquencentroculturalvillarrica.cl\/#\/schema\/person\/427d9157415d981616abe41a49543f36\"},\"headline\":\"PRIMER FESTIVAL DE M\u00daSICA Y DANZAS FOLCL\u00d3RICAS DE VILLARRICA\u00a0 SUPER\u00d3 EXPECTATIVAS DE LOS ORGANIZADORES\",\"datePublished\":\"2026-02-26T15:52:53+00:00\",\"dateModified\":\"2026-03-02T21:08:01+00:00\",\"mainEntityOfPage\":{\"@id\":\"https:\/\/liquencentroculturalvillarrica.cl\/?p=4358\"},\"wordCount\":509,\"commentCount\":0,\"publisher\":{\"@id\":\"https:\/\/liquencentroculturalvillarrica.cl\/#organization\"},\"image\":{\"@id\":\"https:\/\/liquencentroculturalvillarrica.cl\/?p=4358#primaryimage\"},\"thumbnailUrl\":\"https:\/\/liquencentroculturalvillarrica.cl\/wp-content\/uploads\/2026\/02\/1772035222069-scaled.jpg\",\"keywords\":[\"2026\",\"danzas folcloricas\",\"festival folclorico\",\"folclore\",\"liquen\",\"musica\",\"verano\",\"villarrica\"],\"articleSection\":[\"Danza\",\"M\u00fasica\",\"Noticias\"],\"inLanguage\":\"es\",\"potentialAction\":[{\"@type\":\"CommentAction\",\"name\":\"Comment\",\"target\":[\"https:\/\/liquencentroculturalvillarrica.cl\/?p=4358#respond\"]}]},{\"@type\":\"WebPage\",\"@id\":\"https:\/\/liquencentroculturalvillarrica.cl\/?p=4358\",\"url\":\"https:\/\/liquencentroculturalvillarrica.cl\/?p=4358\",\"name\":\"FESTIVAL DE M\u00daSICA Y DANZAS FOLCL\u00d3RICAS\",\"isPartOf\":{\"@id\":\"https:\/\/liquencentroculturalvillarrica.cl\/#website\"},\"primaryImageOfPage\":{\"@id\":\"https:\/\/liquencentroculturalvillarrica.cl\/?p=4358#primaryimage\"},\"image\":{\"@id\":\"https:\/\/liquencentroculturalvillarrica.cl\/?p=4358#primaryimage\"},\"thumbnailUrl\":\"https:\/\/liquencentroculturalvillarrica.cl\/wp-content\/uploads\/2026\/02\/1772035222069-scaled.jpg\",\"datePublished\":\"2026-02-26T15:52:53+00:00\",\"dateModified\":\"2026-03-02T21:08:01+00:00\",\"description\":\"Dos jornadas de m\u00fasica y danza folcl\u00f3ricas, reunieron a exponentes de distintas ciudades de la regi\u00f3n en el Gimnasio Municipal de Villarrica.\",\"breadcrumb\":{\"@id\":\"https:\/\/liquencentroculturalvillarrica.cl\/?p=4358#breadcrumb\"},\"inLanguage\":\"es\",\"potentialAction\":[{\"@type\":\"ReadAction\",\"target\":[\"https:\/\/liquencentroculturalvillarrica.cl\/?p=4358\"]}]},{\"@type\":\"ImageObject\",\"inLanguage\":\"es\",\"@id\":\"https:\/\/liquencentroculturalvillarrica.cl\/?p=4358#primaryimage\",\"url\":\"https:\/\/liquencentroculturalvillarrica.cl\/wp-content\/uploads\/2026\/02\/1772035222069-scaled.jpg\",\"contentUrl\":\"https:\/\/liquencentroculturalvillarrica.cl\/wp-content\/uploads\/2026\/02\/1772035222069-scaled.jpg\",\"width\":2560,\"height\":1440},{\"@type\":\"BreadcrumbList\",\"@id\":\"https:\/\/liquencentroculturalvillarrica.cl\/?p=4358#breadcrumb\",\"itemListElement\":[{\"@type\":\"ListItem\",\"position\":1,\"name\":\"Portada\",\"item\":\"https:\/\/liquencentroculturalvillarrica.cl\/\"},{\"@type\":\"ListItem\",\"position\":2,\"name\":\"PRIMER FESTIVAL DE M\u00daSICA Y DANZAS FOLCL\u00d3RICAS DE VILLARRICA\u00a0 SUPER\u00d3 EXPECTATIVAS DE LOS ORGANIZADORES\"}]},{\"@type\":\"WebSite\",\"@id\":\"https:\/\/liquencentroculturalvillarrica.cl\/#website\",\"url\":\"https:\/\/liquencentroculturalvillarrica.cl\/\",\"name\":\"Liquen Centro Cultural\",\"description\":\"\",\"publisher\":{\"@id\":\"https:\/\/liquencentroculturalvillarrica.cl\/#organization\"},\"potentialAction\":[{\"@type\":\"SearchAction\",\"target\":{\"@type\":\"EntryPoint\",\"urlTemplate\":\"https:\/\/liquencentroculturalvillarrica.cl\/?s={search_term_string}\"},\"query-input\":{\"@type\":\"PropertyValueSpecification\",\"valueRequired\":true,\"valueName\":\"search_term_string\"}}],\"inLanguage\":\"es\"},{\"@type\":\"Organization\",\"@id\":\"https:\/\/liquencentroculturalvillarrica.cl\/#organization\",\"name\":\"Liquen Centro Cultural\",\"url\":\"https:\/\/liquencentroculturalvillarrica.cl\/\",\"logo\":{\"@type\":\"ImageObject\",\"inLanguage\":\"es\",\"@id\":\"https:\/\/liquencentroculturalvillarrica.cl\/#\/schema\/logo\/image\/\",\"url\":\"https:\/\/liquencentroculturalvillarrica.cl\/wp-content\/uploads\/2023\/07\/Marca-Liquen-Centro-Cultural-Municipal-Villarrica2-1_Mesa-de-trabajo-1.png\",\"contentUrl\":\"https:\/\/liquencentroculturalvillarrica.cl\/wp-content\/uploads\/2023\/07\/Marca-Liquen-Centro-Cultural-Municipal-Villarrica2-1_Mesa-de-trabajo-1.png\",\"width\":3300,\"height\":2550,\"caption\":\"Liquen Centro Cultural\"},\"image\":{\"@id\":\"https:\/\/liquencentroculturalvillarrica.cl\/#\/schema\/logo\/image\/\"},\"sameAs\":[\"https:\/\/www.facebook.com\/profile.php?id=100085283714609\",\"https:\/\/www.instagram.com\/villarricacentrocultural\/\",\"https:\/\/www.youtube.com\/channel\/UCQCChCLB8KB4ckeIXmpHNQw\"]},{\"@type\":\"Person\",\"@id\":\"https:\/\/liquencentroculturalvillarrica.cl\/#\/schema\/person\/427d9157415d981616abe41a49543f36\",\"name\":\"Liquen\",\"image\":{\"@type\":\"ImageObject\",\"inLanguage\":\"es\",\"@id\":\"https:\/\/liquencentroculturalvillarrica.cl\/#\/schema\/person\/image\/\",\"url\":\"https:\/\/secure.gravatar.com\/avatar\/c3433ef77dd4f91e7fede9f9521759ea33f87a092b5c394a0ba9665a3c4341f7?s=96&d=mm&r=g\",\"contentUrl\":\"https:\/\/secure.gravatar.com\/avatar\/c3433ef77dd4f91e7fede9f9521759ea33f87a092b5c394a0ba9665a3c4341f7?s=96&d=mm&r=g\",\"caption\":\"Liquen\"},\"sameAs\":[\"http:\/\/liquencentroculturalvillarrica.cl\"],\"url\":\"https:\/\/liquencentroculturalvillarrica.cl\/?author=1\"}]}<\/script>\n<!-- \/ Yoast SEO plugin. -->","yoast_head_json":{"title":"FESTIVAL DE M\u00daSICA Y DANZAS FOLCL\u00d3RICAS","description":"Dos jornadas de m\u00fasica y danza folcl\u00f3ricas, reunieron a exponentes de distintas ciudades de la regi\u00f3n en el Gimnasio Municipal de Villarrica.","robots":{"index":"index","follow":"follow","max-snippet":"max-snippet:-1","max-image-preview":"max-image-preview:large","max-video-preview":"max-video-preview:-1"},"canonical":"https:\/\/liquencentroculturalvillarrica.cl\/?p=4358","og_locale":"es_ES","og_type":"article","og_title":"FESTIVAL DE M\u00daSICA Y DANZAS FOLCL\u00d3RICAS","og_description":"Dos jornadas de m\u00fasica y danza folcl\u00f3ricas, reunieron a exponentes de distintas ciudades de la regi\u00f3n en el Gimnasio Municipal de Villarrica.","og_url":"https:\/\/liquencentroculturalvillarrica.cl\/?p=4358","og_site_name":"Liquen Centro Cultural","article_publisher":"https:\/\/www.facebook.com\/profile.php?id=100085283714609","article_published_time":"2026-02-26T15:52:53+00:00","article_modified_time":"2026-03-02T21:08:01+00:00","og_image":[{"width":2560,"height":1440,"url":"https:\/\/liquencentroculturalvillarrica.cl\/wp-content\/uploads\/2026\/02\/1772035222069-scaled.jpg","type":"image\/jpeg"}],"author":"Liquen","twitter_card":"summary_large_image","twitter_misc":{"Escrito por":"Liquen","Tiempo de lectura":"5 minutos"},"schema":{"@context":"https:\/\/schema.org","@graph":[{"@type":"Article","@id":"https:\/\/liquencentroculturalvillarrica.cl\/?p=4358#article","isPartOf":{"@id":"https:\/\/liquencentroculturalvillarrica.cl\/?p=4358"},"author":{"name":"Liquen","@id":"https:\/\/liquencentroculturalvillarrica.cl\/#\/schema\/person\/427d9157415d981616abe41a49543f36"},"headline":"PRIMER FESTIVAL DE M\u00daSICA Y DANZAS FOLCL\u00d3RICAS DE VILLARRICA\u00a0 SUPER\u00d3 EXPECTATIVAS DE LOS ORGANIZADORES","datePublished":"2026-02-26T15:52:53+00:00","dateModified":"2026-03-02T21:08:01+00:00","mainEntityOfPage":{"@id":"https:\/\/liquencentroculturalvillarrica.cl\/?p=4358"},"wordCount":509,"commentCount":0,"publisher":{"@id":"https:\/\/liquencentroculturalvillarrica.cl\/#organization"},"image":{"@id":"https:\/\/liquencentroculturalvillarrica.cl\/?p=4358#primaryimage"},"thumbnailUrl":"https:\/\/liquencentroculturalvillarrica.cl\/wp-content\/uploads\/2026\/02\/1772035222069-scaled.jpg","keywords":["2026","danzas folcloricas","festival folclorico","folclore","liquen","musica","verano","villarrica"],"articleSection":["Danza","M\u00fasica","Noticias"],"inLanguage":"es","potentialAction":[{"@type":"CommentAction","name":"Comment","target":["https:\/\/liquencentroculturalvillarrica.cl\/?p=4358#respond"]}]},{"@type":"WebPage","@id":"https:\/\/liquencentroculturalvillarrica.cl\/?p=4358","url":"https:\/\/liquencentroculturalvillarrica.cl\/?p=4358","name":"FESTIVAL DE M\u00daSICA Y DANZAS FOLCL\u00d3RICAS","isPartOf":{"@id":"https:\/\/liquencentroculturalvillarrica.cl\/#website"},"primaryImageOfPage":{"@id":"https:\/\/liquencentroculturalvillarrica.cl\/?p=4358#primaryimage"},"image":{"@id":"https:\/\/liquencentroculturalvillarrica.cl\/?p=4358#primaryimage"},"thumbnailUrl":"https:\/\/liquencentroculturalvillarrica.cl\/wp-content\/uploads\/2026\/02\/1772035222069-scaled.jpg","datePublished":"2026-02-26T15:52:53+00:00","dateModified":"2026-03-02T21:08:01+00:00","description":"Dos jornadas de m\u00fasica y danza folcl\u00f3ricas, reunieron a exponentes de distintas ciudades de la regi\u00f3n en el Gimnasio Municipal de Villarrica.","breadcrumb":{"@id":"https:\/\/liquencentroculturalvillarrica.cl\/?p=4358#breadcrumb"},"inLanguage":"es","potentialAction":[{"@type":"ReadAction","target":["https:\/\/liquencentroculturalvillarrica.cl\/?p=4358"]}]},{"@type":"ImageObject","inLanguage":"es","@id":"https:\/\/liquencentroculturalvillarrica.cl\/?p=4358#primaryimage","url":"https:\/\/liquencentroculturalvillarrica.cl\/wp-content\/uploads\/2026\/02\/1772035222069-scaled.jpg","contentUrl":"https:\/\/liquencentroculturalvillarrica.cl\/wp-content\/uploads\/2026\/02\/1772035222069-scaled.jpg","width":2560,"height":1440},{"@type":"BreadcrumbList","@id":"https:\/\/liquencentroculturalvillarrica.cl\/?p=4358#breadcrumb","itemListElement":[{"@type":"ListItem","position":1,"name":"Portada","item":"https:\/\/liquencentroculturalvillarrica.cl\/"},{"@type":"ListItem","position":2,"name":"PRIMER FESTIVAL DE M\u00daSICA Y DANZAS FOLCL\u00d3RICAS DE VILLARRICA\u00a0 SUPER\u00d3 EXPECTATIVAS DE LOS ORGANIZADORES"}]},{"@type":"WebSite","@id":"https:\/\/liquencentroculturalvillarrica.cl\/#website","url":"https:\/\/liquencentroculturalvillarrica.cl\/","name":"Liquen Centro Cultural","description":"","publisher":{"@id":"https:\/\/liquencentroculturalvillarrica.cl\/#organization"},"potentialAction":[{"@type":"SearchAction","target":{"@type":"EntryPoint","urlTemplate":"https:\/\/liquencentroculturalvillarrica.cl\/?s={search_term_string}"},"query-input":{"@type":"PropertyValueSpecification","valueRequired":true,"valueName":"search_term_string"}}],"inLanguage":"es"},{"@type":"Organization","@id":"https:\/\/liquencentroculturalvillarrica.cl\/#organization","name":"Liquen Centro Cultural","url":"https:\/\/liquencentroculturalvillarrica.cl\/","logo":{"@type":"ImageObject","inLanguage":"es","@id":"https:\/\/liquencentroculturalvillarrica.cl\/#\/schema\/logo\/image\/","url":"https:\/\/liquencentroculturalvillarrica.cl\/wp-content\/uploads\/2023\/07\/Marca-Liquen-Centro-Cultural-Municipal-Villarrica2-1_Mesa-de-trabajo-1.png","contentUrl":"https:\/\/liquencentroculturalvillarrica.cl\/wp-content\/uploads\/2023\/07\/Marca-Liquen-Centro-Cultural-Municipal-Villarrica2-1_Mesa-de-trabajo-1.png","width":3300,"height":2550,"caption":"Liquen Centro Cultural"},"image":{"@id":"https:\/\/liquencentroculturalvillarrica.cl\/#\/schema\/logo\/image\/"},"sameAs":["https:\/\/www.facebook.com\/profile.php?id=100085283714609","https:\/\/www.instagram.com\/villarricacentrocultural\/","https:\/\/www.youtube.com\/channel\/UCQCChCLB8KB4ckeIXmpHNQw"]},{"@type":"Person","@id":"https:\/\/liquencentroculturalvillarrica.cl\/#\/schema\/person\/427d9157415d981616abe41a49543f36","name":"Liquen","image":{"@type":"ImageObject","inLanguage":"es","@id":"https:\/\/liquencentroculturalvillarrica.cl\/#\/schema\/person\/image\/","url":"https:\/\/secure.gravatar.com\/avatar\/c3433ef77dd4f91e7fede9f9521759ea33f87a092b5c394a0ba9665a3c4341f7?s=96&d=mm&r=g","contentUrl":"https:\/\/secure.gravatar.com\/avatar\/c3433ef77dd4f91e7fede9f9521759ea33f87a092b5c394a0ba9665a3c4341f7?s=96&d=mm&r=g","caption":"Liquen"},"sameAs":["http:\/\/liquencentroculturalvillarrica.cl"],"url":"https:\/\/liquencentroculturalvillarrica.cl\/?author=1"}]}},"featured_image_src":"https:\/\/liquencentroculturalvillarrica.cl\/wp-content\/uploads\/2026\/02\/1772035222069-600x400.jpg","featured_image_src_square":"https:\/\/liquencentroculturalvillarrica.cl\/wp-content\/uploads\/2026\/02\/1772035222069-600x600.jpg","author_info":{"display_name":"Liquen","author_link":"https:\/\/liquencentroculturalvillarrica.cl\/?author=1"},"_links":{"self":[{"href":"https:\/\/liquencentroculturalvillarrica.cl\/index.php?rest_route=\/wp\/v2\/posts\/4358","targetHints":{"allow":["GET"]}}],"collection":[{"href":"https:\/\/liquencentroculturalvillarrica.cl\/index.php?rest_route=\/wp\/v2\/posts"}],"about":[{"href":"https:\/\/liquencentroculturalvillarrica.cl\/index.php?rest_route=\/wp\/v2\/types\/post"}],"author":[{"embeddable":true,"href":"https:\/\/liquencentroculturalvillarrica.cl\/index.php?rest_route=\/wp\/v2\/users\/1"}],"replies":[{"embeddable":true,"href":"https:\/\/liquencentroculturalvillarrica.cl\/index.php?rest_route=%2Fwp%2Fv2%2Fcomments&post=4358"}],"version-history":[{"count":11,"href":"https:\/\/liquencentroculturalvillarrica.cl\/index.php?rest_route=\/wp\/v2\/posts\/4358\/revisions"}],"predecessor-version":[{"id":4437,"href":"https:\/\/liquencentroculturalvillarrica.cl\/index.php?rest_route=\/wp\/v2\/posts\/4358\/revisions\/4437"}],"wp:featuredmedia":[{"embeddable":true,"href":"https:\/\/liquencentroculturalvillarrica.cl\/index.php?rest_route=\/wp\/v2\/media\/4362"}],"wp:attachment":[{"href":"https:\/\/liquencentroculturalvillarrica.cl\/index.php?rest_route=%2Fwp%2Fv2%2Fmedia&parent=4358"}],"wp:term":[{"taxonomy":"category","embeddable":true,"href":"https:\/\/liquencentroculturalvillarrica.cl\/index.php?rest_route=%2Fwp%2Fv2%2Fcategories&post=4358"},{"taxonomy":"post_tag","embeddable":true,"href":"https:\/\/liquencentroculturalvillarrica.cl\/index.php?rest_route=%2Fwp%2Fv2%2Ftags&post=4358"}],"curies":[{"name":"wp","href":"https:\/\/api.w.org\/{rel}","templated":true}]}}