{"id":4325,"date":"2026-02-04T16:06:53","date_gmt":"2026-02-04T16:06:53","guid":{"rendered":"https:\/\/liquencentroculturalvillarrica.cl\/?p=4325"},"modified":"2026-02-26T16:22:37","modified_gmt":"2026-02-26T16:22:37","slug":"dia-de-los-patrimonios-en-verano-en-liquen","status":"publish","type":"post","link":"https:\/\/liquencentroculturalvillarrica.cl\/?p=4325","title":{"rendered":"M\u00c1S DE QUINIENTAS PERSONAS PARTICIPARON DEL D\u00cdA DE LOS PATRIMONIOS EN VERANO EN LIQUEN CENTRO CULTURAL MUNICIPAL"},"content":{"rendered":"\n<p><em>Durante todo el d\u00eda s\u00e1bado 31 pasado, desfilaron por dependencias del Centro Cultural Municipal de Villarrica, centenares de personas, grandes y chicos, chilenos y argentinos (visitantes) en las diversas actividades programadas para la primera celebraci\u00f3n del \u201cD\u00eda de los Patrimonios de verano\u201d a nivel pa\u00eds.<\/em><\/p>\n\n\n\n<p>Villarrica no fue la excepci\u00f3n, en esta importante fecha que marc\u00f3 el inicio a nivel nacional del D\u00eda de Los Patrimonios de Verano, instituida por el <a href=\"https:\/\/www.cultura.gob.cl\/\">Ministerio de las Culturas las Artes y el Patrimonio<\/a>, para poner en valor los patrimonios del pa\u00eds, asociados a los meses estivales. Fue as\u00ed como el s\u00e1bado 31 d\u00eda de dicha celebraci\u00f3n, temprano por la ma\u00f1ana comenz\u00f3 el movimiento en Liquen, con un equipo de decenas de personas, montando una exposici\u00f3n, preparando la sala de teatro y montando los teatrinos denominados Lambe Lambe para el desarrollo de las diversas actividades programadas para la ocasi\u00f3n.\u00a0 Todo qued\u00f3 listo para recibir al p\u00fablico a las 11.00 hrs, cuando empezaron a llegar los primeros visitantes.<\/p>\n\n\n\n<p>&nbsp;<strong>OFICINA DE DESARROLLO MAPUCHE MUNICIPAL<\/strong><\/p>\n\n\n\n<p>La dependencia municipal que se encarga de los asuntos ind\u00edgenas conocida ahora como \u201cDesarrollo Mapuche\u201d mont\u00f3 una exposici\u00f3n donde 7 organizaciones que funcionan al alero de dicho ente municipal, presentaron sus trabajos patrimoniales, donde mostraron a los cultores, \u2018patrimonios vivos\u2019 de distintas disciplinas ancestrales, como lo son los tejidos a telar, trabajos en Pita \u00d1ocha, Arte pict\u00f3rico e incluso una singular muestra de trabajos en plater\u00eda mapuche.<\/p>\n\n\n\n<div class=\"wp-block-stackable-carousel stk-block-carousel stk--is-slide stk--arrows-justify-space-between stk--arrows-align-center stk-block stk-7ac34fe\" data-slides-to-show=\"\" data-block-id=\"7ac34fe\"><div class=\"stk-block-carousel__content-wrapper\"><div class=\"stk-row stk-inner-blocks stk-block-content stk-block-carousel__slider-wrapper stk-content-align stk-7ac34fe-column\"><div class=\"stk-block-carousel__slider\" role=\"list\" data-autoplay=\"4000\" data-label-slide-of=\"Slide %%d of %%d\" tabindex=\"0\">\n<div class=\"wp-block-stackable-column stk-block-column stk-column stk-block stk-0b61f1d\" data-v=\"4\" data-block-id=\"0b61f1d\"><div class=\"stk-column-wrapper stk-block-column__content stk-container stk-0b61f1d-container stk--no-background stk--no-padding\"><div class=\"stk-block-content stk-inner-blocks stk-0b61f1d-inner-blocks\">\n<figure class=\"wp-block-image size-full\"><img loading=\"lazy\" decoding=\"async\" width=\"1600\" height=\"1200\" src=\"https:\/\/liquencentroculturalvillarrica.cl\/wp-content\/uploads\/2026\/02\/WhatsApp-Image-2026-02-02-at-11.51.58-AM-3.jpeg\" alt=\"Obra de t\u00edteres &quot;El Regalo&quot; en Liquen para el d\u00eda de los Patrimonios.\" class=\"wp-image-4326\" srcset=\"https:\/\/liquencentroculturalvillarrica.cl\/wp-content\/uploads\/2026\/02\/WhatsApp-Image-2026-02-02-at-11.51.58-AM-3.jpeg 1600w, https:\/\/liquencentroculturalvillarrica.cl\/wp-content\/uploads\/2026\/02\/WhatsApp-Image-2026-02-02-at-11.51.58-AM-3-300x225.jpeg 300w, https:\/\/liquencentroculturalvillarrica.cl\/wp-content\/uploads\/2026\/02\/WhatsApp-Image-2026-02-02-at-11.51.58-AM-3-1024x768.jpeg 1024w, https:\/\/liquencentroculturalvillarrica.cl\/wp-content\/uploads\/2026\/02\/WhatsApp-Image-2026-02-02-at-11.51.58-AM-3-768x576.jpeg 768w, https:\/\/liquencentroculturalvillarrica.cl\/wp-content\/uploads\/2026\/02\/WhatsApp-Image-2026-02-02-at-11.51.58-AM-3-1536x1152.jpeg 1536w\" sizes=\"auto, (max-width: 1600px) 100vw, 1600px\" \/><\/figure>\n<\/div><\/div><\/div>\n\n\n\n<div class=\"wp-block-stackable-column stk-block-column stk-column stk-block stk-992bc00\" data-v=\"4\" data-block-id=\"992bc00\"><div class=\"stk-column-wrapper stk-block-column__content stk-container stk-992bc00-container stk--no-background stk--no-padding\"><div class=\"stk-block-content stk-inner-blocks stk-992bc00-inner-blocks\">\n<figure class=\"wp-block-image size-full\"><img loading=\"lazy\" decoding=\"async\" width=\"1600\" height=\"1200\" src=\"https:\/\/liquencentroculturalvillarrica.cl\/wp-content\/uploads\/2026\/02\/WhatsApp-Image-2026-02-02-at-11.51.58-AM-2.jpeg\" alt=\"\" class=\"wp-image-4327\" srcset=\"https:\/\/liquencentroculturalvillarrica.cl\/wp-content\/uploads\/2026\/02\/WhatsApp-Image-2026-02-02-at-11.51.58-AM-2.jpeg 1600w, https:\/\/liquencentroculturalvillarrica.cl\/wp-content\/uploads\/2026\/02\/WhatsApp-Image-2026-02-02-at-11.51.58-AM-2-300x225.jpeg 300w, https:\/\/liquencentroculturalvillarrica.cl\/wp-content\/uploads\/2026\/02\/WhatsApp-Image-2026-02-02-at-11.51.58-AM-2-1024x768.jpeg 1024w, https:\/\/liquencentroculturalvillarrica.cl\/wp-content\/uploads\/2026\/02\/WhatsApp-Image-2026-02-02-at-11.51.58-AM-2-768x576.jpeg 768w, https:\/\/liquencentroculturalvillarrica.cl\/wp-content\/uploads\/2026\/02\/WhatsApp-Image-2026-02-02-at-11.51.58-AM-2-1536x1152.jpeg 1536w\" sizes=\"auto, (max-width: 1600px) 100vw, 1600px\" \/><\/figure>\n<\/div><\/div><\/div>\n\n\n\n<div class=\"wp-block-stackable-column stk-block-column stk-column stk-block stk-85684d8\" data-v=\"4\" data-block-id=\"85684d8\"><div class=\"stk-column-wrapper stk-block-column__content stk-container stk-85684d8-container stk--no-background stk--no-padding\"><div class=\"stk-block-content stk-inner-blocks stk-85684d8-inner-blocks\">\n<figure class=\"wp-block-image size-full\"><img loading=\"lazy\" decoding=\"async\" width=\"1600\" height=\"1200\" src=\"https:\/\/liquencentroculturalvillarrica.cl\/wp-content\/uploads\/2026\/02\/WhatsApp-Image-2026-02-02-at-11.51.59-AM.jpeg\" alt=\"\" class=\"wp-image-4328\" srcset=\"https:\/\/liquencentroculturalvillarrica.cl\/wp-content\/uploads\/2026\/02\/WhatsApp-Image-2026-02-02-at-11.51.59-AM.jpeg 1600w, https:\/\/liquencentroculturalvillarrica.cl\/wp-content\/uploads\/2026\/02\/WhatsApp-Image-2026-02-02-at-11.51.59-AM-300x225.jpeg 300w, https:\/\/liquencentroculturalvillarrica.cl\/wp-content\/uploads\/2026\/02\/WhatsApp-Image-2026-02-02-at-11.51.59-AM-1024x768.jpeg 1024w, https:\/\/liquencentroculturalvillarrica.cl\/wp-content\/uploads\/2026\/02\/WhatsApp-Image-2026-02-02-at-11.51.59-AM-768x576.jpeg 768w, https:\/\/liquencentroculturalvillarrica.cl\/wp-content\/uploads\/2026\/02\/WhatsApp-Image-2026-02-02-at-11.51.59-AM-1536x1152.jpeg 1536w\" sizes=\"auto, (max-width: 1600px) 100vw, 1600px\" \/><\/figure>\n<\/div><\/div><\/div>\n\n\n\n<div class=\"wp-block-stackable-column stk-block-column stk-column stk-block stk-7a272d2\" data-v=\"4\" data-block-id=\"7a272d2\"><div class=\"stk-column-wrapper stk-block-column__content stk-container stk-7a272d2-container stk--no-background stk--no-padding\"><div class=\"stk-block-content stk-inner-blocks stk-7a272d2-inner-blocks\">\n<figure class=\"wp-block-image size-full\"><img loading=\"lazy\" decoding=\"async\" width=\"1600\" height=\"1200\" src=\"https:\/\/liquencentroculturalvillarrica.cl\/wp-content\/uploads\/2026\/02\/WhatsApp-Image-2026-02-02-at-11.51.57-AM-1.jpeg\" alt=\"\" class=\"wp-image-4329\" srcset=\"https:\/\/liquencentroculturalvillarrica.cl\/wp-content\/uploads\/2026\/02\/WhatsApp-Image-2026-02-02-at-11.51.57-AM-1.jpeg 1600w, https:\/\/liquencentroculturalvillarrica.cl\/wp-content\/uploads\/2026\/02\/WhatsApp-Image-2026-02-02-at-11.51.57-AM-1-300x225.jpeg 300w, https:\/\/liquencentroculturalvillarrica.cl\/wp-content\/uploads\/2026\/02\/WhatsApp-Image-2026-02-02-at-11.51.57-AM-1-1024x768.jpeg 1024w, https:\/\/liquencentroculturalvillarrica.cl\/wp-content\/uploads\/2026\/02\/WhatsApp-Image-2026-02-02-at-11.51.57-AM-1-768x576.jpeg 768w, https:\/\/liquencentroculturalvillarrica.cl\/wp-content\/uploads\/2026\/02\/WhatsApp-Image-2026-02-02-at-11.51.57-AM-1-1536x1152.jpeg 1536w\" sizes=\"auto, (max-width: 1600px) 100vw, 1600px\" \/><\/figure>\n<\/div><\/div><\/div>\n\n\n\n<div class=\"wp-block-stackable-column stk-block-column stk-column stk-block stk-25cc58f\" data-v=\"4\" data-block-id=\"25cc58f\"><div class=\"stk-column-wrapper stk-block-column__content stk-container stk-25cc58f-container stk--no-background stk--no-padding\"><div class=\"stk-block-content stk-inner-blocks stk-25cc58f-inner-blocks\">\n<figure class=\"wp-block-image size-full\"><img loading=\"lazy\" decoding=\"async\" width=\"1600\" height=\"1200\" src=\"https:\/\/liquencentroculturalvillarrica.cl\/wp-content\/uploads\/2026\/02\/WhatsApp-Image-2026-02-02-at-11.51.58-AM.jpeg\" alt=\"\" class=\"wp-image-4330\" srcset=\"https:\/\/liquencentroculturalvillarrica.cl\/wp-content\/uploads\/2026\/02\/WhatsApp-Image-2026-02-02-at-11.51.58-AM.jpeg 1600w, https:\/\/liquencentroculturalvillarrica.cl\/wp-content\/uploads\/2026\/02\/WhatsApp-Image-2026-02-02-at-11.51.58-AM-300x225.jpeg 300w, https:\/\/liquencentroculturalvillarrica.cl\/wp-content\/uploads\/2026\/02\/WhatsApp-Image-2026-02-02-at-11.51.58-AM-1024x768.jpeg 1024w, https:\/\/liquencentroculturalvillarrica.cl\/wp-content\/uploads\/2026\/02\/WhatsApp-Image-2026-02-02-at-11.51.58-AM-768x576.jpeg 768w, https:\/\/liquencentroculturalvillarrica.cl\/wp-content\/uploads\/2026\/02\/WhatsApp-Image-2026-02-02-at-11.51.58-AM-1536x1152.jpeg 1536w\" sizes=\"auto, (max-width: 1600px) 100vw, 1600px\" \/><\/figure>\n<\/div><\/div><\/div>\n\n\n\n<div class=\"wp-block-stackable-column stk-block-column stk-column stk-block stk-6009b3a\" data-v=\"4\" data-block-id=\"6009b3a\"><div class=\"stk-column-wrapper stk-block-column__content stk-container stk-6009b3a-container stk--no-background stk--no-padding\"><div class=\"stk-block-content stk-inner-blocks stk-6009b3a-inner-blocks\">\n<figure class=\"wp-block-image size-full\"><img loading=\"lazy\" decoding=\"async\" width=\"1600\" height=\"1200\" src=\"https:\/\/liquencentroculturalvillarrica.cl\/wp-content\/uploads\/2026\/02\/WhatsApp-Image-2026-02-02-at-11.51.55-AM-1.jpeg\" alt=\"\" class=\"wp-image-4331\" srcset=\"https:\/\/liquencentroculturalvillarrica.cl\/wp-content\/uploads\/2026\/02\/WhatsApp-Image-2026-02-02-at-11.51.55-AM-1.jpeg 1600w, https:\/\/liquencentroculturalvillarrica.cl\/wp-content\/uploads\/2026\/02\/WhatsApp-Image-2026-02-02-at-11.51.55-AM-1-300x225.jpeg 300w, https:\/\/liquencentroculturalvillarrica.cl\/wp-content\/uploads\/2026\/02\/WhatsApp-Image-2026-02-02-at-11.51.55-AM-1-1024x768.jpeg 1024w, https:\/\/liquencentroculturalvillarrica.cl\/wp-content\/uploads\/2026\/02\/WhatsApp-Image-2026-02-02-at-11.51.55-AM-1-768x576.jpeg 768w, https:\/\/liquencentroculturalvillarrica.cl\/wp-content\/uploads\/2026\/02\/WhatsApp-Image-2026-02-02-at-11.51.55-AM-1-1536x1152.jpeg 1536w\" sizes=\"auto, (max-width: 1600px) 100vw, 1600px\" \/><\/figure>\n<\/div><\/div><\/div>\n\n\n\n<div class=\"wp-block-stackable-column stk-block-column stk-column stk-block stk-3be8231\" data-v=\"4\" data-block-id=\"3be8231\"><div class=\"stk-column-wrapper stk-block-column__content stk-container stk-3be8231-container stk--no-background stk--no-padding\"><div class=\"stk-block-content stk-inner-blocks stk-3be8231-inner-blocks\">\n<figure class=\"wp-block-image size-full\"><img loading=\"lazy\" decoding=\"async\" width=\"1600\" height=\"1200\" src=\"https:\/\/liquencentroculturalvillarrica.cl\/wp-content\/uploads\/2026\/02\/WhatsApp-Image-2026-02-02-at-11.51.58-AM-4.jpeg\" alt=\"\" class=\"wp-image-4339\" srcset=\"https:\/\/liquencentroculturalvillarrica.cl\/wp-content\/uploads\/2026\/02\/WhatsApp-Image-2026-02-02-at-11.51.58-AM-4.jpeg 1600w, https:\/\/liquencentroculturalvillarrica.cl\/wp-content\/uploads\/2026\/02\/WhatsApp-Image-2026-02-02-at-11.51.58-AM-4-300x225.jpeg 300w, https:\/\/liquencentroculturalvillarrica.cl\/wp-content\/uploads\/2026\/02\/WhatsApp-Image-2026-02-02-at-11.51.58-AM-4-1024x768.jpeg 1024w, https:\/\/liquencentroculturalvillarrica.cl\/wp-content\/uploads\/2026\/02\/WhatsApp-Image-2026-02-02-at-11.51.58-AM-4-768x576.jpeg 768w, https:\/\/liquencentroculturalvillarrica.cl\/wp-content\/uploads\/2026\/02\/WhatsApp-Image-2026-02-02-at-11.51.58-AM-4-1536x1152.jpeg 1536w\" sizes=\"auto, (max-width: 1600px) 100vw, 1600px\" \/><\/figure>\n<\/div><\/div><\/div>\n\n\n\n<div class=\"wp-block-stackable-column stk-block-column stk-column stk-block stk-b06ff48\" data-v=\"4\" data-block-id=\"b06ff48\"><div class=\"stk-column-wrapper stk-block-column__content stk-container stk-b06ff48-container stk--no-background stk--no-padding\"><div class=\"stk-block-content stk-inner-blocks stk-b06ff48-inner-blocks\">\n<figure class=\"wp-block-image size-full\"><img loading=\"lazy\" decoding=\"async\" width=\"1600\" height=\"1200\" src=\"https:\/\/liquencentroculturalvillarrica.cl\/wp-content\/uploads\/2026\/02\/WhatsApp-Image-2026-02-02-at-11.51.55-AM-2.jpeg\" alt=\"\" class=\"wp-image-4340\" srcset=\"https:\/\/liquencentroculturalvillarrica.cl\/wp-content\/uploads\/2026\/02\/WhatsApp-Image-2026-02-02-at-11.51.55-AM-2.jpeg 1600w, https:\/\/liquencentroculturalvillarrica.cl\/wp-content\/uploads\/2026\/02\/WhatsApp-Image-2026-02-02-at-11.51.55-AM-2-300x225.jpeg 300w, https:\/\/liquencentroculturalvillarrica.cl\/wp-content\/uploads\/2026\/02\/WhatsApp-Image-2026-02-02-at-11.51.55-AM-2-1024x768.jpeg 1024w, https:\/\/liquencentroculturalvillarrica.cl\/wp-content\/uploads\/2026\/02\/WhatsApp-Image-2026-02-02-at-11.51.55-AM-2-768x576.jpeg 768w, https:\/\/liquencentroculturalvillarrica.cl\/wp-content\/uploads\/2026\/02\/WhatsApp-Image-2026-02-02-at-11.51.55-AM-2-1536x1152.jpeg 1536w\" sizes=\"auto, (max-width: 1600px) 100vw, 1600px\" \/><\/figure>\n<\/div><\/div><\/div>\n<\/div><div class=\"stk-block-carousel__buttons\"><button class=\"stk-block-carousel__button stk-block-carousel__button__prev\" aria-label=\"Previous slide\"><svg aria-hidden=\"true\" focusable=\"false\" data-prefix=\"fas\" data-icon=\"chevron-left\" class=\"svg-inline--fa fa-chevron-left\" xmlns=\"http:\/\/www.w3.org\/2000\/svg\" viewBox=\"0 0 320 512\" width=\"32\" height=\"32\"><path d=\"M34.52 239.03L228.87 44.69c9.37-9.37 24.57-9.37 33.94 0l22.67 22.67c9.36 9.36 9.37 24.52.04 33.9L131.49 256l154.02 154.75c9.34 9.38 9.32 24.54-.04 33.9l-22.67 22.67c-9.37 9.37-24.57 9.37-33.94 0L34.52 272.97c-9.37-9.37-9.37-24.57 0-33.94z\"><\/path><\/svg><\/button><button class=\"stk-block-carousel__button stk-block-carousel__button__next\" aria-label=\"Next slide\"><svg aria-hidden=\"true\" focusable=\"false\" data-prefix=\"fas\" data-icon=\"chevron-right\" class=\"svg-inline--fa fa-chevron-right\" xmlns=\"http:\/\/www.w3.org\/2000\/svg\" viewBox=\"0 0 320 512\" width=\"32\" height=\"32\"><path d=\"M285.476 272.971L91.132 467.314c-9.373 9.373-24.569 9.373-33.941 0l-22.667-22.667c-9.357-9.357-9.375-24.522-.04-33.901L188.505 256 34.484 101.255c-9.335-9.379-9.317-24.544.04-33.901l22.667-22.667c9.373-9.373 24.569-9.373 33.941 0L285.475 239.03c9.373 9.372 9.373 24.568.001 33.941z\"><\/path><\/svg><\/button><\/div><\/div><div class=\"stk-block-carousel__dots\" role=\"list\" data-label=\"Slide %%d\"><\/div><\/div><\/div>\n\n\n\n<p><strong>COMPA\u00d1\u00cdA KANELO M\u00c1GICO<\/strong><\/p>\n\n\n\n<p>La compa\u00f1\u00eda de T\u00edteres Kanelo M\u00e1gico, que tiene una gran trayectoria de m\u00e1s de 25 a\u00f1os en escena desarroll\u00f3 su actividad que incluy\u00f3 la presentaci\u00f3n de una <a href=\"https:\/\/liquencentroculturalvillarrica.cl\/\">obra para ni\u00f1os denominada \u201cEl Regalo\u201d<\/a> la que se present\u00f3 en el teatro Liquen ante la presencia de decenas de ni\u00f1os que rieron e interactuaron con los protagonistas. Esta compa\u00f1\u00eda tambi\u00e9n present\u00f3 a peque\u00f1os actores que dieron vida a los Lambe Lambe (peque\u00f1os teatrillos) en el hall principal del centro cultural.<\/p>\n\n\n\n<p>El director de Centro Cultural Sebasti\u00e1n Henr\u00edquez, junto a su equipo de colaboradores, calificaron como exitosa la celebraci\u00f3n en la comuna, desde el punto de vista de la calidad de lo presentado, como tambi\u00e9n la cantidad de visitantes que superaron lo esperado y el recuento final arroj\u00f3 que se entregaron m\u00e1s de quinientos pasaportes culturales durante el d\u00eda.<\/p>\n\n\n\n<div class=\"wp-block-stackable-columns stk-block-columns stk-block stk-24609cb\" data-block-id=\"24609cb\"><div class=\"stk-row stk-inner-blocks stk-block-content stk-content-align stk-24609cb-column\">\n<div class=\"wp-block-stackable-column stk-block-column stk-column stk-block stk-f46c119\" data-v=\"4\" data-block-id=\"f46c119\"><div class=\"stk-column-wrapper stk-block-column__content stk-container stk-f46c119-container stk--no-background stk--no-padding\"><div class=\"stk-block-content stk-inner-blocks stk-f46c119-inner-blocks\">\n<div class=\"wp-block-stackable-carousel stk-block-carousel stk--is-slide stk--arrows-justify-space-between stk--arrows-align-center stk-block stk-db29fc0\" data-slides-to-show=\"\" data-block-id=\"db29fc0\"><style>.stk-db29fc0 {align-items:center !important;display:flex !important;}<\/style><div class=\"stk-block-carousel__content-wrapper\"><div class=\"stk-row stk-inner-blocks stk-block-content stk-block-carousel__slider-wrapper stk-content-align stk-db29fc0-column\"><div class=\"stk-block-carousel__slider\" role=\"list\" data-autoplay=\"4000\" data-label-slide-of=\"Slide %%d of %%d\" tabindex=\"0\">\n<div class=\"wp-block-stackable-column stk-block-column stk-column stk-block stk-27a595d\" data-v=\"4\" data-block-id=\"27a595d\"><style>.stk-27a595d {align-self:center !important;}<\/style><div class=\"stk-column-wrapper stk-block-column__content stk-container stk-27a595d-container stk--no-background stk--no-padding\"><div class=\"stk-block-content stk-inner-blocks stk-27a595d-inner-blocks\">\n<figure class=\"wp-block-image size-full\"><img loading=\"lazy\" decoding=\"async\" width=\"2560\" height=\"1440\" src=\"https:\/\/liquencentroculturalvillarrica.cl\/wp-content\/uploads\/2026\/02\/1770153894032-scaled.jpg\" alt=\"Obra de t\u00edteres &quot;El Regalo&quot; en Liquen para el d\u00eda de los Patrimonios.\" class=\"wp-image-4332\" srcset=\"https:\/\/liquencentroculturalvillarrica.cl\/wp-content\/uploads\/2026\/02\/1770153894032-scaled.jpg 2560w, https:\/\/liquencentroculturalvillarrica.cl\/wp-content\/uploads\/2026\/02\/1770153894032-300x169.jpg 300w, https:\/\/liquencentroculturalvillarrica.cl\/wp-content\/uploads\/2026\/02\/1770153894032-1024x576.jpg 1024w, https:\/\/liquencentroculturalvillarrica.cl\/wp-content\/uploads\/2026\/02\/1770153894032-768x432.jpg 768w, https:\/\/liquencentroculturalvillarrica.cl\/wp-content\/uploads\/2026\/02\/1770153894032-1536x864.jpg 1536w, https:\/\/liquencentroculturalvillarrica.cl\/wp-content\/uploads\/2026\/02\/1770153894032-2048x1152.jpg 2048w\" sizes=\"auto, (max-width: 2560px) 100vw, 2560px\" \/><\/figure>\n<\/div><\/div><\/div>\n\n\n\n<div class=\"wp-block-stackable-column stk-block-column stk-column stk-block stk-7b77072\" data-v=\"4\" data-block-id=\"7b77072\"><style>.stk-7b77072 {align-self:center !important;}<\/style><div class=\"stk-column-wrapper stk-block-column__content stk-container stk-7b77072-container stk--no-background stk--no-padding\"><div class=\"stk-block-content stk-inner-blocks stk-7b77072-inner-blocks\">\n<figure class=\"wp-block-image size-full\"><img loading=\"lazy\" decoding=\"async\" width=\"2560\" height=\"1440\" src=\"https:\/\/liquencentroculturalvillarrica.cl\/wp-content\/uploads\/2026\/02\/1770153893890-scaled.jpg\" alt=\"\" class=\"wp-image-4333\" srcset=\"https:\/\/liquencentroculturalvillarrica.cl\/wp-content\/uploads\/2026\/02\/1770153893890-scaled.jpg 2560w, https:\/\/liquencentroculturalvillarrica.cl\/wp-content\/uploads\/2026\/02\/1770153893890-300x169.jpg 300w, https:\/\/liquencentroculturalvillarrica.cl\/wp-content\/uploads\/2026\/02\/1770153893890-1024x576.jpg 1024w, https:\/\/liquencentroculturalvillarrica.cl\/wp-content\/uploads\/2026\/02\/1770153893890-768x432.jpg 768w, https:\/\/liquencentroculturalvillarrica.cl\/wp-content\/uploads\/2026\/02\/1770153893890-1536x864.jpg 1536w, https:\/\/liquencentroculturalvillarrica.cl\/wp-content\/uploads\/2026\/02\/1770153893890-2048x1152.jpg 2048w\" sizes=\"auto, (max-width: 2560px) 100vw, 2560px\" \/><\/figure>\n<\/div><\/div><\/div>\n\n\n\n<div class=\"wp-block-stackable-column stk-block-column stk-column stk-block stk-6db4486\" data-v=\"4\" data-block-id=\"6db4486\"><style>.stk-6db4486 {align-self:center !important;}<\/style><div class=\"stk-column-wrapper stk-block-column__content stk-container stk-6db4486-container stk--no-background stk--no-padding\"><div class=\"stk-block-content stk-inner-blocks stk-6db4486-inner-blocks\">\n<figure class=\"wp-block-image size-full\"><img loading=\"lazy\" decoding=\"async\" width=\"2560\" height=\"1440\" src=\"https:\/\/liquencentroculturalvillarrica.cl\/wp-content\/uploads\/2026\/02\/1770153893909-scaled.jpg\" alt=\"\" class=\"wp-image-4334\" srcset=\"https:\/\/liquencentroculturalvillarrica.cl\/wp-content\/uploads\/2026\/02\/1770153893909-scaled.jpg 2560w, https:\/\/liquencentroculturalvillarrica.cl\/wp-content\/uploads\/2026\/02\/1770153893909-300x169.jpg 300w, https:\/\/liquencentroculturalvillarrica.cl\/wp-content\/uploads\/2026\/02\/1770153893909-1024x576.jpg 1024w, https:\/\/liquencentroculturalvillarrica.cl\/wp-content\/uploads\/2026\/02\/1770153893909-768x432.jpg 768w, https:\/\/liquencentroculturalvillarrica.cl\/wp-content\/uploads\/2026\/02\/1770153893909-1536x864.jpg 1536w, https:\/\/liquencentroculturalvillarrica.cl\/wp-content\/uploads\/2026\/02\/1770153893909-2048x1152.jpg 2048w\" sizes=\"auto, (max-width: 2560px) 100vw, 2560px\" \/><\/figure>\n<\/div><\/div><\/div>\n\n\n\n<div class=\"wp-block-stackable-column stk-block-column stk-column stk-block stk-a143042\" data-v=\"4\" data-block-id=\"a143042\"><style>.stk-a143042 {align-self:center !important;}<\/style><div class=\"stk-column-wrapper stk-block-column__content stk-container stk-a143042-container stk--no-background stk--no-padding\"><div class=\"stk-block-content stk-inner-blocks stk-a143042-inner-blocks\">\n<figure class=\"wp-block-image size-full\"><img loading=\"lazy\" decoding=\"async\" width=\"2560\" height=\"1440\" src=\"https:\/\/liquencentroculturalvillarrica.cl\/wp-content\/uploads\/2026\/02\/1770153893848-scaled.jpg\" alt=\"\" class=\"wp-image-4335\" srcset=\"https:\/\/liquencentroculturalvillarrica.cl\/wp-content\/uploads\/2026\/02\/1770153893848-scaled.jpg 2560w, https:\/\/liquencentroculturalvillarrica.cl\/wp-content\/uploads\/2026\/02\/1770153893848-300x169.jpg 300w, https:\/\/liquencentroculturalvillarrica.cl\/wp-content\/uploads\/2026\/02\/1770153893848-1024x576.jpg 1024w, https:\/\/liquencentroculturalvillarrica.cl\/wp-content\/uploads\/2026\/02\/1770153893848-768x432.jpg 768w, https:\/\/liquencentroculturalvillarrica.cl\/wp-content\/uploads\/2026\/02\/1770153893848-1536x864.jpg 1536w, https:\/\/liquencentroculturalvillarrica.cl\/wp-content\/uploads\/2026\/02\/1770153893848-2048x1152.jpg 2048w\" sizes=\"auto, (max-width: 2560px) 100vw, 2560px\" \/><\/figure>\n<\/div><\/div><\/div>\n\n\n\n<div class=\"wp-block-stackable-column stk-block-column stk-column stk-block stk-1fc3e7c\" data-v=\"4\" data-block-id=\"1fc3e7c\"><style>.stk-1fc3e7c {align-self:center !important;}<\/style><div class=\"stk-column-wrapper stk-block-column__content stk-container stk-1fc3e7c-container stk--no-background stk--no-padding\"><div class=\"stk-block-content stk-inner-blocks stk-1fc3e7c-inner-blocks\">\n<figure class=\"wp-block-image size-full\"><img loading=\"lazy\" decoding=\"async\" width=\"2560\" height=\"1440\" src=\"https:\/\/liquencentroculturalvillarrica.cl\/wp-content\/uploads\/2026\/02\/1770153893722-scaled.jpg\" alt=\"\" class=\"wp-image-4336\" srcset=\"https:\/\/liquencentroculturalvillarrica.cl\/wp-content\/uploads\/2026\/02\/1770153893722-scaled.jpg 2560w, https:\/\/liquencentroculturalvillarrica.cl\/wp-content\/uploads\/2026\/02\/1770153893722-300x169.jpg 300w, https:\/\/liquencentroculturalvillarrica.cl\/wp-content\/uploads\/2026\/02\/1770153893722-1024x576.jpg 1024w, https:\/\/liquencentroculturalvillarrica.cl\/wp-content\/uploads\/2026\/02\/1770153893722-768x432.jpg 768w, https:\/\/liquencentroculturalvillarrica.cl\/wp-content\/uploads\/2026\/02\/1770153893722-1536x864.jpg 1536w, https:\/\/liquencentroculturalvillarrica.cl\/wp-content\/uploads\/2026\/02\/1770153893722-2048x1152.jpg 2048w\" sizes=\"auto, (max-width: 2560px) 100vw, 2560px\" \/><\/figure>\n<\/div><\/div><\/div>\n\n\n\n<div class=\"wp-block-stackable-column stk-block-column stk-column stk-block stk-0950b31\" data-v=\"4\" data-block-id=\"0950b31\"><style>.stk-0950b31 {align-self:center !important;}<\/style><div class=\"stk-column-wrapper stk-block-column__content stk-container stk-0950b31-container stk--no-background stk--no-padding\"><div class=\"stk-block-content stk-inner-blocks stk-0950b31-inner-blocks\">\n<figure class=\"wp-block-image size-full\"><img loading=\"lazy\" decoding=\"async\" width=\"1600\" height=\"1200\" src=\"https:\/\/liquencentroculturalvillarrica.cl\/wp-content\/uploads\/2026\/02\/WhatsApp-Image-2026-02-02-at-11.51.58-AM-1.jpeg\" alt=\"\" class=\"wp-image-4338\" srcset=\"https:\/\/liquencentroculturalvillarrica.cl\/wp-content\/uploads\/2026\/02\/WhatsApp-Image-2026-02-02-at-11.51.58-AM-1.jpeg 1600w, https:\/\/liquencentroculturalvillarrica.cl\/wp-content\/uploads\/2026\/02\/WhatsApp-Image-2026-02-02-at-11.51.58-AM-1-300x225.jpeg 300w, https:\/\/liquencentroculturalvillarrica.cl\/wp-content\/uploads\/2026\/02\/WhatsApp-Image-2026-02-02-at-11.51.58-AM-1-1024x768.jpeg 1024w, https:\/\/liquencentroculturalvillarrica.cl\/wp-content\/uploads\/2026\/02\/WhatsApp-Image-2026-02-02-at-11.51.58-AM-1-768x576.jpeg 768w, https:\/\/liquencentroculturalvillarrica.cl\/wp-content\/uploads\/2026\/02\/WhatsApp-Image-2026-02-02-at-11.51.58-AM-1-1536x1152.jpeg 1536w\" sizes=\"auto, (max-width: 1600px) 100vw, 1600px\" \/><\/figure>\n<\/div><\/div><\/div>\n<\/div><div class=\"stk-block-carousel__buttons\"><button class=\"stk-block-carousel__button stk-block-carousel__button__prev\" aria-label=\"Previous slide\"><svg aria-hidden=\"true\" focusable=\"false\" data-prefix=\"fas\" data-icon=\"chevron-left\" class=\"svg-inline--fa fa-chevron-left\" xmlns=\"http:\/\/www.w3.org\/2000\/svg\" viewBox=\"0 0 320 512\" width=\"32\" height=\"32\"><path d=\"M34.52 239.03L228.87 44.69c9.37-9.37 24.57-9.37 33.94 0l22.67 22.67c9.36 9.36 9.37 24.52.04 33.9L131.49 256l154.02 154.75c9.34 9.38 9.32 24.54-.04 33.9l-22.67 22.67c-9.37 9.37-24.57 9.37-33.94 0L34.52 272.97c-9.37-9.37-9.37-24.57 0-33.94z\"><\/path><\/svg><\/button><button class=\"stk-block-carousel__button stk-block-carousel__button__next\" aria-label=\"Next slide\"><svg aria-hidden=\"true\" focusable=\"false\" data-prefix=\"fas\" data-icon=\"chevron-right\" class=\"svg-inline--fa fa-chevron-right\" xmlns=\"http:\/\/www.w3.org\/2000\/svg\" viewBox=\"0 0 320 512\" width=\"32\" height=\"32\"><path d=\"M285.476 272.971L91.132 467.314c-9.373 9.373-24.569 9.373-33.941 0l-22.667-22.667c-9.357-9.357-9.375-24.522-.04-33.901L188.505 256 34.484 101.255c-9.335-9.379-9.317-24.544.04-33.901l22.667-22.667c9.373-9.373 24.569-9.373 33.941 0L285.475 239.03c9.373 9.372 9.373 24.568.001 33.941z\"><\/path><\/svg><\/button><\/div><\/div><div class=\"stk-block-carousel__dots\" role=\"list\" data-label=\"Slide %%d\"><\/div><\/div><\/div>\n<\/div><\/div><\/div>\n<\/div><\/div>\n\n\n\n<p>_____________________________________ <\/p>\n\n\n\n<p>Allan Carrasco Rom\u00e1n &#8211; RRPP Centro Cultural Municipal.<\/p>\n","protected":false},"excerpt":{"rendered":"<p>Durante todo el d\u00eda s\u00e1bado 31 pasado, desfilaron por dependencias del Centro Cultural Municipal de Villarrica, centenares de personas, grandes y chicos, chilenos y argentinos (visitantes) en las diversas actividades programadas para la primera celebraci\u00f3n del \u201cD\u00eda de los Patrimonios de verano\u201d a nivel pa\u00eds. Villarrica no fue la excepci\u00f3n, en esta importante fecha que&hellip;&nbsp;<a href=\"https:\/\/liquencentroculturalvillarrica.cl\/?p=4325\" rel=\"bookmark\">Leer m\u00e1s &raquo;<span class=\"screen-reader-text\">M\u00c1S DE QUINIENTAS PERSONAS PARTICIPARON DEL D\u00cdA DE LOS PATRIMONIOS EN VERANO EN LIQUEN CENTRO CULTURAL MUNICIPAL<\/span><\/a><\/p>\n","protected":false},"author":1,"featured_media":4337,"comment_status":"open","ping_status":"open","sticky":false,"template":"","format":"standard","meta":{"neve_meta_sidebar":"","neve_meta_container":"Obra de t\u00edteres \"El Regalo\" en Liquen para el d\u00eda de los Patrimonios.","neve_meta_enable_content_width":"","neve_meta_content_width":0,"neve_meta_title_alignment":"","neve_meta_author_avatar":"","neve_post_elements_order":"","neve_meta_disable_header":"","neve_meta_disable_footer":"","neve_meta_disable_title":"","footnotes":""},"categories":[21,5,1,24],"tags":[63,36,34,64,65,27,67,66,58,56],"class_list":["post-4325","post","type-post","status-publish","format-standard","has-post-thumbnail","hentry","category-exposicion","category-noticias","category-sin-categoria","category-teatro","tag-63","tag-artistas","tag-cultura","tag-dia-de-los-patrimonios","tag-kanelo-magico","tag-liquen","tag-patrimonios","tag-titeres","tag-verano","tag-villarrica"],"yoast_head":"<!-- This site is optimized with the Yoast SEO plugin v26.7 - https:\/\/yoast.com\/wordpress\/plugins\/seo\/ -->\n<title>D\u00cdA DE LOS PATRIMONIOS EN VERANO EN LIQUEN<\/title>\n<meta name=\"description\" content=\"M\u00c1S DE QUINIENTAS PERSONAS PARTICIPARON DEL D\u00cdA DE LOS PATRIMONIOS EN VERANO EN LIQUEN CENTRO CULTURAL MUNICIPAL\" \/>\n<meta name=\"robots\" content=\"index, follow, max-snippet:-1, max-image-preview:large, max-video-preview:-1\" \/>\n<link rel=\"canonical\" href=\"https:\/\/liquencentroculturalvillarrica.cl\/?p=4325\" \/>\n<meta property=\"og:locale\" content=\"es_ES\" \/>\n<meta property=\"og:type\" content=\"article\" \/>\n<meta property=\"og:title\" content=\"D\u00cdA DE LOS PATRIMONIOS EN VERANO EN LIQUEN\" \/>\n<meta property=\"og:description\" content=\"M\u00c1S DE QUINIENTAS PERSONAS PARTICIPARON DEL D\u00cdA DE LOS PATRIMONIOS EN VERANO EN LIQUEN CENTRO CULTURAL MUNICIPAL\" \/>\n<meta property=\"og:url\" content=\"https:\/\/liquencentroculturalvillarrica.cl\/?p=4325\" \/>\n<meta property=\"og:site_name\" content=\"Liquen Centro Cultural\" \/>\n<meta property=\"article:publisher\" content=\"https:\/\/www.facebook.com\/profile.php?id=100085283714609\" \/>\n<meta property=\"article:published_time\" content=\"2026-02-04T16:06:53+00:00\" \/>\n<meta property=\"article:modified_time\" content=\"2026-02-26T16:22:37+00:00\" \/>\n<meta property=\"og:image\" content=\"https:\/\/liquencentroculturalvillarrica.cl\/wp-content\/uploads\/2026\/02\/WhatsApp-Image-2026-02-02-at-11.51.57-AM.jpeg\" \/>\n\t<meta property=\"og:image:width\" content=\"1600\" \/>\n\t<meta property=\"og:image:height\" content=\"1200\" \/>\n\t<meta property=\"og:image:type\" content=\"image\/jpeg\" \/>\n<meta name=\"author\" content=\"Liquen\" \/>\n<meta name=\"twitter:card\" content=\"summary_large_image\" \/>\n<meta name=\"twitter:label1\" content=\"Escrito por\" \/>\n\t<meta name=\"twitter:data1\" content=\"Liquen\" \/>\n\t<meta name=\"twitter:label2\" content=\"Tiempo de lectura\" \/>\n\t<meta name=\"twitter:data2\" content=\"5 minutos\" \/>\n<script type=\"application\/ld+json\" class=\"yoast-schema-graph\">{\"@context\":\"https:\/\/schema.org\",\"@graph\":[{\"@type\":\"Article\",\"@id\":\"https:\/\/liquencentroculturalvillarrica.cl\/?p=4325#article\",\"isPartOf\":{\"@id\":\"https:\/\/liquencentroculturalvillarrica.cl\/?p=4325\"},\"author\":{\"name\":\"Liquen\",\"@id\":\"https:\/\/liquencentroculturalvillarrica.cl\/#\/schema\/person\/427d9157415d981616abe41a49543f36\"},\"headline\":\"M\u00c1S DE QUINIENTAS PERSONAS PARTICIPARON DEL D\u00cdA DE LOS PATRIMONIOS EN VERANO EN LIQUEN CENTRO CULTURAL MUNICIPAL\",\"datePublished\":\"2026-02-04T16:06:53+00:00\",\"dateModified\":\"2026-02-26T16:22:37+00:00\",\"mainEntityOfPage\":{\"@id\":\"https:\/\/liquencentroculturalvillarrica.cl\/?p=4325\"},\"wordCount\":437,\"commentCount\":0,\"publisher\":{\"@id\":\"https:\/\/liquencentroculturalvillarrica.cl\/#organization\"},\"image\":{\"@id\":\"https:\/\/liquencentroculturalvillarrica.cl\/?p=4325#primaryimage\"},\"thumbnailUrl\":\"https:\/\/liquencentroculturalvillarrica.cl\/wp-content\/uploads\/2026\/02\/WhatsApp-Image-2026-02-02-at-11.51.57-AM.jpeg\",\"keywords\":[\"2026\",\"artistas\",\"cultura\",\"d\u00eda de los patrimonios\",\"kanelo m\u00e1gico\",\"liquen\",\"Patrimonios\",\"t\u00edteres\",\"verano\",\"villarrica\"],\"articleSection\":{\"0\":\"Exposici\u00f3n\",\"1\":\"Noticias\",\"3\":\"Teatro\"},\"inLanguage\":\"es\",\"potentialAction\":[{\"@type\":\"CommentAction\",\"name\":\"Comment\",\"target\":[\"https:\/\/liquencentroculturalvillarrica.cl\/?p=4325#respond\"]}]},{\"@type\":\"WebPage\",\"@id\":\"https:\/\/liquencentroculturalvillarrica.cl\/?p=4325\",\"url\":\"https:\/\/liquencentroculturalvillarrica.cl\/?p=4325\",\"name\":\"D\u00cdA DE LOS PATRIMONIOS EN VERANO EN LIQUEN\",\"isPartOf\":{\"@id\":\"https:\/\/liquencentroculturalvillarrica.cl\/#website\"},\"primaryImageOfPage\":{\"@id\":\"https:\/\/liquencentroculturalvillarrica.cl\/?p=4325#primaryimage\"},\"image\":{\"@id\":\"https:\/\/liquencentroculturalvillarrica.cl\/?p=4325#primaryimage\"},\"thumbnailUrl\":\"https:\/\/liquencentroculturalvillarrica.cl\/wp-content\/uploads\/2026\/02\/WhatsApp-Image-2026-02-02-at-11.51.57-AM.jpeg\",\"datePublished\":\"2026-02-04T16:06:53+00:00\",\"dateModified\":\"2026-02-26T16:22:37+00:00\",\"description\":\"M\u00c1S DE QUINIENTAS PERSONAS PARTICIPARON DEL D\u00cdA DE LOS PATRIMONIOS EN VERANO EN LIQUEN CENTRO CULTURAL MUNICIPAL\",\"breadcrumb\":{\"@id\":\"https:\/\/liquencentroculturalvillarrica.cl\/?p=4325#breadcrumb\"},\"inLanguage\":\"es\",\"potentialAction\":[{\"@type\":\"ReadAction\",\"target\":[\"https:\/\/liquencentroculturalvillarrica.cl\/?p=4325\"]}]},{\"@type\":\"ImageObject\",\"inLanguage\":\"es\",\"@id\":\"https:\/\/liquencentroculturalvillarrica.cl\/?p=4325#primaryimage\",\"url\":\"https:\/\/liquencentroculturalvillarrica.cl\/wp-content\/uploads\/2026\/02\/WhatsApp-Image-2026-02-02-at-11.51.57-AM.jpeg\",\"contentUrl\":\"https:\/\/liquencentroculturalvillarrica.cl\/wp-content\/uploads\/2026\/02\/WhatsApp-Image-2026-02-02-at-11.51.57-AM.jpeg\",\"width\":1600,\"height\":1200},{\"@type\":\"BreadcrumbList\",\"@id\":\"https:\/\/liquencentroculturalvillarrica.cl\/?p=4325#breadcrumb\",\"itemListElement\":[{\"@type\":\"ListItem\",\"position\":1,\"name\":\"Portada\",\"item\":\"https:\/\/liquencentroculturalvillarrica.cl\/\"},{\"@type\":\"ListItem\",\"position\":2,\"name\":\"M\u00c1S DE QUINIENTAS PERSONAS PARTICIPARON DEL D\u00cdA DE LOS PATRIMONIOS EN VERANO EN LIQUEN CENTRO CULTURAL MUNICIPAL\"}]},{\"@type\":\"WebSite\",\"@id\":\"https:\/\/liquencentroculturalvillarrica.cl\/#website\",\"url\":\"https:\/\/liquencentroculturalvillarrica.cl\/\",\"name\":\"Liquen Centro Cultural\",\"description\":\"\",\"publisher\":{\"@id\":\"https:\/\/liquencentroculturalvillarrica.cl\/#organization\"},\"potentialAction\":[{\"@type\":\"SearchAction\",\"target\":{\"@type\":\"EntryPoint\",\"urlTemplate\":\"https:\/\/liquencentroculturalvillarrica.cl\/?s={search_term_string}\"},\"query-input\":{\"@type\":\"PropertyValueSpecification\",\"valueRequired\":true,\"valueName\":\"search_term_string\"}}],\"inLanguage\":\"es\"},{\"@type\":\"Organization\",\"@id\":\"https:\/\/liquencentroculturalvillarrica.cl\/#organization\",\"name\":\"Liquen Centro Cultural\",\"url\":\"https:\/\/liquencentroculturalvillarrica.cl\/\",\"logo\":{\"@type\":\"ImageObject\",\"inLanguage\":\"es\",\"@id\":\"https:\/\/liquencentroculturalvillarrica.cl\/#\/schema\/logo\/image\/\",\"url\":\"https:\/\/liquencentroculturalvillarrica.cl\/wp-content\/uploads\/2023\/07\/Marca-Liquen-Centro-Cultural-Municipal-Villarrica2-1_Mesa-de-trabajo-1.png\",\"contentUrl\":\"https:\/\/liquencentroculturalvillarrica.cl\/wp-content\/uploads\/2023\/07\/Marca-Liquen-Centro-Cultural-Municipal-Villarrica2-1_Mesa-de-trabajo-1.png\",\"width\":3300,\"height\":2550,\"caption\":\"Liquen Centro Cultural\"},\"image\":{\"@id\":\"https:\/\/liquencentroculturalvillarrica.cl\/#\/schema\/logo\/image\/\"},\"sameAs\":[\"https:\/\/www.facebook.com\/profile.php?id=100085283714609\",\"https:\/\/www.instagram.com\/villarricacentrocultural\/\",\"https:\/\/www.youtube.com\/channel\/UCQCChCLB8KB4ckeIXmpHNQw\"]},{\"@type\":\"Person\",\"@id\":\"https:\/\/liquencentroculturalvillarrica.cl\/#\/schema\/person\/427d9157415d981616abe41a49543f36\",\"name\":\"Liquen\",\"image\":{\"@type\":\"ImageObject\",\"inLanguage\":\"es\",\"@id\":\"https:\/\/liquencentroculturalvillarrica.cl\/#\/schema\/person\/image\/\",\"url\":\"https:\/\/secure.gravatar.com\/avatar\/c3433ef77dd4f91e7fede9f9521759ea33f87a092b5c394a0ba9665a3c4341f7?s=96&d=mm&r=g\",\"contentUrl\":\"https:\/\/secure.gravatar.com\/avatar\/c3433ef77dd4f91e7fede9f9521759ea33f87a092b5c394a0ba9665a3c4341f7?s=96&d=mm&r=g\",\"caption\":\"Liquen\"},\"sameAs\":[\"http:\/\/liquencentroculturalvillarrica.cl\"],\"url\":\"https:\/\/liquencentroculturalvillarrica.cl\/?author=1\"}]}<\/script>\n<!-- \/ Yoast SEO plugin. -->","yoast_head_json":{"title":"D\u00cdA DE LOS PATRIMONIOS EN VERANO EN LIQUEN","description":"M\u00c1S DE QUINIENTAS PERSONAS PARTICIPARON DEL D\u00cdA DE LOS PATRIMONIOS EN VERANO EN LIQUEN CENTRO CULTURAL MUNICIPAL","robots":{"index":"index","follow":"follow","max-snippet":"max-snippet:-1","max-image-preview":"max-image-preview:large","max-video-preview":"max-video-preview:-1"},"canonical":"https:\/\/liquencentroculturalvillarrica.cl\/?p=4325","og_locale":"es_ES","og_type":"article","og_title":"D\u00cdA DE LOS PATRIMONIOS EN VERANO EN LIQUEN","og_description":"M\u00c1S DE QUINIENTAS PERSONAS PARTICIPARON DEL D\u00cdA DE LOS PATRIMONIOS EN VERANO EN LIQUEN CENTRO CULTURAL MUNICIPAL","og_url":"https:\/\/liquencentroculturalvillarrica.cl\/?p=4325","og_site_name":"Liquen Centro Cultural","article_publisher":"https:\/\/www.facebook.com\/profile.php?id=100085283714609","article_published_time":"2026-02-04T16:06:53+00:00","article_modified_time":"2026-02-26T16:22:37+00:00","og_image":[{"width":1600,"height":1200,"url":"https:\/\/liquencentroculturalvillarrica.cl\/wp-content\/uploads\/2026\/02\/WhatsApp-Image-2026-02-02-at-11.51.57-AM.jpeg","type":"image\/jpeg"}],"author":"Liquen","twitter_card":"summary_large_image","twitter_misc":{"Escrito por":"Liquen","Tiempo de lectura":"5 minutos"},"schema":{"@context":"https:\/\/schema.org","@graph":[{"@type":"Article","@id":"https:\/\/liquencentroculturalvillarrica.cl\/?p=4325#article","isPartOf":{"@id":"https:\/\/liquencentroculturalvillarrica.cl\/?p=4325"},"author":{"name":"Liquen","@id":"https:\/\/liquencentroculturalvillarrica.cl\/#\/schema\/person\/427d9157415d981616abe41a49543f36"},"headline":"M\u00c1S DE QUINIENTAS PERSONAS PARTICIPARON DEL D\u00cdA DE LOS PATRIMONIOS EN VERANO EN LIQUEN CENTRO CULTURAL MUNICIPAL","datePublished":"2026-02-04T16:06:53+00:00","dateModified":"2026-02-26T16:22:37+00:00","mainEntityOfPage":{"@id":"https:\/\/liquencentroculturalvillarrica.cl\/?p=4325"},"wordCount":437,"commentCount":0,"publisher":{"@id":"https:\/\/liquencentroculturalvillarrica.cl\/#organization"},"image":{"@id":"https:\/\/liquencentroculturalvillarrica.cl\/?p=4325#primaryimage"},"thumbnailUrl":"https:\/\/liquencentroculturalvillarrica.cl\/wp-content\/uploads\/2026\/02\/WhatsApp-Image-2026-02-02-at-11.51.57-AM.jpeg","keywords":["2026","artistas","cultura","d\u00eda de los patrimonios","kanelo m\u00e1gico","liquen","Patrimonios","t\u00edteres","verano","villarrica"],"articleSection":{"0":"Exposici\u00f3n","1":"Noticias","3":"Teatro"},"inLanguage":"es","potentialAction":[{"@type":"CommentAction","name":"Comment","target":["https:\/\/liquencentroculturalvillarrica.cl\/?p=4325#respond"]}]},{"@type":"WebPage","@id":"https:\/\/liquencentroculturalvillarrica.cl\/?p=4325","url":"https:\/\/liquencentroculturalvillarrica.cl\/?p=4325","name":"D\u00cdA DE LOS PATRIMONIOS EN VERANO EN LIQUEN","isPartOf":{"@id":"https:\/\/liquencentroculturalvillarrica.cl\/#website"},"primaryImageOfPage":{"@id":"https:\/\/liquencentroculturalvillarrica.cl\/?p=4325#primaryimage"},"image":{"@id":"https:\/\/liquencentroculturalvillarrica.cl\/?p=4325#primaryimage"},"thumbnailUrl":"https:\/\/liquencentroculturalvillarrica.cl\/wp-content\/uploads\/2026\/02\/WhatsApp-Image-2026-02-02-at-11.51.57-AM.jpeg","datePublished":"2026-02-04T16:06:53+00:00","dateModified":"2026-02-26T16:22:37+00:00","description":"M\u00c1S DE QUINIENTAS PERSONAS PARTICIPARON DEL D\u00cdA DE LOS PATRIMONIOS EN VERANO EN LIQUEN CENTRO CULTURAL MUNICIPAL","breadcrumb":{"@id":"https:\/\/liquencentroculturalvillarrica.cl\/?p=4325#breadcrumb"},"inLanguage":"es","potentialAction":[{"@type":"ReadAction","target":["https:\/\/liquencentroculturalvillarrica.cl\/?p=4325"]}]},{"@type":"ImageObject","inLanguage":"es","@id":"https:\/\/liquencentroculturalvillarrica.cl\/?p=4325#primaryimage","url":"https:\/\/liquencentroculturalvillarrica.cl\/wp-content\/uploads\/2026\/02\/WhatsApp-Image-2026-02-02-at-11.51.57-AM.jpeg","contentUrl":"https:\/\/liquencentroculturalvillarrica.cl\/wp-content\/uploads\/2026\/02\/WhatsApp-Image-2026-02-02-at-11.51.57-AM.jpeg","width":1600,"height":1200},{"@type":"BreadcrumbList","@id":"https:\/\/liquencentroculturalvillarrica.cl\/?p=4325#breadcrumb","itemListElement":[{"@type":"ListItem","position":1,"name":"Portada","item":"https:\/\/liquencentroculturalvillarrica.cl\/"},{"@type":"ListItem","position":2,"name":"M\u00c1S DE QUINIENTAS PERSONAS PARTICIPARON DEL D\u00cdA DE LOS PATRIMONIOS EN VERANO EN LIQUEN CENTRO CULTURAL MUNICIPAL"}]},{"@type":"WebSite","@id":"https:\/\/liquencentroculturalvillarrica.cl\/#website","url":"https:\/\/liquencentroculturalvillarrica.cl\/","name":"Liquen Centro Cultural","description":"","publisher":{"@id":"https:\/\/liquencentroculturalvillarrica.cl\/#organization"},"potentialAction":[{"@type":"SearchAction","target":{"@type":"EntryPoint","urlTemplate":"https:\/\/liquencentroculturalvillarrica.cl\/?s={search_term_string}"},"query-input":{"@type":"PropertyValueSpecification","valueRequired":true,"valueName":"search_term_string"}}],"inLanguage":"es"},{"@type":"Organization","@id":"https:\/\/liquencentroculturalvillarrica.cl\/#organization","name":"Liquen Centro Cultural","url":"https:\/\/liquencentroculturalvillarrica.cl\/","logo":{"@type":"ImageObject","inLanguage":"es","@id":"https:\/\/liquencentroculturalvillarrica.cl\/#\/schema\/logo\/image\/","url":"https:\/\/liquencentroculturalvillarrica.cl\/wp-content\/uploads\/2023\/07\/Marca-Liquen-Centro-Cultural-Municipal-Villarrica2-1_Mesa-de-trabajo-1.png","contentUrl":"https:\/\/liquencentroculturalvillarrica.cl\/wp-content\/uploads\/2023\/07\/Marca-Liquen-Centro-Cultural-Municipal-Villarrica2-1_Mesa-de-trabajo-1.png","width":3300,"height":2550,"caption":"Liquen Centro Cultural"},"image":{"@id":"https:\/\/liquencentroculturalvillarrica.cl\/#\/schema\/logo\/image\/"},"sameAs":["https:\/\/www.facebook.com\/profile.php?id=100085283714609","https:\/\/www.instagram.com\/villarricacentrocultural\/","https:\/\/www.youtube.com\/channel\/UCQCChCLB8KB4ckeIXmpHNQw"]},{"@type":"Person","@id":"https:\/\/liquencentroculturalvillarrica.cl\/#\/schema\/person\/427d9157415d981616abe41a49543f36","name":"Liquen","image":{"@type":"ImageObject","inLanguage":"es","@id":"https:\/\/liquencentroculturalvillarrica.cl\/#\/schema\/person\/image\/","url":"https:\/\/secure.gravatar.com\/avatar\/c3433ef77dd4f91e7fede9f9521759ea33f87a092b5c394a0ba9665a3c4341f7?s=96&d=mm&r=g","contentUrl":"https:\/\/secure.gravatar.com\/avatar\/c3433ef77dd4f91e7fede9f9521759ea33f87a092b5c394a0ba9665a3c4341f7?s=96&d=mm&r=g","caption":"Liquen"},"sameAs":["http:\/\/liquencentroculturalvillarrica.cl"],"url":"https:\/\/liquencentroculturalvillarrica.cl\/?author=1"}]}},"featured_image_src":"https:\/\/liquencentroculturalvillarrica.cl\/wp-content\/uploads\/2026\/02\/WhatsApp-Image-2026-02-02-at-11.51.57-AM-600x400.jpeg","featured_image_src_square":"https:\/\/liquencentroculturalvillarrica.cl\/wp-content\/uploads\/2026\/02\/WhatsApp-Image-2026-02-02-at-11.51.57-AM-600x600.jpeg","author_info":{"display_name":"Liquen","author_link":"https:\/\/liquencentroculturalvillarrica.cl\/?author=1"},"_links":{"self":[{"href":"https:\/\/liquencentroculturalvillarrica.cl\/index.php?rest_route=\/wp\/v2\/posts\/4325","targetHints":{"allow":["GET"]}}],"collection":[{"href":"https:\/\/liquencentroculturalvillarrica.cl\/index.php?rest_route=\/wp\/v2\/posts"}],"about":[{"href":"https:\/\/liquencentroculturalvillarrica.cl\/index.php?rest_route=\/wp\/v2\/types\/post"}],"author":[{"embeddable":true,"href":"https:\/\/liquencentroculturalvillarrica.cl\/index.php?rest_route=\/wp\/v2\/users\/1"}],"replies":[{"embeddable":true,"href":"https:\/\/liquencentroculturalvillarrica.cl\/index.php?rest_route=%2Fwp%2Fv2%2Fcomments&post=4325"}],"version-history":[{"count":1,"href":"https:\/\/liquencentroculturalvillarrica.cl\/index.php?rest_route=\/wp\/v2\/posts\/4325\/revisions"}],"predecessor-version":[{"id":4341,"href":"https:\/\/liquencentroculturalvillarrica.cl\/index.php?rest_route=\/wp\/v2\/posts\/4325\/revisions\/4341"}],"wp:featuredmedia":[{"embeddable":true,"href":"https:\/\/liquencentroculturalvillarrica.cl\/index.php?rest_route=\/wp\/v2\/media\/4337"}],"wp:attachment":[{"href":"https:\/\/liquencentroculturalvillarrica.cl\/index.php?rest_route=%2Fwp%2Fv2%2Fmedia&parent=4325"}],"wp:term":[{"taxonomy":"category","embeddable":true,"href":"https:\/\/liquencentroculturalvillarrica.cl\/index.php?rest_route=%2Fwp%2Fv2%2Fcategories&post=4325"},{"taxonomy":"post_tag","embeddable":true,"href":"https:\/\/liquencentroculturalvillarrica.cl\/index.php?rest_route=%2Fwp%2Fv2%2Ftags&post=4325"}],"curies":[{"name":"wp","href":"https:\/\/api.w.org\/{rel}","templated":true}]}}