{"id":4239,"date":"2026-01-13T19:17:38","date_gmt":"2026-01-13T19:17:38","guid":{"rendered":"https:\/\/liquencentroculturalvillarrica.cl\/?p=4239"},"modified":"2026-01-13T19:20:29","modified_gmt":"2026-01-13T19:20:29","slug":"talleres-y-actividades-culturales-de-verano-en-liquen","status":"publish","type":"post","link":"https:\/\/liquencentroculturalvillarrica.cl\/?p=4239","title":{"rendered":"INICIAN TALLERES Y ACTIVIDADES CULTURALES DE VERANO EN LIQUEN CENTRO CULTURAL DE VILLARRICA"},"content":{"rendered":"\n<p><em>Esta semana se iniciaron los talleres de verano en Liquen Centro Cultural Municipal de Villarrica, iniciando con todos los cupos llenos a excepci\u00f3n del taller de m\u00e1scaras con materiales reciclables que a\u00fan tiene algunos cupos disponibles. Tambi\u00e9n se inici\u00f3 este lunes el ciclo del <a href=\"https:\/\/liquencentroculturalvillarrica.cl\/?p=4227\">Boulevard 2026<\/a> con una presentaci\u00f3n art\u00edstica en la plaza de Lican Ray.<\/em><\/p>\n\n\n\n<p>Ya se vive en todo su esplendor el programa cultural de verano en la comuna del lago y volc\u00e1n, as\u00ed se evidencia con una apretada agenda de espect\u00e1culos de toda naturaleza que ha programado la Oficina de Cultura Municipal y el Liquen Centro Cultural donde se desarrollaran durante todo el verano, talleres, presentaciones variadas como danza, teatro, m\u00fasica, arte circense, t\u00edteres, cine, etc.<\/p>\n\n\n\n<p>&nbsp;&nbsp;&nbsp;&nbsp;&nbsp;&nbsp;&nbsp;&nbsp;&nbsp;&nbsp;&nbsp; Los talleres gratuitos ya iniciaron exitosamente este lunes, comenzando con el Multi instrumental del maestro Alex Barrera y el taller de m\u00e1scaras con material reciclado de la monitora Carola Sandoval Goumet. Los dem\u00e1s talleres de Introducci\u00f3n al Comics de \u201cManga Fanzine\u201d y el taller de Ballroom Inicial tambi\u00e9n abren sus actividades la presente semana.<\/p>\n\n\n\n<figure class=\"wp-block-gallery has-nested-images columns-2 is-cropped wp-block-gallery-1 is-layout-flex wp-block-gallery-is-layout-flex\">\n<figure class=\"wp-block-image size-full\"><img loading=\"lazy\" decoding=\"async\" width=\"1080\" height=\"1350\" data-id=\"4242\" src=\"https:\/\/liquencentroculturalvillarrica.cl\/wp-content\/uploads\/2026\/01\/Publicidad-Talleres-Liquen-1.jpg\" alt=\"Taller cultural de verano de m\u00e1scaras en material reciclado &quot;Cabezones&quot;. Por Carola Sandoval.\" class=\"wp-image-4242\" srcset=\"https:\/\/liquencentroculturalvillarrica.cl\/wp-content\/uploads\/2026\/01\/Publicidad-Talleres-Liquen-1.jpg 1080w, https:\/\/liquencentroculturalvillarrica.cl\/wp-content\/uploads\/2026\/01\/Publicidad-Talleres-Liquen-1-240x300.jpg 240w, https:\/\/liquencentroculturalvillarrica.cl\/wp-content\/uploads\/2026\/01\/Publicidad-Talleres-Liquen-1-819x1024.jpg 819w, https:\/\/liquencentroculturalvillarrica.cl\/wp-content\/uploads\/2026\/01\/Publicidad-Talleres-Liquen-1-768x960.jpg 768w\" sizes=\"auto, (max-width: 1080px) 100vw, 1080px\" \/><\/figure>\n\n\n\n<figure class=\"wp-block-image size-full\"><img loading=\"lazy\" decoding=\"async\" width=\"1080\" height=\"1350\" data-id=\"4243\" src=\"https:\/\/liquencentroculturalvillarrica.cl\/wp-content\/uploads\/2026\/01\/Publicidad-Talleres-Liquen-2.jpg\" alt=\"Taller cultural de verano multiinstrumental por el profesor Alex Barrera.\" class=\"wp-image-4243\" srcset=\"https:\/\/liquencentroculturalvillarrica.cl\/wp-content\/uploads\/2026\/01\/Publicidad-Talleres-Liquen-2.jpg 1080w, https:\/\/liquencentroculturalvillarrica.cl\/wp-content\/uploads\/2026\/01\/Publicidad-Talleres-Liquen-2-240x300.jpg 240w, https:\/\/liquencentroculturalvillarrica.cl\/wp-content\/uploads\/2026\/01\/Publicidad-Talleres-Liquen-2-819x1024.jpg 819w, https:\/\/liquencentroculturalvillarrica.cl\/wp-content\/uploads\/2026\/01\/Publicidad-Talleres-Liquen-2-768x960.jpg 768w\" sizes=\"auto, (max-width: 1080px) 100vw, 1080px\" \/><\/figure>\n\n\n\n<figure class=\"wp-block-image size-full\"><img loading=\"lazy\" decoding=\"async\" width=\"1080\" height=\"1350\" data-id=\"4241\" src=\"https:\/\/liquencentroculturalvillarrica.cl\/wp-content\/uploads\/2026\/01\/Publicidad-Talleres-Liquen-3.jpg\" alt=\"Taller cultural de verano de ballroom inicial por Marcos Huenupi.\" class=\"wp-image-4241\" srcset=\"https:\/\/liquencentroculturalvillarrica.cl\/wp-content\/uploads\/2026\/01\/Publicidad-Talleres-Liquen-3.jpg 1080w, https:\/\/liquencentroculturalvillarrica.cl\/wp-content\/uploads\/2026\/01\/Publicidad-Talleres-Liquen-3-240x300.jpg 240w, https:\/\/liquencentroculturalvillarrica.cl\/wp-content\/uploads\/2026\/01\/Publicidad-Talleres-Liquen-3-819x1024.jpg 819w, https:\/\/liquencentroculturalvillarrica.cl\/wp-content\/uploads\/2026\/01\/Publicidad-Talleres-Liquen-3-768x960.jpg 768w\" sizes=\"auto, (max-width: 1080px) 100vw, 1080px\" \/><\/figure>\n\n\n\n<figure class=\"wp-block-image size-full\"><img loading=\"lazy\" decoding=\"async\" width=\"1080\" height=\"1350\" data-id=\"4244\" src=\"https:\/\/liquencentroculturalvillarrica.cl\/wp-content\/uploads\/2026\/01\/Publicidad-Talleres-Liquen-4.jpg\" alt=\"Taller cultural de verano de introducci\u00f3n al comic, manga y fanzine.\" class=\"wp-image-4244\" srcset=\"https:\/\/liquencentroculturalvillarrica.cl\/wp-content\/uploads\/2026\/01\/Publicidad-Talleres-Liquen-4.jpg 1080w, https:\/\/liquencentroculturalvillarrica.cl\/wp-content\/uploads\/2026\/01\/Publicidad-Talleres-Liquen-4-240x300.jpg 240w, https:\/\/liquencentroculturalvillarrica.cl\/wp-content\/uploads\/2026\/01\/Publicidad-Talleres-Liquen-4-819x1024.jpg 819w, https:\/\/liquencentroculturalvillarrica.cl\/wp-content\/uploads\/2026\/01\/Publicidad-Talleres-Liquen-4-768x960.jpg 768w\" sizes=\"auto, (max-width: 1080px) 100vw, 1080px\" \/><\/figure>\n<\/figure>\n\n\n\n<div style=\"height:20px\" aria-hidden=\"true\" class=\"wp-block-spacer\"><\/div>\n\n\n\n<p>&nbsp;&nbsp;&nbsp;&nbsp;&nbsp;&nbsp;&nbsp;&nbsp;&nbsp;&nbsp;&nbsp; El Director del Centro Cultural Sebastian Henriquez, se manifest\u00f3 conforme con la respuesta de los usuarios, que acudieron r\u00e1pidamente a inscribirse para estos talleres \u201cContamos con un capital de confianza en la comunidad que queremos conservar, la respuesta a participar en nuestras actividades es siempre buena, nos preocupamos por conocer los intereses de los usuarios y alinearlos con los objetivos estrat\u00e9gicos planificados por nosotros los que cuentan con la venia del municipio y su alcalde Pablo Astete\u201d&nbsp; coment\u00f3 esta ma\u00f1ana el director, quien invit\u00f3 a la ciudadan\u00eda y visitantes a beneficiarse con el amplio programa de actividades culturales de todo tipo que ofrece el Para\u00edso Lacustre que es Villarrica.<\/p>\n\n\n\n<p>&nbsp;&nbsp;&nbsp;&nbsp;&nbsp;&nbsp;&nbsp;&nbsp;&nbsp;&nbsp;&nbsp; El centro cultural como en a\u00f1os anteriores har\u00e1 intervenci\u00f3n urbana presentando espect\u00e1culos al aire libre con su programa denominado \u201cTerraza Liquen\u201d que este mes abre con tres mujeres con espect\u00e1culo musical, \u201cMalilla\u201d, \u201cTiare Moon\u201d y \u201cSofia Avenda\u00f1o\u201d. Las artistas se subir\u00e1n al escenario que monta el liquen en sus gradas de entrada y contar\u00e1 con la presencia de los turistas que visitan el \u00e1rea del puerto de la ciudad lacustre.<\/p>\n\n\n\n<p>___________________________________________________<\/p>\n\n\n\n<p>Allan Carrasco Roman &#8211; RRPP Liquen Centro Cultural Municipal<\/p>\n","protected":false},"excerpt":{"rendered":"<p>Esta semana se iniciaron los talleres de verano en Liquen Centro Cultural Municipal de Villarrica, iniciando con todos los cupos llenos a excepci\u00f3n del taller de m\u00e1scaras con materiales reciclables que a\u00fan tiene algunos cupos disponibles. Tambi\u00e9n se inici\u00f3 este lunes el ciclo del Boulevard 2026 con una presentaci\u00f3n art\u00edstica en la plaza de Lican&hellip;&nbsp;<a href=\"https:\/\/liquencentroculturalvillarrica.cl\/?p=4239\" rel=\"bookmark\">Leer m\u00e1s &raquo;<span class=\"screen-reader-text\">INICIAN TALLERES Y ACTIVIDADES CULTURALES DE VERANO EN LIQUEN CENTRO CULTURAL DE VILLARRICA<\/span><\/a><\/p>\n","protected":false},"author":1,"featured_media":4240,"comment_status":"open","ping_status":"open","sticky":false,"template":"","format":"standard","meta":{"neve_meta_sidebar":"","neve_meta_container":"","neve_meta_enable_content_width":"","neve_meta_content_width":0,"neve_meta_title_alignment":"","neve_meta_author_avatar":"","neve_post_elements_order":"","neve_meta_disable_header":"","neve_meta_disable_footer":"","neve_meta_disable_title":"","footnotes":""},"categories":[5,23],"tags":[63,57,61,54,59,62,34,60,27,13,58,56],"class_list":["post-4239","post","type-post","status-publish","format-standard","has-post-thumbnail","hentry","category-noticias","category-taller","tag-63","tag-arte","tag-ballroom","tag-boulevard","tag-cabezones","tag-comic","tag-cultura","tag-instrumentos","tag-liquen","tag-taller","tag-verano","tag-villarrica"],"yoast_head":"<!-- This site is optimized with the Yoast SEO plugin v26.7 - https:\/\/yoast.com\/wordpress\/plugins\/seo\/ -->\n<title>TALLERES Y ACTIVIDADES CULTURALES DE VERANO LIQUEN<\/title>\n<meta name=\"description\" content=\"Iniciaron los talleres y actividades culturales de verano en Villarrica, todos los cupos llenos a excepci\u00f3n del taller de &quot;cabezones&quot;.\" \/>\n<meta name=\"robots\" content=\"index, follow, max-snippet:-1, max-image-preview:large, max-video-preview:-1\" \/>\n<link rel=\"canonical\" href=\"https:\/\/liquencentroculturalvillarrica.cl\/?p=4239\" \/>\n<meta property=\"og:locale\" content=\"es_ES\" \/>\n<meta property=\"og:type\" content=\"article\" \/>\n<meta property=\"og:title\" content=\"TALLERES Y ACTIVIDADES CULTURALES DE VERANO LIQUEN\" \/>\n<meta property=\"og:description\" content=\"Iniciaron los talleres y actividades culturales de verano en Villarrica, todos los cupos llenos a excepci\u00f3n del taller de &quot;cabezones&quot;.\" \/>\n<meta property=\"og:url\" content=\"https:\/\/liquencentroculturalvillarrica.cl\/?p=4239\" \/>\n<meta property=\"og:site_name\" content=\"Liquen Centro Cultural\" \/>\n<meta property=\"article:publisher\" content=\"https:\/\/www.facebook.com\/profile.php?id=100085283714609\" \/>\n<meta property=\"article:published_time\" content=\"2026-01-13T19:17:38+00:00\" \/>\n<meta property=\"article:modified_time\" content=\"2026-01-13T19:20:29+00:00\" \/>\n<meta property=\"og:image\" content=\"https:\/\/liquencentroculturalvillarrica.cl\/wp-content\/uploads\/2026\/01\/Publicidad-Talleres-Liquen-verano.jpg\" \/>\n\t<meta property=\"og:image:width\" content=\"1080\" \/>\n\t<meta property=\"og:image:height\" content=\"590\" \/>\n\t<meta property=\"og:image:type\" content=\"image\/jpeg\" \/>\n<meta name=\"author\" content=\"Liquen\" \/>\n<meta name=\"twitter:card\" content=\"summary_large_image\" \/>\n<meta name=\"twitter:label1\" content=\"Escrito por\" \/>\n\t<meta name=\"twitter:data1\" content=\"Liquen\" \/>\n\t<meta name=\"twitter:label2\" content=\"Tiempo de lectura\" \/>\n\t<meta name=\"twitter:data2\" content=\"3 minutos\" \/>\n<script type=\"application\/ld+json\" class=\"yoast-schema-graph\">{\"@context\":\"https:\/\/schema.org\",\"@graph\":[{\"@type\":\"Article\",\"@id\":\"https:\/\/liquencentroculturalvillarrica.cl\/?p=4239#article\",\"isPartOf\":{\"@id\":\"https:\/\/liquencentroculturalvillarrica.cl\/?p=4239\"},\"author\":{\"name\":\"Liquen\",\"@id\":\"https:\/\/liquencentroculturalvillarrica.cl\/#\/schema\/person\/427d9157415d981616abe41a49543f36\"},\"headline\":\"INICIAN TALLERES Y ACTIVIDADES CULTURALES DE VERANO EN LIQUEN CENTRO CULTURAL DE VILLARRICA\",\"datePublished\":\"2026-01-13T19:17:38+00:00\",\"dateModified\":\"2026-01-13T19:20:29+00:00\",\"mainEntityOfPage\":{\"@id\":\"https:\/\/liquencentroculturalvillarrica.cl\/?p=4239\"},\"wordCount\":432,\"commentCount\":0,\"publisher\":{\"@id\":\"https:\/\/liquencentroculturalvillarrica.cl\/#organization\"},\"image\":{\"@id\":\"https:\/\/liquencentroculturalvillarrica.cl\/?p=4239#primaryimage\"},\"thumbnailUrl\":\"https:\/\/liquencentroculturalvillarrica.cl\/wp-content\/uploads\/2026\/01\/Publicidad-Talleres-Liquen-verano.jpg\",\"keywords\":[\"2026\",\"arte\",\"ballroom\",\"Boulevard\",\"cabezones\",\"comic\",\"cultura\",\"instrumentos\",\"liquen\",\"taller\",\"verano\",\"villarrica\"],\"articleSection\":[\"Noticias\",\"Taller\"],\"inLanguage\":\"es\",\"potentialAction\":[{\"@type\":\"CommentAction\",\"name\":\"Comment\",\"target\":[\"https:\/\/liquencentroculturalvillarrica.cl\/?p=4239#respond\"]}]},{\"@type\":\"WebPage\",\"@id\":\"https:\/\/liquencentroculturalvillarrica.cl\/?p=4239\",\"url\":\"https:\/\/liquencentroculturalvillarrica.cl\/?p=4239\",\"name\":\"TALLERES Y ACTIVIDADES CULTURALES DE VERANO LIQUEN\",\"isPartOf\":{\"@id\":\"https:\/\/liquencentroculturalvillarrica.cl\/#website\"},\"primaryImageOfPage\":{\"@id\":\"https:\/\/liquencentroculturalvillarrica.cl\/?p=4239#primaryimage\"},\"image\":{\"@id\":\"https:\/\/liquencentroculturalvillarrica.cl\/?p=4239#primaryimage\"},\"thumbnailUrl\":\"https:\/\/liquencentroculturalvillarrica.cl\/wp-content\/uploads\/2026\/01\/Publicidad-Talleres-Liquen-verano.jpg\",\"datePublished\":\"2026-01-13T19:17:38+00:00\",\"dateModified\":\"2026-01-13T19:20:29+00:00\",\"description\":\"Iniciaron los talleres y actividades culturales de verano en Villarrica, todos los cupos llenos a excepci\u00f3n del taller de \\\"cabezones\\\".\",\"breadcrumb\":{\"@id\":\"https:\/\/liquencentroculturalvillarrica.cl\/?p=4239#breadcrumb\"},\"inLanguage\":\"es\",\"potentialAction\":[{\"@type\":\"ReadAction\",\"target\":[\"https:\/\/liquencentroculturalvillarrica.cl\/?p=4239\"]}]},{\"@type\":\"ImageObject\",\"inLanguage\":\"es\",\"@id\":\"https:\/\/liquencentroculturalvillarrica.cl\/?p=4239#primaryimage\",\"url\":\"https:\/\/liquencentroculturalvillarrica.cl\/wp-content\/uploads\/2026\/01\/Publicidad-Talleres-Liquen-verano.jpg\",\"contentUrl\":\"https:\/\/liquencentroculturalvillarrica.cl\/wp-content\/uploads\/2026\/01\/Publicidad-Talleres-Liquen-verano.jpg\",\"width\":1080,\"height\":590},{\"@type\":\"BreadcrumbList\",\"@id\":\"https:\/\/liquencentroculturalvillarrica.cl\/?p=4239#breadcrumb\",\"itemListElement\":[{\"@type\":\"ListItem\",\"position\":1,\"name\":\"Portada\",\"item\":\"https:\/\/liquencentroculturalvillarrica.cl\/\"},{\"@type\":\"ListItem\",\"position\":2,\"name\":\"INICIAN TALLERES Y ACTIVIDADES CULTURALES DE VERANO EN LIQUEN CENTRO CULTURAL DE VILLARRICA\"}]},{\"@type\":\"WebSite\",\"@id\":\"https:\/\/liquencentroculturalvillarrica.cl\/#website\",\"url\":\"https:\/\/liquencentroculturalvillarrica.cl\/\",\"name\":\"Liquen Centro Cultural\",\"description\":\"\",\"publisher\":{\"@id\":\"https:\/\/liquencentroculturalvillarrica.cl\/#organization\"},\"potentialAction\":[{\"@type\":\"SearchAction\",\"target\":{\"@type\":\"EntryPoint\",\"urlTemplate\":\"https:\/\/liquencentroculturalvillarrica.cl\/?s={search_term_string}\"},\"query-input\":{\"@type\":\"PropertyValueSpecification\",\"valueRequired\":true,\"valueName\":\"search_term_string\"}}],\"inLanguage\":\"es\"},{\"@type\":\"Organization\",\"@id\":\"https:\/\/liquencentroculturalvillarrica.cl\/#organization\",\"name\":\"Liquen Centro Cultural\",\"url\":\"https:\/\/liquencentroculturalvillarrica.cl\/\",\"logo\":{\"@type\":\"ImageObject\",\"inLanguage\":\"es\",\"@id\":\"https:\/\/liquencentroculturalvillarrica.cl\/#\/schema\/logo\/image\/\",\"url\":\"https:\/\/liquencentroculturalvillarrica.cl\/wp-content\/uploads\/2023\/07\/Marca-Liquen-Centro-Cultural-Municipal-Villarrica2-1_Mesa-de-trabajo-1.png\",\"contentUrl\":\"https:\/\/liquencentroculturalvillarrica.cl\/wp-content\/uploads\/2023\/07\/Marca-Liquen-Centro-Cultural-Municipal-Villarrica2-1_Mesa-de-trabajo-1.png\",\"width\":3300,\"height\":2550,\"caption\":\"Liquen Centro Cultural\"},\"image\":{\"@id\":\"https:\/\/liquencentroculturalvillarrica.cl\/#\/schema\/logo\/image\/\"},\"sameAs\":[\"https:\/\/www.facebook.com\/profile.php?id=100085283714609\",\"https:\/\/www.instagram.com\/villarricacentrocultural\/\",\"https:\/\/www.youtube.com\/channel\/UCQCChCLB8KB4ckeIXmpHNQw\"]},{\"@type\":\"Person\",\"@id\":\"https:\/\/liquencentroculturalvillarrica.cl\/#\/schema\/person\/427d9157415d981616abe41a49543f36\",\"name\":\"Liquen\",\"image\":{\"@type\":\"ImageObject\",\"inLanguage\":\"es\",\"@id\":\"https:\/\/liquencentroculturalvillarrica.cl\/#\/schema\/person\/image\/\",\"url\":\"https:\/\/secure.gravatar.com\/avatar\/c3433ef77dd4f91e7fede9f9521759ea33f87a092b5c394a0ba9665a3c4341f7?s=96&d=mm&r=g\",\"contentUrl\":\"https:\/\/secure.gravatar.com\/avatar\/c3433ef77dd4f91e7fede9f9521759ea33f87a092b5c394a0ba9665a3c4341f7?s=96&d=mm&r=g\",\"caption\":\"Liquen\"},\"sameAs\":[\"http:\/\/liquencentroculturalvillarrica.cl\"],\"url\":\"https:\/\/liquencentroculturalvillarrica.cl\/?author=1\"}]}<\/script>\n<!-- \/ Yoast SEO plugin. -->","yoast_head_json":{"title":"TALLERES Y ACTIVIDADES CULTURALES DE VERANO LIQUEN","description":"Iniciaron los talleres y actividades culturales de verano en Villarrica, todos los cupos llenos a excepci\u00f3n del taller de \"cabezones\".","robots":{"index":"index","follow":"follow","max-snippet":"max-snippet:-1","max-image-preview":"max-image-preview:large","max-video-preview":"max-video-preview:-1"},"canonical":"https:\/\/liquencentroculturalvillarrica.cl\/?p=4239","og_locale":"es_ES","og_type":"article","og_title":"TALLERES Y ACTIVIDADES CULTURALES DE VERANO LIQUEN","og_description":"Iniciaron los talleres y actividades culturales de verano en Villarrica, todos los cupos llenos a excepci\u00f3n del taller de \"cabezones\".","og_url":"https:\/\/liquencentroculturalvillarrica.cl\/?p=4239","og_site_name":"Liquen Centro Cultural","article_publisher":"https:\/\/www.facebook.com\/profile.php?id=100085283714609","article_published_time":"2026-01-13T19:17:38+00:00","article_modified_time":"2026-01-13T19:20:29+00:00","og_image":[{"width":1080,"height":590,"url":"https:\/\/liquencentroculturalvillarrica.cl\/wp-content\/uploads\/2026\/01\/Publicidad-Talleres-Liquen-verano.jpg","type":"image\/jpeg"}],"author":"Liquen","twitter_card":"summary_large_image","twitter_misc":{"Escrito por":"Liquen","Tiempo de lectura":"3 minutos"},"schema":{"@context":"https:\/\/schema.org","@graph":[{"@type":"Article","@id":"https:\/\/liquencentroculturalvillarrica.cl\/?p=4239#article","isPartOf":{"@id":"https:\/\/liquencentroculturalvillarrica.cl\/?p=4239"},"author":{"name":"Liquen","@id":"https:\/\/liquencentroculturalvillarrica.cl\/#\/schema\/person\/427d9157415d981616abe41a49543f36"},"headline":"INICIAN TALLERES Y ACTIVIDADES CULTURALES DE VERANO EN LIQUEN CENTRO CULTURAL DE VILLARRICA","datePublished":"2026-01-13T19:17:38+00:00","dateModified":"2026-01-13T19:20:29+00:00","mainEntityOfPage":{"@id":"https:\/\/liquencentroculturalvillarrica.cl\/?p=4239"},"wordCount":432,"commentCount":0,"publisher":{"@id":"https:\/\/liquencentroculturalvillarrica.cl\/#organization"},"image":{"@id":"https:\/\/liquencentroculturalvillarrica.cl\/?p=4239#primaryimage"},"thumbnailUrl":"https:\/\/liquencentroculturalvillarrica.cl\/wp-content\/uploads\/2026\/01\/Publicidad-Talleres-Liquen-verano.jpg","keywords":["2026","arte","ballroom","Boulevard","cabezones","comic","cultura","instrumentos","liquen","taller","verano","villarrica"],"articleSection":["Noticias","Taller"],"inLanguage":"es","potentialAction":[{"@type":"CommentAction","name":"Comment","target":["https:\/\/liquencentroculturalvillarrica.cl\/?p=4239#respond"]}]},{"@type":"WebPage","@id":"https:\/\/liquencentroculturalvillarrica.cl\/?p=4239","url":"https:\/\/liquencentroculturalvillarrica.cl\/?p=4239","name":"TALLERES Y ACTIVIDADES CULTURALES DE VERANO LIQUEN","isPartOf":{"@id":"https:\/\/liquencentroculturalvillarrica.cl\/#website"},"primaryImageOfPage":{"@id":"https:\/\/liquencentroculturalvillarrica.cl\/?p=4239#primaryimage"},"image":{"@id":"https:\/\/liquencentroculturalvillarrica.cl\/?p=4239#primaryimage"},"thumbnailUrl":"https:\/\/liquencentroculturalvillarrica.cl\/wp-content\/uploads\/2026\/01\/Publicidad-Talleres-Liquen-verano.jpg","datePublished":"2026-01-13T19:17:38+00:00","dateModified":"2026-01-13T19:20:29+00:00","description":"Iniciaron los talleres y actividades culturales de verano en Villarrica, todos los cupos llenos a excepci\u00f3n del taller de \"cabezones\".","breadcrumb":{"@id":"https:\/\/liquencentroculturalvillarrica.cl\/?p=4239#breadcrumb"},"inLanguage":"es","potentialAction":[{"@type":"ReadAction","target":["https:\/\/liquencentroculturalvillarrica.cl\/?p=4239"]}]},{"@type":"ImageObject","inLanguage":"es","@id":"https:\/\/liquencentroculturalvillarrica.cl\/?p=4239#primaryimage","url":"https:\/\/liquencentroculturalvillarrica.cl\/wp-content\/uploads\/2026\/01\/Publicidad-Talleres-Liquen-verano.jpg","contentUrl":"https:\/\/liquencentroculturalvillarrica.cl\/wp-content\/uploads\/2026\/01\/Publicidad-Talleres-Liquen-verano.jpg","width":1080,"height":590},{"@type":"BreadcrumbList","@id":"https:\/\/liquencentroculturalvillarrica.cl\/?p=4239#breadcrumb","itemListElement":[{"@type":"ListItem","position":1,"name":"Portada","item":"https:\/\/liquencentroculturalvillarrica.cl\/"},{"@type":"ListItem","position":2,"name":"INICIAN TALLERES Y ACTIVIDADES CULTURALES DE VERANO EN LIQUEN CENTRO CULTURAL DE VILLARRICA"}]},{"@type":"WebSite","@id":"https:\/\/liquencentroculturalvillarrica.cl\/#website","url":"https:\/\/liquencentroculturalvillarrica.cl\/","name":"Liquen Centro Cultural","description":"","publisher":{"@id":"https:\/\/liquencentroculturalvillarrica.cl\/#organization"},"potentialAction":[{"@type":"SearchAction","target":{"@type":"EntryPoint","urlTemplate":"https:\/\/liquencentroculturalvillarrica.cl\/?s={search_term_string}"},"query-input":{"@type":"PropertyValueSpecification","valueRequired":true,"valueName":"search_term_string"}}],"inLanguage":"es"},{"@type":"Organization","@id":"https:\/\/liquencentroculturalvillarrica.cl\/#organization","name":"Liquen Centro Cultural","url":"https:\/\/liquencentroculturalvillarrica.cl\/","logo":{"@type":"ImageObject","inLanguage":"es","@id":"https:\/\/liquencentroculturalvillarrica.cl\/#\/schema\/logo\/image\/","url":"https:\/\/liquencentroculturalvillarrica.cl\/wp-content\/uploads\/2023\/07\/Marca-Liquen-Centro-Cultural-Municipal-Villarrica2-1_Mesa-de-trabajo-1.png","contentUrl":"https:\/\/liquencentroculturalvillarrica.cl\/wp-content\/uploads\/2023\/07\/Marca-Liquen-Centro-Cultural-Municipal-Villarrica2-1_Mesa-de-trabajo-1.png","width":3300,"height":2550,"caption":"Liquen Centro Cultural"},"image":{"@id":"https:\/\/liquencentroculturalvillarrica.cl\/#\/schema\/logo\/image\/"},"sameAs":["https:\/\/www.facebook.com\/profile.php?id=100085283714609","https:\/\/www.instagram.com\/villarricacentrocultural\/","https:\/\/www.youtube.com\/channel\/UCQCChCLB8KB4ckeIXmpHNQw"]},{"@type":"Person","@id":"https:\/\/liquencentroculturalvillarrica.cl\/#\/schema\/person\/427d9157415d981616abe41a49543f36","name":"Liquen","image":{"@type":"ImageObject","inLanguage":"es","@id":"https:\/\/liquencentroculturalvillarrica.cl\/#\/schema\/person\/image\/","url":"https:\/\/secure.gravatar.com\/avatar\/c3433ef77dd4f91e7fede9f9521759ea33f87a092b5c394a0ba9665a3c4341f7?s=96&d=mm&r=g","contentUrl":"https:\/\/secure.gravatar.com\/avatar\/c3433ef77dd4f91e7fede9f9521759ea33f87a092b5c394a0ba9665a3c4341f7?s=96&d=mm&r=g","caption":"Liquen"},"sameAs":["http:\/\/liquencentroculturalvillarrica.cl"],"url":"https:\/\/liquencentroculturalvillarrica.cl\/?author=1"}]}},"featured_image_src":"https:\/\/liquencentroculturalvillarrica.cl\/wp-content\/uploads\/2026\/01\/Publicidad-Talleres-Liquen-verano-600x400.jpg","featured_image_src_square":"https:\/\/liquencentroculturalvillarrica.cl\/wp-content\/uploads\/2026\/01\/Publicidad-Talleres-Liquen-verano-600x590.jpg","author_info":{"display_name":"Liquen","author_link":"https:\/\/liquencentroculturalvillarrica.cl\/?author=1"},"_links":{"self":[{"href":"https:\/\/liquencentroculturalvillarrica.cl\/index.php?rest_route=\/wp\/v2\/posts\/4239","targetHints":{"allow":["GET"]}}],"collection":[{"href":"https:\/\/liquencentroculturalvillarrica.cl\/index.php?rest_route=\/wp\/v2\/posts"}],"about":[{"href":"https:\/\/liquencentroculturalvillarrica.cl\/index.php?rest_route=\/wp\/v2\/types\/post"}],"author":[{"embeddable":true,"href":"https:\/\/liquencentroculturalvillarrica.cl\/index.php?rest_route=\/wp\/v2\/users\/1"}],"replies":[{"embeddable":true,"href":"https:\/\/liquencentroculturalvillarrica.cl\/index.php?rest_route=%2Fwp%2Fv2%2Fcomments&post=4239"}],"version-history":[{"count":3,"href":"https:\/\/liquencentroculturalvillarrica.cl\/index.php?rest_route=\/wp\/v2\/posts\/4239\/revisions"}],"predecessor-version":[{"id":4248,"href":"https:\/\/liquencentroculturalvillarrica.cl\/index.php?rest_route=\/wp\/v2\/posts\/4239\/revisions\/4248"}],"wp:featuredmedia":[{"embeddable":true,"href":"https:\/\/liquencentroculturalvillarrica.cl\/index.php?rest_route=\/wp\/v2\/media\/4240"}],"wp:attachment":[{"href":"https:\/\/liquencentroculturalvillarrica.cl\/index.php?rest_route=%2Fwp%2Fv2%2Fmedia&parent=4239"}],"wp:term":[{"taxonomy":"category","embeddable":true,"href":"https:\/\/liquencentroculturalvillarrica.cl\/index.php?rest_route=%2Fwp%2Fv2%2Fcategories&post=4239"},{"taxonomy":"post_tag","embeddable":true,"href":"https:\/\/liquencentroculturalvillarrica.cl\/index.php?rest_route=%2Fwp%2Fv2%2Ftags&post=4239"}],"curies":[{"name":"wp","href":"https:\/\/api.w.org\/{rel}","templated":true}]}}