{"id":4227,"date":"2026-01-08T16:20:05","date_gmt":"2026-01-08T16:20:05","guid":{"rendered":"https:\/\/liquencentroculturalvillarrica.cl\/?p=4227"},"modified":"2026-01-08T16:20:08","modified_gmt":"2026-01-08T16:20:08","slug":"boulevard-lican-ray-2026","status":"publish","type":"post","link":"https:\/\/liquencentroculturalvillarrica.cl\/?p=4227","title":{"rendered":"BOULEVARD LIC\u00c1N RAY 2026 OPCI\u00d3N CULTURAL DEL VERANO CON ARTISTAS LOCALES"},"content":{"rendered":"\n<p><em>Con el prop\u00f3sito de fomentar las actividades culturales de verano, la oficina de cultura municipal ha elaborado un programa de espect\u00e1culos, que privilegia la participaci\u00f3n de artistas locales con amplia trayectoria musical y abre espacios de libre acceso con presentaciones de alto nivel art\u00edstico<\/em><\/p>\n\n\n<div class=\"wp-block-image\">\n<figure class=\"aligncenter size-full is-resized\"><img loading=\"lazy\" decoding=\"async\" width=\"934\" height=\"620\" src=\"https:\/\/liquencentroculturalvillarrica.cl\/wp-content\/uploads\/2026\/01\/WhatsApp-Image-2026-01-08-at-10.49.51-AM.jpeg\" alt=\"\" class=\"wp-image-4229\" style=\"aspect-ratio:1.506509930158365;width:569px;height:auto\" srcset=\"https:\/\/liquencentroculturalvillarrica.cl\/wp-content\/uploads\/2026\/01\/WhatsApp-Image-2026-01-08-at-10.49.51-AM.jpeg 934w, https:\/\/liquencentroculturalvillarrica.cl\/wp-content\/uploads\/2026\/01\/WhatsApp-Image-2026-01-08-at-10.49.51-AM-300x199.jpeg 300w, https:\/\/liquencentroculturalvillarrica.cl\/wp-content\/uploads\/2026\/01\/WhatsApp-Image-2026-01-08-at-10.49.51-AM-768x510.jpeg 768w\" sizes=\"auto, (max-width: 934px) 100vw, 934px\" \/><figcaption class=\"wp-element-caption\"><em>Integrantes de la banda <\/em>LATIMBAT\u00c1<\/figcaption><\/figure>\n<\/div>\n\n\n<p>Para el lunes 12 est\u00e1 programado el desarrollo del \u201cBoulevard Lic\u00e1n Ray 2026\u201d que en esta nueva versi\u00f3n tendr\u00e1 en la palestra a artistas locales de destacada trayectoria en la comuna y la regi\u00f3n, como lo son&nbsp; \u201cLatimbat\u00e1\u201d que pondr\u00e1 el ritmo caliente de la Salsa con su propuesta de fusionar la salsa cubana, colombiana y puertorrique\u00f1a, por otra parte el D\u00fao&nbsp;&nbsp;&nbsp; integrado por los m\u00fasicos&nbsp; D\u00e1ngela Gallegos y Esteban San Mart\u00edn que har\u00e1n un despliegue musical de Neofolk latinoamericano con temas de la \u201cXakana\u201d. De acuerdo con lo comentado por los organizadores, \u201cuna puesta en escena imperdible\u201d.<\/p>\n\n\n\n<p>El espect\u00e1culo que ya acapara la expectaci\u00f3n del p\u00fablico licanrayence, se desarrollar\u00e1 en el principal centro c\u00edvico del balneario, punto de encuentro obligado de los turistas como lo es la Plaza de Armas, con un despliegue t\u00e9cnico y la calidad interpretativa comprobada de los m\u00fasicos, el espect\u00e1culo est\u00e1 programado para las 19.30 hrs.<\/p>\n\n\n\n<p>En un esfuerzo de la Ilustre Municipalidad de Villarrica y su alcalde Pablo Astete, por complementar la amplia oferta tur\u00edstica que ofrece la comuna y que tiene en Lic\u00e1n Ray unos los principales atractivos y donde ya se encuentran miles de personas disfrutando de la \u00e9poca estival.<\/p>\n\n\n\n<p>Las actividades culturales en la comuna lacustre son amplias y contemplan talleres gratuitos que se desarrollan en el Liquen ubicado a orillas del lago Villarrica en Prat 880, adem\u00e1s de una parrilla de espect\u00e1culos que est\u00e1 disponible en las redes sociales del centro cultural, su p\u00e1gina web y a trav\u00e9s de las redes del municipio local.<\/p>\n\n\n\n<p>____________________________________<\/p>\n\n\n\n<p><a href=\"mailto:acarrasco@lacustre.cl\">Allan Carrasco<\/a> Rom\u00e1n &#8211; RRPP Liquen CCM.<\/p>\n","protected":false},"excerpt":{"rendered":"<p>Con el prop\u00f3sito de fomentar las actividades culturales de verano, la oficina de cultura municipal ha elaborado un programa de espect\u00e1culos, que privilegia la participaci\u00f3n de artistas locales con amplia trayectoria musical y abre espacios de libre acceso con presentaciones de alto nivel art\u00edstico Para el lunes 12 est\u00e1 programado el desarrollo del \u201cBoulevard Lic\u00e1n&hellip;&nbsp;<a href=\"https:\/\/liquencentroculturalvillarrica.cl\/?p=4227\" rel=\"bookmark\">Leer m\u00e1s &raquo;<span class=\"screen-reader-text\">BOULEVARD LIC\u00c1N RAY 2026 OPCI\u00d3N CULTURAL DEL VERANO CON ARTISTAS LOCALES<\/span><\/a><\/p>\n","protected":false},"author":1,"featured_media":4228,"comment_status":"open","ping_status":"open","sticky":false,"template":"","format":"standard","meta":{"neve_meta_sidebar":"","neve_meta_container":"","neve_meta_enable_content_width":"","neve_meta_content_width":0,"neve_meta_title_alignment":"","neve_meta_author_avatar":"","neve_post_elements_order":"","neve_meta_disable_header":"","neve_meta_disable_footer":"","neve_meta_disable_title":"","footnotes":""},"categories":[22,5],"tags":[36,54,34,55,12,56],"class_list":["post-4227","post","type-post","status-publish","format-standard","has-post-thumbnail","hentry","category-musica","category-noticias","tag-artistas","tag-boulevard","tag-cultura","tag-lican-ray","tag-musica","tag-villarrica"],"yoast_head":"<!-- This site is optimized with the Yoast SEO plugin v26.7 - https:\/\/yoast.com\/wordpress\/plugins\/seo\/ -->\n<title>BOULEVARD LIC\u00c1N RAY 2026<\/title>\n<meta name=\"description\" content=\"Participaci\u00f3n de artistas locales con amplia trayectoria musical y espacios de libre acceso con presentaciones de alto nivel art\u00edstico\" \/>\n<meta name=\"robots\" content=\"index, follow, max-snippet:-1, max-image-preview:large, max-video-preview:-1\" \/>\n<link rel=\"canonical\" href=\"https:\/\/liquencentroculturalvillarrica.cl\/?p=4227\" \/>\n<meta property=\"og:locale\" content=\"es_ES\" \/>\n<meta property=\"og:type\" content=\"article\" \/>\n<meta property=\"og:title\" content=\"BOULEVARD LIC\u00c1N RAY 2026\" \/>\n<meta property=\"og:description\" content=\"Participaci\u00f3n de artistas locales con amplia trayectoria musical y espacios de libre acceso con presentaciones de alto nivel art\u00edstico\" \/>\n<meta property=\"og:url\" content=\"https:\/\/liquencentroculturalvillarrica.cl\/?p=4227\" \/>\n<meta property=\"og:site_name\" content=\"Liquen Centro Cultural\" \/>\n<meta property=\"article:publisher\" content=\"https:\/\/www.facebook.com\/profile.php?id=100085283714609\" \/>\n<meta property=\"article:published_time\" content=\"2026-01-08T16:20:05+00:00\" \/>\n<meta property=\"article:modified_time\" content=\"2026-01-08T16:20:08+00:00\" \/>\n<meta property=\"og:image\" content=\"https:\/\/liquencentroculturalvillarrica.cl\/wp-content\/uploads\/2026\/01\/boulebard.jpg\" \/>\n\t<meta property=\"og:image:width\" content=\"1080\" \/>\n\t<meta property=\"og:image:height\" content=\"380\" \/>\n\t<meta property=\"og:image:type\" content=\"image\/jpeg\" \/>\n<meta name=\"author\" content=\"Liquen\" \/>\n<meta name=\"twitter:card\" content=\"summary_large_image\" \/>\n<meta name=\"twitter:label1\" content=\"Escrito por\" \/>\n\t<meta name=\"twitter:data1\" content=\"Liquen\" \/>\n\t<meta name=\"twitter:label2\" content=\"Tiempo de lectura\" \/>\n\t<meta name=\"twitter:data2\" content=\"2 minutos\" \/>\n<script type=\"application\/ld+json\" class=\"yoast-schema-graph\">{\"@context\":\"https:\/\/schema.org\",\"@graph\":[{\"@type\":\"Article\",\"@id\":\"https:\/\/liquencentroculturalvillarrica.cl\/?p=4227#article\",\"isPartOf\":{\"@id\":\"https:\/\/liquencentroculturalvillarrica.cl\/?p=4227\"},\"author\":{\"name\":\"Liquen\",\"@id\":\"https:\/\/liquencentroculturalvillarrica.cl\/#\/schema\/person\/427d9157415d981616abe41a49543f36\"},\"headline\":\"BOULEVARD LIC\u00c1N RAY 2026 OPCI\u00d3N CULTURAL DEL VERANO CON ARTISTAS LOCALES\",\"datePublished\":\"2026-01-08T16:20:05+00:00\",\"dateModified\":\"2026-01-08T16:20:08+00:00\",\"mainEntityOfPage\":{\"@id\":\"https:\/\/liquencentroculturalvillarrica.cl\/?p=4227\"},\"wordCount\":350,\"commentCount\":0,\"publisher\":{\"@id\":\"https:\/\/liquencentroculturalvillarrica.cl\/#organization\"},\"image\":{\"@id\":\"https:\/\/liquencentroculturalvillarrica.cl\/?p=4227#primaryimage\"},\"thumbnailUrl\":\"https:\/\/liquencentroculturalvillarrica.cl\/wp-content\/uploads\/2026\/01\/boulebard.jpg\",\"keywords\":[\"artistas\",\"Boulevard\",\"cultura\",\"Lic\u00e1n Ray\",\"m\u00fasica\",\"villarrica\"],\"articleSection\":[\"M\u00fasica\",\"Noticias\"],\"inLanguage\":\"es\",\"potentialAction\":[{\"@type\":\"CommentAction\",\"name\":\"Comment\",\"target\":[\"https:\/\/liquencentroculturalvillarrica.cl\/?p=4227#respond\"]}]},{\"@type\":\"WebPage\",\"@id\":\"https:\/\/liquencentroculturalvillarrica.cl\/?p=4227\",\"url\":\"https:\/\/liquencentroculturalvillarrica.cl\/?p=4227\",\"name\":\"BOULEVARD LIC\u00c1N RAY 2026\",\"isPartOf\":{\"@id\":\"https:\/\/liquencentroculturalvillarrica.cl\/#website\"},\"primaryImageOfPage\":{\"@id\":\"https:\/\/liquencentroculturalvillarrica.cl\/?p=4227#primaryimage\"},\"image\":{\"@id\":\"https:\/\/liquencentroculturalvillarrica.cl\/?p=4227#primaryimage\"},\"thumbnailUrl\":\"https:\/\/liquencentroculturalvillarrica.cl\/wp-content\/uploads\/2026\/01\/boulebard.jpg\",\"datePublished\":\"2026-01-08T16:20:05+00:00\",\"dateModified\":\"2026-01-08T16:20:08+00:00\",\"description\":\"Participaci\u00f3n de artistas locales con amplia trayectoria musical y espacios de libre acceso con presentaciones de alto nivel art\u00edstico\",\"breadcrumb\":{\"@id\":\"https:\/\/liquencentroculturalvillarrica.cl\/?p=4227#breadcrumb\"},\"inLanguage\":\"es\",\"potentialAction\":[{\"@type\":\"ReadAction\",\"target\":[\"https:\/\/liquencentroculturalvillarrica.cl\/?p=4227\"]}]},{\"@type\":\"ImageObject\",\"inLanguage\":\"es\",\"@id\":\"https:\/\/liquencentroculturalvillarrica.cl\/?p=4227#primaryimage\",\"url\":\"https:\/\/liquencentroculturalvillarrica.cl\/wp-content\/uploads\/2026\/01\/boulebard.jpg\",\"contentUrl\":\"https:\/\/liquencentroculturalvillarrica.cl\/wp-content\/uploads\/2026\/01\/boulebard.jpg\",\"width\":1080,\"height\":380},{\"@type\":\"BreadcrumbList\",\"@id\":\"https:\/\/liquencentroculturalvillarrica.cl\/?p=4227#breadcrumb\",\"itemListElement\":[{\"@type\":\"ListItem\",\"position\":1,\"name\":\"Portada\",\"item\":\"https:\/\/liquencentroculturalvillarrica.cl\/\"},{\"@type\":\"ListItem\",\"position\":2,\"name\":\"BOULEVARD LIC\u00c1N RAY 2026 OPCI\u00d3N CULTURAL DEL VERANO CON ARTISTAS LOCALES\"}]},{\"@type\":\"WebSite\",\"@id\":\"https:\/\/liquencentroculturalvillarrica.cl\/#website\",\"url\":\"https:\/\/liquencentroculturalvillarrica.cl\/\",\"name\":\"Liquen Centro Cultural\",\"description\":\"\",\"publisher\":{\"@id\":\"https:\/\/liquencentroculturalvillarrica.cl\/#organization\"},\"potentialAction\":[{\"@type\":\"SearchAction\",\"target\":{\"@type\":\"EntryPoint\",\"urlTemplate\":\"https:\/\/liquencentroculturalvillarrica.cl\/?s={search_term_string}\"},\"query-input\":{\"@type\":\"PropertyValueSpecification\",\"valueRequired\":true,\"valueName\":\"search_term_string\"}}],\"inLanguage\":\"es\"},{\"@type\":\"Organization\",\"@id\":\"https:\/\/liquencentroculturalvillarrica.cl\/#organization\",\"name\":\"Liquen Centro Cultural\",\"url\":\"https:\/\/liquencentroculturalvillarrica.cl\/\",\"logo\":{\"@type\":\"ImageObject\",\"inLanguage\":\"es\",\"@id\":\"https:\/\/liquencentroculturalvillarrica.cl\/#\/schema\/logo\/image\/\",\"url\":\"https:\/\/liquencentroculturalvillarrica.cl\/wp-content\/uploads\/2023\/07\/Marca-Liquen-Centro-Cultural-Municipal-Villarrica2-1_Mesa-de-trabajo-1.png\",\"contentUrl\":\"https:\/\/liquencentroculturalvillarrica.cl\/wp-content\/uploads\/2023\/07\/Marca-Liquen-Centro-Cultural-Municipal-Villarrica2-1_Mesa-de-trabajo-1.png\",\"width\":3300,\"height\":2550,\"caption\":\"Liquen Centro Cultural\"},\"image\":{\"@id\":\"https:\/\/liquencentroculturalvillarrica.cl\/#\/schema\/logo\/image\/\"},\"sameAs\":[\"https:\/\/www.facebook.com\/profile.php?id=100085283714609\",\"https:\/\/www.instagram.com\/villarricacentrocultural\/\",\"https:\/\/www.youtube.com\/channel\/UCQCChCLB8KB4ckeIXmpHNQw\"]},{\"@type\":\"Person\",\"@id\":\"https:\/\/liquencentroculturalvillarrica.cl\/#\/schema\/person\/427d9157415d981616abe41a49543f36\",\"name\":\"Liquen\",\"image\":{\"@type\":\"ImageObject\",\"inLanguage\":\"es\",\"@id\":\"https:\/\/liquencentroculturalvillarrica.cl\/#\/schema\/person\/image\/\",\"url\":\"https:\/\/secure.gravatar.com\/avatar\/c3433ef77dd4f91e7fede9f9521759ea33f87a092b5c394a0ba9665a3c4341f7?s=96&d=mm&r=g\",\"contentUrl\":\"https:\/\/secure.gravatar.com\/avatar\/c3433ef77dd4f91e7fede9f9521759ea33f87a092b5c394a0ba9665a3c4341f7?s=96&d=mm&r=g\",\"caption\":\"Liquen\"},\"sameAs\":[\"http:\/\/liquencentroculturalvillarrica.cl\"],\"url\":\"https:\/\/liquencentroculturalvillarrica.cl\/?author=1\"}]}<\/script>\n<!-- \/ Yoast SEO plugin. -->","yoast_head_json":{"title":"BOULEVARD LIC\u00c1N RAY 2026","description":"Participaci\u00f3n de artistas locales con amplia trayectoria musical y espacios de libre acceso con presentaciones de alto nivel art\u00edstico","robots":{"index":"index","follow":"follow","max-snippet":"max-snippet:-1","max-image-preview":"max-image-preview:large","max-video-preview":"max-video-preview:-1"},"canonical":"https:\/\/liquencentroculturalvillarrica.cl\/?p=4227","og_locale":"es_ES","og_type":"article","og_title":"BOULEVARD LIC\u00c1N RAY 2026","og_description":"Participaci\u00f3n de artistas locales con amplia trayectoria musical y espacios de libre acceso con presentaciones de alto nivel art\u00edstico","og_url":"https:\/\/liquencentroculturalvillarrica.cl\/?p=4227","og_site_name":"Liquen Centro Cultural","article_publisher":"https:\/\/www.facebook.com\/profile.php?id=100085283714609","article_published_time":"2026-01-08T16:20:05+00:00","article_modified_time":"2026-01-08T16:20:08+00:00","og_image":[{"width":1080,"height":380,"url":"https:\/\/liquencentroculturalvillarrica.cl\/wp-content\/uploads\/2026\/01\/boulebard.jpg","type":"image\/jpeg"}],"author":"Liquen","twitter_card":"summary_large_image","twitter_misc":{"Escrito por":"Liquen","Tiempo de lectura":"2 minutos"},"schema":{"@context":"https:\/\/schema.org","@graph":[{"@type":"Article","@id":"https:\/\/liquencentroculturalvillarrica.cl\/?p=4227#article","isPartOf":{"@id":"https:\/\/liquencentroculturalvillarrica.cl\/?p=4227"},"author":{"name":"Liquen","@id":"https:\/\/liquencentroculturalvillarrica.cl\/#\/schema\/person\/427d9157415d981616abe41a49543f36"},"headline":"BOULEVARD LIC\u00c1N RAY 2026 OPCI\u00d3N CULTURAL DEL VERANO CON ARTISTAS LOCALES","datePublished":"2026-01-08T16:20:05+00:00","dateModified":"2026-01-08T16:20:08+00:00","mainEntityOfPage":{"@id":"https:\/\/liquencentroculturalvillarrica.cl\/?p=4227"},"wordCount":350,"commentCount":0,"publisher":{"@id":"https:\/\/liquencentroculturalvillarrica.cl\/#organization"},"image":{"@id":"https:\/\/liquencentroculturalvillarrica.cl\/?p=4227#primaryimage"},"thumbnailUrl":"https:\/\/liquencentroculturalvillarrica.cl\/wp-content\/uploads\/2026\/01\/boulebard.jpg","keywords":["artistas","Boulevard","cultura","Lic\u00e1n Ray","m\u00fasica","villarrica"],"articleSection":["M\u00fasica","Noticias"],"inLanguage":"es","potentialAction":[{"@type":"CommentAction","name":"Comment","target":["https:\/\/liquencentroculturalvillarrica.cl\/?p=4227#respond"]}]},{"@type":"WebPage","@id":"https:\/\/liquencentroculturalvillarrica.cl\/?p=4227","url":"https:\/\/liquencentroculturalvillarrica.cl\/?p=4227","name":"BOULEVARD LIC\u00c1N RAY 2026","isPartOf":{"@id":"https:\/\/liquencentroculturalvillarrica.cl\/#website"},"primaryImageOfPage":{"@id":"https:\/\/liquencentroculturalvillarrica.cl\/?p=4227#primaryimage"},"image":{"@id":"https:\/\/liquencentroculturalvillarrica.cl\/?p=4227#primaryimage"},"thumbnailUrl":"https:\/\/liquencentroculturalvillarrica.cl\/wp-content\/uploads\/2026\/01\/boulebard.jpg","datePublished":"2026-01-08T16:20:05+00:00","dateModified":"2026-01-08T16:20:08+00:00","description":"Participaci\u00f3n de artistas locales con amplia trayectoria musical y espacios de libre acceso con presentaciones de alto nivel art\u00edstico","breadcrumb":{"@id":"https:\/\/liquencentroculturalvillarrica.cl\/?p=4227#breadcrumb"},"inLanguage":"es","potentialAction":[{"@type":"ReadAction","target":["https:\/\/liquencentroculturalvillarrica.cl\/?p=4227"]}]},{"@type":"ImageObject","inLanguage":"es","@id":"https:\/\/liquencentroculturalvillarrica.cl\/?p=4227#primaryimage","url":"https:\/\/liquencentroculturalvillarrica.cl\/wp-content\/uploads\/2026\/01\/boulebard.jpg","contentUrl":"https:\/\/liquencentroculturalvillarrica.cl\/wp-content\/uploads\/2026\/01\/boulebard.jpg","width":1080,"height":380},{"@type":"BreadcrumbList","@id":"https:\/\/liquencentroculturalvillarrica.cl\/?p=4227#breadcrumb","itemListElement":[{"@type":"ListItem","position":1,"name":"Portada","item":"https:\/\/liquencentroculturalvillarrica.cl\/"},{"@type":"ListItem","position":2,"name":"BOULEVARD LIC\u00c1N RAY 2026 OPCI\u00d3N CULTURAL DEL VERANO CON ARTISTAS LOCALES"}]},{"@type":"WebSite","@id":"https:\/\/liquencentroculturalvillarrica.cl\/#website","url":"https:\/\/liquencentroculturalvillarrica.cl\/","name":"Liquen Centro Cultural","description":"","publisher":{"@id":"https:\/\/liquencentroculturalvillarrica.cl\/#organization"},"potentialAction":[{"@type":"SearchAction","target":{"@type":"EntryPoint","urlTemplate":"https:\/\/liquencentroculturalvillarrica.cl\/?s={search_term_string}"},"query-input":{"@type":"PropertyValueSpecification","valueRequired":true,"valueName":"search_term_string"}}],"inLanguage":"es"},{"@type":"Organization","@id":"https:\/\/liquencentroculturalvillarrica.cl\/#organization","name":"Liquen Centro Cultural","url":"https:\/\/liquencentroculturalvillarrica.cl\/","logo":{"@type":"ImageObject","inLanguage":"es","@id":"https:\/\/liquencentroculturalvillarrica.cl\/#\/schema\/logo\/image\/","url":"https:\/\/liquencentroculturalvillarrica.cl\/wp-content\/uploads\/2023\/07\/Marca-Liquen-Centro-Cultural-Municipal-Villarrica2-1_Mesa-de-trabajo-1.png","contentUrl":"https:\/\/liquencentroculturalvillarrica.cl\/wp-content\/uploads\/2023\/07\/Marca-Liquen-Centro-Cultural-Municipal-Villarrica2-1_Mesa-de-trabajo-1.png","width":3300,"height":2550,"caption":"Liquen Centro Cultural"},"image":{"@id":"https:\/\/liquencentroculturalvillarrica.cl\/#\/schema\/logo\/image\/"},"sameAs":["https:\/\/www.facebook.com\/profile.php?id=100085283714609","https:\/\/www.instagram.com\/villarricacentrocultural\/","https:\/\/www.youtube.com\/channel\/UCQCChCLB8KB4ckeIXmpHNQw"]},{"@type":"Person","@id":"https:\/\/liquencentroculturalvillarrica.cl\/#\/schema\/person\/427d9157415d981616abe41a49543f36","name":"Liquen","image":{"@type":"ImageObject","inLanguage":"es","@id":"https:\/\/liquencentroculturalvillarrica.cl\/#\/schema\/person\/image\/","url":"https:\/\/secure.gravatar.com\/avatar\/c3433ef77dd4f91e7fede9f9521759ea33f87a092b5c394a0ba9665a3c4341f7?s=96&d=mm&r=g","contentUrl":"https:\/\/secure.gravatar.com\/avatar\/c3433ef77dd4f91e7fede9f9521759ea33f87a092b5c394a0ba9665a3c4341f7?s=96&d=mm&r=g","caption":"Liquen"},"sameAs":["http:\/\/liquencentroculturalvillarrica.cl"],"url":"https:\/\/liquencentroculturalvillarrica.cl\/?author=1"}]}},"featured_image_src":"https:\/\/liquencentroculturalvillarrica.cl\/wp-content\/uploads\/2026\/01\/boulebard-600x380.jpg","featured_image_src_square":"https:\/\/liquencentroculturalvillarrica.cl\/wp-content\/uploads\/2026\/01\/boulebard-600x380.jpg","author_info":{"display_name":"Liquen","author_link":"https:\/\/liquencentroculturalvillarrica.cl\/?author=1"},"_links":{"self":[{"href":"https:\/\/liquencentroculturalvillarrica.cl\/index.php?rest_route=\/wp\/v2\/posts\/4227","targetHints":{"allow":["GET"]}}],"collection":[{"href":"https:\/\/liquencentroculturalvillarrica.cl\/index.php?rest_route=\/wp\/v2\/posts"}],"about":[{"href":"https:\/\/liquencentroculturalvillarrica.cl\/index.php?rest_route=\/wp\/v2\/types\/post"}],"author":[{"embeddable":true,"href":"https:\/\/liquencentroculturalvillarrica.cl\/index.php?rest_route=\/wp\/v2\/users\/1"}],"replies":[{"embeddable":true,"href":"https:\/\/liquencentroculturalvillarrica.cl\/index.php?rest_route=%2Fwp%2Fv2%2Fcomments&post=4227"}],"version-history":[{"count":1,"href":"https:\/\/liquencentroculturalvillarrica.cl\/index.php?rest_route=\/wp\/v2\/posts\/4227\/revisions"}],"predecessor-version":[{"id":4230,"href":"https:\/\/liquencentroculturalvillarrica.cl\/index.php?rest_route=\/wp\/v2\/posts\/4227\/revisions\/4230"}],"wp:featuredmedia":[{"embeddable":true,"href":"https:\/\/liquencentroculturalvillarrica.cl\/index.php?rest_route=\/wp\/v2\/media\/4228"}],"wp:attachment":[{"href":"https:\/\/liquencentroculturalvillarrica.cl\/index.php?rest_route=%2Fwp%2Fv2%2Fmedia&parent=4227"}],"wp:term":[{"taxonomy":"category","embeddable":true,"href":"https:\/\/liquencentroculturalvillarrica.cl\/index.php?rest_route=%2Fwp%2Fv2%2Fcategories&post=4227"},{"taxonomy":"post_tag","embeddable":true,"href":"https:\/\/liquencentroculturalvillarrica.cl\/index.php?rest_route=%2Fwp%2Fv2%2Ftags&post=4227"}],"curies":[{"name":"wp","href":"https:\/\/api.w.org\/{rel}","templated":true}]}}