{"id":4154,"date":"2026-01-07T17:09:41","date_gmt":"2026-01-07T17:09:41","guid":{"rendered":"https:\/\/liquencentroculturalvillarrica.cl\/?p=4154"},"modified":"2026-01-07T17:37:06","modified_gmt":"2026-01-07T17:37:06","slug":"elencos-estables-de-liquen-cerraron-el-ano","status":"publish","type":"post","link":"https:\/\/liquencentroculturalvillarrica.cl\/?p=4154","title":{"rendered":"ELENCOS ESTABLES DE LIQUEN CERRARON EL A\u00d1O CON EXITOSAS PRESENTACIONES EN EL TEATRO A ORILLAS DEL LAGO VILLARRICA"},"content":{"rendered":"\n<p><em>Esta semana, tres de los elencos estables de Liquen Centro Cultural Municipal de Villarrica como lo son Guitarra cl\u00e1sica, Orquesta sinf\u00f3nica infanto juvenil y el Coro l\u00edrico concluyeron sus actividades 2025 con sus respectivas galas de fin de a\u00f1o, que cosecharon presencia y aplausos generosos del p\u00fablico que replet\u00f3 las aposentadur\u00edas del teatro Liquen.<\/em><\/p>\n\n\n\n<p>&nbsp;Ante la presencia de&nbsp; un entusiasta p\u00fablico las tres presentaciones fueron exitosas desde todo punto de vista, as\u00ed lo se\u00f1al\u00f3 el director del Liquen CCM de Villarrica Sebasti\u00e1n Henr\u00edquez, quien resumi\u00f3 las actividades de esta semana como \u201crotundo \u00e9xito&nbsp; para la cultura en nuestra&nbsp; hist\u00f3rica ciudad de Villarrica, adem\u00e1s los elencos mostraron lo mejor de s\u00ed y contamos con la presencia de buen p\u00fablico para las galas de la Orquesta de C\u00e1mara de Guitarra como tambi\u00e9n para la Orquesta Infanto Juvenil Municipal y &nbsp;el Coro L\u00edrico Liquen el d\u00eda s\u00e1bado, realmente quedamos muy conformes y satisfechos de lo alcanzado el presente a\u00f1o, motivo para seguir trabajando en esta l\u00ednea\u201d enfatiz\u00f3 el directivo.<\/p>\n\n\n\n<p>&nbsp;&nbsp;&nbsp;&nbsp;&nbsp;&nbsp;&nbsp;&nbsp;&nbsp;&nbsp;&nbsp; Las galas contaron con la presencia de la primera autoridad de la comuna, el alcalde Pablo Astete quien hizo espacio en su ajustada agenda de fin de a\u00f1o para escuchar, evaluar positivamente y tambi\u00e9n entregar reconocimientos a quienes con su aporte profesional suman al desarrollo de la cultura en diversas disciplinas del arte local.<\/p>\n\n\n\n<p><strong>Guitarra Clasica<\/strong><\/p>\n\n\n\n<p><strong>&nbsp;&nbsp;&nbsp;&nbsp;&nbsp;&nbsp;&nbsp;&nbsp;&nbsp;&nbsp;&nbsp; <\/strong>El martes fue el turno de la Orquesta de C\u00e1mara de Guitarra Cl\u00e1sica, que bajo la gu\u00eda de su profesor y director Fernando Donoso, entreg\u00f3 un repertorio que llam\u00f3 la atenci\u00f3n por su versatilidad y variedad, haci\u00e9ndole un gui\u00f1o a la m\u00fasica latinoamericana mientras mantiene su l\u00ednea en lo cl\u00e1sico espa\u00f1ol y universal.<\/p>\n\n\n\n<div class=\"wp-block-stackable-carousel alignwide stk-block-carousel stk--is-slide stk--infinite-scroll stk--arrows-justify-space-between stk--arrows-align-center stk-block stk-81ff317\" data-slides-to-show=\"1\" data-block-id=\"81ff317\"><style>.stk-81ff317 {--slides-to-show:1 !important;--gap:22px !important;min-height:0px !important;align-items:center !important;max-width:720px !important;min-width:auto !important;padding-top:var(--stk--preset--spacing--none, 0px) !important;padding-right:var(--stk--preset--spacing--none, 0px) !important;padding-bottom:var(--stk--preset--spacing--none, 0px) !important;padding-left:var(--stk--preset--spacing--none, 0px) !important;margin-right:auto !important;margin-bottom:0px !important;margin-left:auto !important;display:flex !important;}.stk-81ff317 .stk-block-carousel__buttons{justify-content:space-between !important;align-items:center !important;}<\/style><div class=\"stk-block-carousel__content-wrapper\"><div class=\"stk-row stk-inner-blocks has-text-align-center stk-block-content stk-block-carousel__slider-wrapper stk-content-align stk-81ff317-column alignwide\"><div class=\"stk-block-carousel__slider\" role=\"list\" data-autoplay=\"3600\" data-label-slide-of=\"Slide %%d of %%d\" tabindex=\"0\">\n<div class=\"wp-block-stackable-column stk-block-column stk-column stk-block stk-af19d99\" data-v=\"4\" data-block-id=\"af19d99\"><style>.stk-af19d99 {align-self:center !important;}.stk-af19d99-container{max-width:1376px !important;min-width:auto !important;}<\/style><div class=\"stk-column-wrapper stk-block-column__content stk-container stk-af19d99-container stk--no-background stk--no-padding\"><div class=\"has-text-align-center stk--block-horizontal-flex stk-block-content stk-inner-blocks stk-af19d99-inner-blocks\"><div class=\"wp-block-image\">\n<figure class=\"aligncenter size-large\"><img loading=\"lazy\" decoding=\"async\" width=\"1024\" height=\"576\" src=\"https:\/\/liquencentroculturalvillarrica.cl\/wp-content\/uploads\/2026\/01\/1766500870172-1024x576.jpg\" alt=\"\" class=\"wp-image-4156\" srcset=\"https:\/\/liquencentroculturalvillarrica.cl\/wp-content\/uploads\/2026\/01\/1766500870172-1024x576.jpg 1024w, https:\/\/liquencentroculturalvillarrica.cl\/wp-content\/uploads\/2026\/01\/1766500870172-300x169.jpg 300w, https:\/\/liquencentroculturalvillarrica.cl\/wp-content\/uploads\/2026\/01\/1766500870172-768x432.jpg 768w, https:\/\/liquencentroculturalvillarrica.cl\/wp-content\/uploads\/2026\/01\/1766500870172-1536x864.jpg 1536w, https:\/\/liquencentroculturalvillarrica.cl\/wp-content\/uploads\/2026\/01\/1766500870172-2048x1152.jpg 2048w\" sizes=\"auto, (max-width: 1024px) 100vw, 1024px\" \/><figcaption class=\"wp-element-caption\"><em>Registros de la gala del <a href=\"https:\/\/liquencentroculturalvillarrica.cl\/?page_id=2401\">elenco de guitarra cl\u00e1sica<\/a><\/em><\/figcaption><\/figure>\n<\/div><\/div><\/div><\/div>\n\n\n\n<div class=\"wp-block-stackable-column stk-block-column stk-column stk-block stk-adbd7c0\" data-v=\"4\" data-block-id=\"adbd7c0\"><style>.stk-adbd7c0 {align-self:center !important;}<\/style><div class=\"stk-column-wrapper stk-block-column__content stk-container stk-adbd7c0-container stk--no-background stk--no-padding\"><div class=\"stk-block-content stk-inner-blocks stk-adbd7c0-inner-blocks\">\n<figure class=\"wp-block-image size-large\"><img loading=\"lazy\" decoding=\"async\" width=\"1024\" height=\"576\" src=\"https:\/\/liquencentroculturalvillarrica.cl\/wp-content\/uploads\/2026\/01\/1766500870211-1024x576.jpg\" alt=\"\" class=\"wp-image-4163\" srcset=\"https:\/\/liquencentroculturalvillarrica.cl\/wp-content\/uploads\/2026\/01\/1766500870211-1024x576.jpg 1024w, https:\/\/liquencentroculturalvillarrica.cl\/wp-content\/uploads\/2026\/01\/1766500870211-300x169.jpg 300w, https:\/\/liquencentroculturalvillarrica.cl\/wp-content\/uploads\/2026\/01\/1766500870211-768x432.jpg 768w, https:\/\/liquencentroculturalvillarrica.cl\/wp-content\/uploads\/2026\/01\/1766500870211-1536x864.jpg 1536w, https:\/\/liquencentroculturalvillarrica.cl\/wp-content\/uploads\/2026\/01\/1766500870211-2048x1152.jpg 2048w\" sizes=\"auto, (max-width: 1024px) 100vw, 1024px\" \/><\/figure>\n<\/div><\/div><\/div>\n\n\n\n<div class=\"wp-block-stackable-column stk-block-column stk-column stk-block stk-94d6298\" data-v=\"4\" data-block-id=\"94d6298\"><style>.stk-94d6298 {align-self:center !important;}<\/style><div class=\"stk-column-wrapper stk-block-column__content stk-container stk-94d6298-container stk--no-background stk--no-padding\"><div class=\"stk-block-content stk-inner-blocks stk-94d6298-inner-blocks\">\n<figure class=\"wp-block-image size-large\"><img loading=\"lazy\" decoding=\"async\" width=\"1024\" height=\"576\" src=\"https:\/\/liquencentroculturalvillarrica.cl\/wp-content\/uploads\/2026\/01\/1766500870195-1024x576.jpg\" alt=\"\" class=\"wp-image-4162\" srcset=\"https:\/\/liquencentroculturalvillarrica.cl\/wp-content\/uploads\/2026\/01\/1766500870195-1024x576.jpg 1024w, https:\/\/liquencentroculturalvillarrica.cl\/wp-content\/uploads\/2026\/01\/1766500870195-300x169.jpg 300w, https:\/\/liquencentroculturalvillarrica.cl\/wp-content\/uploads\/2026\/01\/1766500870195-768x432.jpg 768w, https:\/\/liquencentroculturalvillarrica.cl\/wp-content\/uploads\/2026\/01\/1766500870195-1536x864.jpg 1536w, https:\/\/liquencentroculturalvillarrica.cl\/wp-content\/uploads\/2026\/01\/1766500870195-2048x1152.jpg 2048w\" sizes=\"auto, (max-width: 1024px) 100vw, 1024px\" \/><\/figure>\n<\/div><\/div><\/div>\n\n\n\n<div class=\"wp-block-stackable-column stk-block-column stk-column stk-block stk-36d2c64\" data-v=\"4\" data-block-id=\"36d2c64\"><style>.stk-36d2c64 {align-self:center !important;}.stk-36d2c64-inner-blocks{align-items:center !important;justify-content:center !important;}<\/style><div class=\"stk-column-wrapper stk-block-column__content stk-container stk-36d2c64-container stk--no-background stk--no-padding\"><div class=\"has-text-align-center stk--column-flex stk-block-content stk-inner-blocks stk-36d2c64-inner-blocks\">\n<figure class=\"wp-block-image size-large is-resized\"><img loading=\"lazy\" decoding=\"async\" width=\"576\" height=\"1024\" src=\"https:\/\/liquencentroculturalvillarrica.cl\/wp-content\/uploads\/2026\/01\/1766501646982-576x1024.jpg\" alt=\"\" class=\"wp-image-4184\" style=\"width:auto;height:500px\" srcset=\"https:\/\/liquencentroculturalvillarrica.cl\/wp-content\/uploads\/2026\/01\/1766501646982-576x1024.jpg 576w, https:\/\/liquencentroculturalvillarrica.cl\/wp-content\/uploads\/2026\/01\/1766501646982-169x300.jpg 169w, https:\/\/liquencentroculturalvillarrica.cl\/wp-content\/uploads\/2026\/01\/1766501646982-768x1365.jpg 768w, https:\/\/liquencentroculturalvillarrica.cl\/wp-content\/uploads\/2026\/01\/1766501646982-864x1536.jpg 864w, https:\/\/liquencentroculturalvillarrica.cl\/wp-content\/uploads\/2026\/01\/1766501646982-1152x2048.jpg 1152w, https:\/\/liquencentroculturalvillarrica.cl\/wp-content\/uploads\/2026\/01\/1766501646982-scaled.jpg 1440w\" sizes=\"auto, (max-width: 576px) 100vw, 576px\" \/><\/figure>\n<\/div><\/div><\/div>\n\n\n\n<div class=\"wp-block-stackable-column stk-block-column stk-column stk-block stk-054cc2d\" data-v=\"4\" data-block-id=\"054cc2d\"><style>.stk-054cc2d {align-self:center !important;}.stk-054cc2d-inner-blocks{justify-content:center !important;}<\/style><div class=\"stk-column-wrapper stk-block-column__content stk-container stk-054cc2d-container stk--no-background stk--no-padding\"><div class=\"stk--column-flex stk-block-content stk-inner-blocks stk-054cc2d-inner-blocks\">\n<figure class=\"wp-block-image size-large is-resized\"><img loading=\"lazy\" decoding=\"async\" width=\"576\" height=\"1024\" src=\"https:\/\/liquencentroculturalvillarrica.cl\/wp-content\/uploads\/2026\/01\/1766501646959-576x1024.jpg\" alt=\"\" class=\"wp-image-4182\" style=\"width:auto;height:500px\" srcset=\"https:\/\/liquencentroculturalvillarrica.cl\/wp-content\/uploads\/2026\/01\/1766501646959-576x1024.jpg 576w, https:\/\/liquencentroculturalvillarrica.cl\/wp-content\/uploads\/2026\/01\/1766501646959-169x300.jpg 169w, https:\/\/liquencentroculturalvillarrica.cl\/wp-content\/uploads\/2026\/01\/1766501646959-768x1365.jpg 768w, https:\/\/liquencentroculturalvillarrica.cl\/wp-content\/uploads\/2026\/01\/1766501646959-864x1536.jpg 864w, https:\/\/liquencentroculturalvillarrica.cl\/wp-content\/uploads\/2026\/01\/1766501646959-1152x2048.jpg 1152w, https:\/\/liquencentroculturalvillarrica.cl\/wp-content\/uploads\/2026\/01\/1766501646959-scaled.jpg 1440w\" sizes=\"auto, (max-width: 576px) 100vw, 576px\" \/><\/figure>\n<\/div><\/div><\/div>\n\n\n\n<div class=\"wp-block-stackable-column stk-block-column stk-column stk-block stk-961ee9d\" data-v=\"4\" data-block-id=\"961ee9d\"><style>.stk-961ee9d-inner-blocks{justify-content:center !important;}<\/style><div class=\"stk-column-wrapper stk-block-column__content stk-container stk-961ee9d-container stk--no-background stk--no-padding\"><div class=\"stk--column-flex stk-block-content stk-inner-blocks stk-961ee9d-inner-blocks\">\n<figure class=\"wp-block-image size-large is-resized\"><img loading=\"lazy\" decoding=\"async\" width=\"576\" height=\"1024\" src=\"https:\/\/liquencentroculturalvillarrica.cl\/wp-content\/uploads\/2026\/01\/1766501646965-576x1024.jpg\" alt=\"\" class=\"wp-image-4183\" style=\"width:auto;height:500px\" srcset=\"https:\/\/liquencentroculturalvillarrica.cl\/wp-content\/uploads\/2026\/01\/1766501646965-576x1024.jpg 576w, https:\/\/liquencentroculturalvillarrica.cl\/wp-content\/uploads\/2026\/01\/1766501646965-169x300.jpg 169w, https:\/\/liquencentroculturalvillarrica.cl\/wp-content\/uploads\/2026\/01\/1766501646965-768x1365.jpg 768w, https:\/\/liquencentroculturalvillarrica.cl\/wp-content\/uploads\/2026\/01\/1766501646965-864x1536.jpg 864w, https:\/\/liquencentroculturalvillarrica.cl\/wp-content\/uploads\/2026\/01\/1766501646965-1152x2048.jpg 1152w, https:\/\/liquencentroculturalvillarrica.cl\/wp-content\/uploads\/2026\/01\/1766501646965-scaled.jpg 1440w\" sizes=\"auto, (max-width: 576px) 100vw, 576px\" \/><\/figure>\n<\/div><\/div><\/div>\n\n\n\n<div class=\"wp-block-stackable-column stk-block-column stk-column stk-block stk-ea8d981\" data-v=\"4\" data-block-id=\"ea8d981\"><style>.stk-ea8d981 {align-self:center !important;}.stk-ea8d981-inner-blocks{justify-content:center !important;}<\/style><div class=\"stk-column-wrapper stk-block-column__content stk-container stk-ea8d981-container stk--no-background stk--no-padding\"><div class=\"stk--column-flex stk-block-content stk-inner-blocks stk-ea8d981-inner-blocks\"><div class=\"wp-block-image\">\n<figure class=\"aligncenter size-large is-resized\"><img loading=\"lazy\" decoding=\"async\" width=\"576\" height=\"1024\" src=\"https:\/\/liquencentroculturalvillarrica.cl\/wp-content\/uploads\/2026\/01\/1766501646959-576x1024.jpg\" alt=\"\" class=\"wp-image-4182\" style=\"width:auto;height:500px\" srcset=\"https:\/\/liquencentroculturalvillarrica.cl\/wp-content\/uploads\/2026\/01\/1766501646959-576x1024.jpg 576w, https:\/\/liquencentroculturalvillarrica.cl\/wp-content\/uploads\/2026\/01\/1766501646959-169x300.jpg 169w, https:\/\/liquencentroculturalvillarrica.cl\/wp-content\/uploads\/2026\/01\/1766501646959-768x1365.jpg 768w, https:\/\/liquencentroculturalvillarrica.cl\/wp-content\/uploads\/2026\/01\/1766501646959-864x1536.jpg 864w, https:\/\/liquencentroculturalvillarrica.cl\/wp-content\/uploads\/2026\/01\/1766501646959-1152x2048.jpg 1152w, https:\/\/liquencentroculturalvillarrica.cl\/wp-content\/uploads\/2026\/01\/1766501646959-scaled.jpg 1440w\" sizes=\"auto, (max-width: 576px) 100vw, 576px\" \/><figcaption class=\"wp-element-caption\"><em>Registros de la gala del <a href=\"https:\/\/liquencentroculturalvillarrica.cl\/?page_id=2401\">elenco de guitarra cl\u00e1sica<\/a><\/em> <\/figcaption><\/figure>\n<\/div><\/div><\/div><\/div>\n<\/div><div class=\"stk-block-carousel__buttons\"><button class=\"stk-block-carousel__button stk-block-carousel__button__prev\" aria-label=\"Previous slide\"><svg aria-hidden=\"true\" focusable=\"false\" data-prefix=\"fas\" data-icon=\"chevron-left\" class=\"svg-inline--fa fa-chevron-left\" xmlns=\"http:\/\/www.w3.org\/2000\/svg\" viewBox=\"0 0 320 512\" width=\"32\" height=\"32\"><path d=\"M34.52 239.03L228.87 44.69c9.37-9.37 24.57-9.37 33.94 0l22.67 22.67c9.36 9.36 9.37 24.52.04 33.9L131.49 256l154.02 154.75c9.34 9.38 9.32 24.54-.04 33.9l-22.67 22.67c-9.37 9.37-24.57 9.37-33.94 0L34.52 272.97c-9.37-9.37-9.37-24.57 0-33.94z\"><\/path><\/svg><\/button><button class=\"stk-block-carousel__button stk-block-carousel__button__next\" aria-label=\"Next slide\"><svg aria-hidden=\"true\" focusable=\"false\" data-prefix=\"fas\" data-icon=\"chevron-right\" class=\"svg-inline--fa fa-chevron-right\" xmlns=\"http:\/\/www.w3.org\/2000\/svg\" viewBox=\"0 0 320 512\" width=\"32\" height=\"32\"><path d=\"M285.476 272.971L91.132 467.314c-9.373 9.373-24.569 9.373-33.941 0l-22.667-22.667c-9.357-9.357-9.375-24.522-.04-33.901L188.505 256 34.484 101.255c-9.335-9.379-9.317-24.544.04-33.901l22.667-22.667c9.373-9.373 24.569-9.373 33.941 0L285.475 239.03c9.373 9.372 9.373 24.568.001 33.941z\"><\/path><\/svg><\/button><\/div><\/div><div class=\"stk-block-carousel__dots\" role=\"list\" data-label=\"Slide %%d\"><\/div><\/div><\/div>\n\n\n\n<p><strong>Orquesta Infanto Juvenil Municipal<\/strong><\/p>\n\n\n\n<p>&nbsp;&nbsp;&nbsp;&nbsp;&nbsp;&nbsp;&nbsp;&nbsp;&nbsp;&nbsp;&nbsp; Conformada por 47 j\u00f3venes de edades desde los 7 hasta los 20 a\u00f1os, dirigida magistralmente por la violinista alemana C\u00f3rdula Wicks, y su equipo de profesionales de apoyo en cuerdas frotadas y vientos, mostr\u00f3 que los ni\u00f1os est\u00e1n preparados para un repertorio complejo con un sonido de excelente calidad y con pasajes llenos de virtuosismo por parte de los ni\u00f1os y j\u00f3venes que la componen. Hubo emoci\u00f3n con la despedida de varios j\u00f3venes que van a la universidad, pero existe la confianza de un \u201csemillero\u201d que tambi\u00e9n mostr\u00f3 de que es capaz del renuevo.<\/p>\n\n\n\n<div class=\"wp-block-stackable-carousel alignwide stk-block-carousel stk--is-slide stk--infinite-scroll stk--arrows-justify-space-between stk--arrows-align-center stk-block stk-36edf9c\" data-slides-to-show=\"\" data-block-id=\"36edf9c\"><style>.stk-36edf9c .stk-block-carousel__buttons{justify-content:space-between !important;}.stk-36edf9c {align-items:center !important;display:flex !important;}<\/style><div class=\"stk-block-carousel__content-wrapper\"><div class=\"stk-row stk-inner-blocks has-text-align-center stk-block-content stk-block-carousel__slider-wrapper stk-content-align stk-36edf9c-column alignwide\"><div class=\"stk-block-carousel__slider\" role=\"list\" data-autoplay=\"4000\" data-label-slide-of=\"Slide %%d of %%d\" tabindex=\"0\">\n<div class=\"wp-block-stackable-column stk-block-column stk-column stk-block stk-5855a13\" data-v=\"4\" data-block-id=\"5855a13\"><style>.stk-5855a13 {align-self:center !important;}<\/style><div class=\"stk-column-wrapper stk-block-column__content stk-container stk-5855a13-container stk--no-background stk--no-padding\"><div class=\"stk-block-content stk-inner-blocks stk-5855a13-inner-blocks\"><div class=\"wp-block-image\">\n<figure class=\"aligncenter size-full\"><img loading=\"lazy\" decoding=\"async\" width=\"2560\" height=\"1440\" src=\"https:\/\/liquencentroculturalvillarrica.cl\/wp-content\/uploads\/2026\/01\/1766501274846-scaled.jpg\" alt=\"\" class=\"wp-image-4169\" srcset=\"https:\/\/liquencentroculturalvillarrica.cl\/wp-content\/uploads\/2026\/01\/1766501274846-scaled.jpg 2560w, https:\/\/liquencentroculturalvillarrica.cl\/wp-content\/uploads\/2026\/01\/1766501274846-300x169.jpg 300w, https:\/\/liquencentroculturalvillarrica.cl\/wp-content\/uploads\/2026\/01\/1766501274846-1024x576.jpg 1024w, https:\/\/liquencentroculturalvillarrica.cl\/wp-content\/uploads\/2026\/01\/1766501274846-768x432.jpg 768w, https:\/\/liquencentroculturalvillarrica.cl\/wp-content\/uploads\/2026\/01\/1766501274846-1536x864.jpg 1536w, https:\/\/liquencentroculturalvillarrica.cl\/wp-content\/uploads\/2026\/01\/1766501274846-2048x1152.jpg 2048w\" sizes=\"auto, (max-width: 2560px) 100vw, 2560px\" \/><figcaption class=\"wp-element-caption\"><em>Registros de la gala de la Orquesta Infanto Juvenil<\/em><\/figcaption><\/figure>\n<\/div><\/div><\/div><\/div>\n\n\n\n<div class=\"wp-block-stackable-column stk-block-column stk-column stk-block stk-d3258aa\" data-v=\"4\" data-block-id=\"d3258aa\"><style>.stk-d3258aa {align-self:center !important;}<\/style><div class=\"stk-column-wrapper stk-block-column__content stk-container stk-d3258aa-container stk--no-background stk--no-padding\"><div class=\"stk-block-content stk-inner-blocks stk-d3258aa-inner-blocks\">\n<figure class=\"wp-block-image size-full\"><img loading=\"lazy\" decoding=\"async\" width=\"2560\" height=\"1440\" src=\"https:\/\/liquencentroculturalvillarrica.cl\/wp-content\/uploads\/2026\/01\/1766501274819-scaled.jpg\" alt=\"\" class=\"wp-image-4167\" srcset=\"https:\/\/liquencentroculturalvillarrica.cl\/wp-content\/uploads\/2026\/01\/1766501274819-scaled.jpg 2560w, https:\/\/liquencentroculturalvillarrica.cl\/wp-content\/uploads\/2026\/01\/1766501274819-300x169.jpg 300w, https:\/\/liquencentroculturalvillarrica.cl\/wp-content\/uploads\/2026\/01\/1766501274819-1024x576.jpg 1024w, https:\/\/liquencentroculturalvillarrica.cl\/wp-content\/uploads\/2026\/01\/1766501274819-768x432.jpg 768w, https:\/\/liquencentroculturalvillarrica.cl\/wp-content\/uploads\/2026\/01\/1766501274819-1536x864.jpg 1536w, https:\/\/liquencentroculturalvillarrica.cl\/wp-content\/uploads\/2026\/01\/1766501274819-2048x1152.jpg 2048w\" sizes=\"auto, (max-width: 2560px) 100vw, 2560px\" \/><\/figure>\n<\/div><\/div><\/div>\n\n\n\n<div class=\"wp-block-stackable-column stk-block-column stk-column stk-block stk-aa95c57\" data-v=\"4\" data-block-id=\"aa95c57\"><style>.stk-aa95c57 {align-self:center !important;}<\/style><div class=\"stk-column-wrapper stk-block-column__content stk-container stk-aa95c57-container stk--no-background stk--no-padding\"><div class=\"stk-block-content stk-inner-blocks stk-aa95c57-inner-blocks\">\n<figure class=\"wp-block-image size-full\"><img loading=\"lazy\" decoding=\"async\" width=\"2560\" height=\"1440\" src=\"https:\/\/liquencentroculturalvillarrica.cl\/wp-content\/uploads\/2026\/01\/1766501274832-scaled.jpg\" alt=\"\" class=\"wp-image-4168\" srcset=\"https:\/\/liquencentroculturalvillarrica.cl\/wp-content\/uploads\/2026\/01\/1766501274832-scaled.jpg 2560w, https:\/\/liquencentroculturalvillarrica.cl\/wp-content\/uploads\/2026\/01\/1766501274832-300x169.jpg 300w, https:\/\/liquencentroculturalvillarrica.cl\/wp-content\/uploads\/2026\/01\/1766501274832-1024x576.jpg 1024w, https:\/\/liquencentroculturalvillarrica.cl\/wp-content\/uploads\/2026\/01\/1766501274832-768x432.jpg 768w, https:\/\/liquencentroculturalvillarrica.cl\/wp-content\/uploads\/2026\/01\/1766501274832-1536x864.jpg 1536w, https:\/\/liquencentroculturalvillarrica.cl\/wp-content\/uploads\/2026\/01\/1766501274832-2048x1152.jpg 2048w\" sizes=\"auto, (max-width: 2560px) 100vw, 2560px\" \/><\/figure>\n<\/div><\/div><\/div>\n\n\n\n<div class=\"wp-block-stackable-column stk-block-column stk-column stk-block stk-8bbd257\" data-v=\"4\" data-block-id=\"8bbd257\"><style>.stk-8bbd257 {align-self:center !important;}<\/style><div class=\"stk-column-wrapper stk-block-column__content stk-container stk-8bbd257-container stk--no-background stk--no-padding\"><div class=\"stk-block-content stk-inner-blocks stk-8bbd257-inner-blocks\">\n<figure class=\"wp-block-image size-full\"><img loading=\"lazy\" decoding=\"async\" width=\"2560\" height=\"1920\" src=\"https:\/\/liquencentroculturalvillarrica.cl\/wp-content\/uploads\/2026\/01\/1766501274806-scaled.jpg\" alt=\"\" class=\"wp-image-4166\" srcset=\"https:\/\/liquencentroculturalvillarrica.cl\/wp-content\/uploads\/2026\/01\/1766501274806-scaled.jpg 2560w, https:\/\/liquencentroculturalvillarrica.cl\/wp-content\/uploads\/2026\/01\/1766501274806-300x225.jpg 300w, https:\/\/liquencentroculturalvillarrica.cl\/wp-content\/uploads\/2026\/01\/1766501274806-1024x768.jpg 1024w, https:\/\/liquencentroculturalvillarrica.cl\/wp-content\/uploads\/2026\/01\/1766501274806-768x576.jpg 768w, https:\/\/liquencentroculturalvillarrica.cl\/wp-content\/uploads\/2026\/01\/1766501274806-1536x1152.jpg 1536w, https:\/\/liquencentroculturalvillarrica.cl\/wp-content\/uploads\/2026\/01\/1766501274806-2048x1536.jpg 2048w\" sizes=\"auto, (max-width: 2560px) 100vw, 2560px\" \/><\/figure>\n<\/div><\/div><\/div>\n\n\n\n<div class=\"wp-block-stackable-column stk-block-column stk-column stk-block stk-6c53338\" data-v=\"4\" data-block-id=\"6c53338\"><style>.stk-6c53338 {align-self:center !important;}<\/style><div class=\"stk-column-wrapper stk-block-column__content stk-container stk-6c53338-container stk--no-background stk--no-padding\"><div class=\"stk-block-content stk-inner-blocks stk-6c53338-inner-blocks\">\n<figure class=\"wp-block-image size-full\"><img loading=\"lazy\" decoding=\"async\" width=\"2560\" height=\"1440\" src=\"https:\/\/liquencentroculturalvillarrica.cl\/wp-content\/uploads\/2026\/01\/1766501274881-scaled.jpg\" alt=\"\" class=\"wp-image-4172\" srcset=\"https:\/\/liquencentroculturalvillarrica.cl\/wp-content\/uploads\/2026\/01\/1766501274881-scaled.jpg 2560w, https:\/\/liquencentroculturalvillarrica.cl\/wp-content\/uploads\/2026\/01\/1766501274881-300x169.jpg 300w, https:\/\/liquencentroculturalvillarrica.cl\/wp-content\/uploads\/2026\/01\/1766501274881-1024x576.jpg 1024w, https:\/\/liquencentroculturalvillarrica.cl\/wp-content\/uploads\/2026\/01\/1766501274881-768x432.jpg 768w, https:\/\/liquencentroculturalvillarrica.cl\/wp-content\/uploads\/2026\/01\/1766501274881-1536x864.jpg 1536w, https:\/\/liquencentroculturalvillarrica.cl\/wp-content\/uploads\/2026\/01\/1766501274881-2048x1152.jpg 2048w\" sizes=\"auto, (max-width: 2560px) 100vw, 2560px\" \/><\/figure>\n<\/div><\/div><\/div>\n\n\n\n<div class=\"wp-block-stackable-column stk-block-column stk-column stk-block stk-14d26e7\" data-v=\"4\" data-block-id=\"14d26e7\"><style>.stk-14d26e7 {align-self:center !important;}<\/style><div class=\"stk-column-wrapper stk-block-column__content stk-container stk-14d26e7-container stk--no-background stk--no-padding\"><div class=\"stk-block-content stk-inner-blocks stk-14d26e7-inner-blocks\">\n<figure class=\"wp-block-image size-full\"><img loading=\"lazy\" decoding=\"async\" width=\"2560\" height=\"1440\" src=\"https:\/\/liquencentroculturalvillarrica.cl\/wp-content\/uploads\/2026\/01\/1766501274748-scaled.jpg\" alt=\"\" class=\"wp-image-4157\" srcset=\"https:\/\/liquencentroculturalvillarrica.cl\/wp-content\/uploads\/2026\/01\/1766501274748-scaled.jpg 2560w, https:\/\/liquencentroculturalvillarrica.cl\/wp-content\/uploads\/2026\/01\/1766501274748-300x169.jpg 300w, https:\/\/liquencentroculturalvillarrica.cl\/wp-content\/uploads\/2026\/01\/1766501274748-1024x576.jpg 1024w, https:\/\/liquencentroculturalvillarrica.cl\/wp-content\/uploads\/2026\/01\/1766501274748-768x432.jpg 768w, https:\/\/liquencentroculturalvillarrica.cl\/wp-content\/uploads\/2026\/01\/1766501274748-1536x864.jpg 1536w, https:\/\/liquencentroculturalvillarrica.cl\/wp-content\/uploads\/2026\/01\/1766501274748-2048x1152.jpg 2048w\" sizes=\"auto, (max-width: 2560px) 100vw, 2560px\" \/><\/figure>\n<\/div><\/div><\/div>\n\n\n\n<div class=\"wp-block-stackable-column stk-block-column stk-column stk-block stk-2cb165e\" data-v=\"4\" data-block-id=\"2cb165e\"><style>.stk-2cb165e {align-self:center !important;}<\/style><div class=\"stk-column-wrapper stk-block-column__content stk-container stk-2cb165e-container stk--no-background stk--no-padding\"><div class=\"stk-block-content stk-inner-blocks stk-2cb165e-inner-blocks\">\n<figure class=\"wp-block-image size-full\"><img loading=\"lazy\" decoding=\"async\" width=\"2560\" height=\"1440\" src=\"https:\/\/liquencentroculturalvillarrica.cl\/wp-content\/uploads\/2026\/01\/1766501274777-scaled.jpg\" alt=\"\" class=\"wp-image-4165\" srcset=\"https:\/\/liquencentroculturalvillarrica.cl\/wp-content\/uploads\/2026\/01\/1766501274777-scaled.jpg 2560w, https:\/\/liquencentroculturalvillarrica.cl\/wp-content\/uploads\/2026\/01\/1766501274777-300x169.jpg 300w, https:\/\/liquencentroculturalvillarrica.cl\/wp-content\/uploads\/2026\/01\/1766501274777-1024x576.jpg 1024w, https:\/\/liquencentroculturalvillarrica.cl\/wp-content\/uploads\/2026\/01\/1766501274777-768x432.jpg 768w, https:\/\/liquencentroculturalvillarrica.cl\/wp-content\/uploads\/2026\/01\/1766501274777-1536x864.jpg 1536w, https:\/\/liquencentroculturalvillarrica.cl\/wp-content\/uploads\/2026\/01\/1766501274777-2048x1152.jpg 2048w\" sizes=\"auto, (max-width: 2560px) 100vw, 2560px\" \/><\/figure>\n<\/div><\/div><\/div>\n\n\n\n<div class=\"wp-block-stackable-column stk-block-column stk-column stk-block stk-61326d6\" data-v=\"4\" data-block-id=\"61326d6\"><style>.stk-61326d6 {align-self:center !important;}<\/style><div class=\"stk-column-wrapper stk-block-column__content stk-container stk-61326d6-container stk--no-background stk--no-padding\"><div class=\"stk-block-content stk-inner-blocks stk-61326d6-inner-blocks\">\n<figure class=\"wp-block-image size-full is-resized\"><img loading=\"lazy\" decoding=\"async\" width=\"1440\" height=\"2560\" src=\"https:\/\/liquencentroculturalvillarrica.cl\/wp-content\/uploads\/2026\/01\/1766501955710-scaled.jpg\" alt=\"\" class=\"wp-image-4208\" style=\"width:auto;height:500px\" srcset=\"https:\/\/liquencentroculturalvillarrica.cl\/wp-content\/uploads\/2026\/01\/1766501955710-scaled.jpg 1440w, https:\/\/liquencentroculturalvillarrica.cl\/wp-content\/uploads\/2026\/01\/1766501955710-169x300.jpg 169w, https:\/\/liquencentroculturalvillarrica.cl\/wp-content\/uploads\/2026\/01\/1766501955710-576x1024.jpg 576w, https:\/\/liquencentroculturalvillarrica.cl\/wp-content\/uploads\/2026\/01\/1766501955710-768x1365.jpg 768w, https:\/\/liquencentroculturalvillarrica.cl\/wp-content\/uploads\/2026\/01\/1766501955710-864x1536.jpg 864w, https:\/\/liquencentroculturalvillarrica.cl\/wp-content\/uploads\/2026\/01\/1766501955710-1152x2048.jpg 1152w\" sizes=\"auto, (max-width: 1440px) 100vw, 1440px\" \/><\/figure>\n<\/div><\/div><\/div>\n\n\n\n<div class=\"wp-block-stackable-column stk-block-column stk-column stk-block stk-b634b31\" data-v=\"4\" data-block-id=\"b634b31\"><style>.stk-b634b31 {align-self:center !important;}<\/style><div class=\"stk-column-wrapper stk-block-column__content stk-container stk-b634b31-container stk--no-background stk--no-padding\"><div class=\"stk-block-content stk-inner-blocks stk-b634b31-inner-blocks\">\n<figure class=\"wp-block-image size-full is-resized\"><img loading=\"lazy\" decoding=\"async\" width=\"1440\" height=\"2560\" src=\"https:\/\/liquencentroculturalvillarrica.cl\/wp-content\/uploads\/2026\/01\/1766501955719-scaled.jpg\" alt=\"\" class=\"wp-image-4209\" style=\"width:auto;height:498px\" srcset=\"https:\/\/liquencentroculturalvillarrica.cl\/wp-content\/uploads\/2026\/01\/1766501955719-scaled.jpg 1440w, https:\/\/liquencentroculturalvillarrica.cl\/wp-content\/uploads\/2026\/01\/1766501955719-169x300.jpg 169w, https:\/\/liquencentroculturalvillarrica.cl\/wp-content\/uploads\/2026\/01\/1766501955719-576x1024.jpg 576w, https:\/\/liquencentroculturalvillarrica.cl\/wp-content\/uploads\/2026\/01\/1766501955719-768x1365.jpg 768w, https:\/\/liquencentroculturalvillarrica.cl\/wp-content\/uploads\/2026\/01\/1766501955719-864x1536.jpg 864w, https:\/\/liquencentroculturalvillarrica.cl\/wp-content\/uploads\/2026\/01\/1766501955719-1152x2048.jpg 1152w\" sizes=\"auto, (max-width: 1440px) 100vw, 1440px\" \/><\/figure>\n<\/div><\/div><\/div>\n<\/div><div class=\"stk-block-carousel__buttons\"><button class=\"stk-block-carousel__button stk-block-carousel__button__prev\" aria-label=\"Previous slide\"><svg aria-hidden=\"true\" focusable=\"false\" data-prefix=\"fas\" data-icon=\"chevron-left\" class=\"svg-inline--fa fa-chevron-left\" xmlns=\"http:\/\/www.w3.org\/2000\/svg\" viewBox=\"0 0 320 512\" width=\"32\" height=\"32\"><path d=\"M34.52 239.03L228.87 44.69c9.37-9.37 24.57-9.37 33.94 0l22.67 22.67c9.36 9.36 9.37 24.52.04 33.9L131.49 256l154.02 154.75c9.34 9.38 9.32 24.54-.04 33.9l-22.67 22.67c-9.37 9.37-24.57 9.37-33.94 0L34.52 272.97c-9.37-9.37-9.37-24.57 0-33.94z\"><\/path><\/svg><\/button><button class=\"stk-block-carousel__button stk-block-carousel__button__next\" aria-label=\"Next slide\"><svg aria-hidden=\"true\" focusable=\"false\" data-prefix=\"fas\" data-icon=\"chevron-right\" class=\"svg-inline--fa fa-chevron-right\" xmlns=\"http:\/\/www.w3.org\/2000\/svg\" viewBox=\"0 0 320 512\" width=\"32\" height=\"32\"><path d=\"M285.476 272.971L91.132 467.314c-9.373 9.373-24.569 9.373-33.941 0l-22.667-22.667c-9.357-9.357-9.375-24.522-.04-33.901L188.505 256 34.484 101.255c-9.335-9.379-9.317-24.544.04-33.901l22.667-22.667c9.373-9.373 24.569-9.373 33.941 0L285.475 239.03c9.373 9.372 9.373 24.568.001 33.941z\"><\/path><\/svg><\/button><\/div><\/div><div class=\"stk-block-carousel__dots\" role=\"list\" data-label=\"Slide %%d\"><\/div><\/div><\/div>\n\n\n\n<p><strong>Coro L\u00edrico Liquen<\/strong><\/p>\n\n\n\n<p>&nbsp;&nbsp;&nbsp;&nbsp;&nbsp;&nbsp;&nbsp;&nbsp;&nbsp;&nbsp;&nbsp; Finalmente, el s\u00e1bado a pesar de la lluvia imperante, un buen marco de p\u00fablico aplaudi\u00f3 una presentaci\u00f3n s\u00f3lida y de elevado nivel profesional de las 22 voces que componen esta agrupaci\u00f3n que este a\u00f1o decidi\u00f3 compartir su repertorio L\u00edrico haciendo extensi\u00f3n, en hogares de ancianos, el programa de gente en condici\u00f3n de calle, en el frontis municipal y otros lugares fuera del teatro, abriendo sus horizontes a nuevos o\u00eddos y a llevar a la comunidad este especial estilo musical. Los aplausos fueron la noche del s\u00e1bado tanto para el coro como para su pianista el maestro Richard Navarrete que ha acompa\u00f1ado al grupo desde sus inicios.<\/p>\n\n\n\n<div class=\"wp-block-stackable-carousel alignwide stk-block-carousel stk--is-slide stk--infinite-scroll stk--arrows-justify-space-between stk--arrows-align-center stk-block stk-d5c4d48\" data-slides-to-show=\"\" data-block-id=\"d5c4d48\"><style>.stk-d5c4d48 {align-items:center !important;display:flex !important;}<\/style><div class=\"stk-block-carousel__content-wrapper\"><div class=\"stk-row stk-inner-blocks has-text-align-center stk-block-content stk-block-carousel__slider-wrapper stk-content-align stk-d5c4d48-column alignwide\"><div class=\"stk-block-carousel__slider\" role=\"list\" data-autoplay=\"4000\" data-label-slide-of=\"Slide %%d of %%d\" tabindex=\"0\">\n<div class=\"wp-block-stackable-column stk-block-column stk-column stk-block stk-7ddef75\" data-v=\"4\" data-block-id=\"7ddef75\"><style>.stk-7ddef75 {align-self:center !important;}<\/style><div class=\"stk-column-wrapper stk-block-column__content stk-container stk-7ddef75-container stk--no-background stk--no-padding\"><div class=\"stk-block-content stk-inner-blocks stk-7ddef75-inner-blocks\"><div class=\"wp-block-image\">\n<figure class=\"aligncenter size-full\"><img loading=\"lazy\" decoding=\"async\" width=\"2560\" height=\"1440\" src=\"https:\/\/liquencentroculturalvillarrica.cl\/wp-content\/uploads\/2026\/01\/1766501454948-scaled.jpg\" alt=\"\" class=\"wp-image-4179\" srcset=\"https:\/\/liquencentroculturalvillarrica.cl\/wp-content\/uploads\/2026\/01\/1766501454948-scaled.jpg 2560w, https:\/\/liquencentroculturalvillarrica.cl\/wp-content\/uploads\/2026\/01\/1766501454948-300x169.jpg 300w, https:\/\/liquencentroculturalvillarrica.cl\/wp-content\/uploads\/2026\/01\/1766501454948-1024x576.jpg 1024w, https:\/\/liquencentroculturalvillarrica.cl\/wp-content\/uploads\/2026\/01\/1766501454948-768x432.jpg 768w, https:\/\/liquencentroculturalvillarrica.cl\/wp-content\/uploads\/2026\/01\/1766501454948-1536x864.jpg 1536w, https:\/\/liquencentroculturalvillarrica.cl\/wp-content\/uploads\/2026\/01\/1766501454948-2048x1152.jpg 2048w\" sizes=\"auto, (max-width: 2560px) 100vw, 2560px\" \/><figcaption class=\"wp-element-caption\"><em>Registros de la gala del elenco de Coro L\u00edrico<\/em><\/figcaption><\/figure>\n<\/div><\/div><\/div><\/div>\n\n\n\n<div class=\"wp-block-stackable-column stk-block-column stk-column stk-block stk-8b6cbe4\" data-v=\"4\" data-block-id=\"8b6cbe4\"><style>.stk-8b6cbe4 {align-self:center !important;}<\/style><div class=\"stk-column-wrapper stk-block-column__content stk-container stk-8b6cbe4-container stk--no-background stk--no-padding\"><div class=\"stk-block-content stk-inner-blocks stk-8b6cbe4-inner-blocks\">\n<figure class=\"wp-block-image size-large\"><img loading=\"lazy\" decoding=\"async\" width=\"1024\" height=\"576\" src=\"https:\/\/liquencentroculturalvillarrica.cl\/wp-content\/uploads\/2026\/01\/1766501454913-1024x576.jpg\" alt=\"\" class=\"wp-image-4175\" srcset=\"https:\/\/liquencentroculturalvillarrica.cl\/wp-content\/uploads\/2026\/01\/1766501454913-1024x576.jpg 1024w, https:\/\/liquencentroculturalvillarrica.cl\/wp-content\/uploads\/2026\/01\/1766501454913-300x169.jpg 300w, https:\/\/liquencentroculturalvillarrica.cl\/wp-content\/uploads\/2026\/01\/1766501454913-768x432.jpg 768w, https:\/\/liquencentroculturalvillarrica.cl\/wp-content\/uploads\/2026\/01\/1766501454913-1536x864.jpg 1536w, https:\/\/liquencentroculturalvillarrica.cl\/wp-content\/uploads\/2026\/01\/1766501454913-2048x1152.jpg 2048w\" sizes=\"auto, (max-width: 1024px) 100vw, 1024px\" \/><\/figure>\n<\/div><\/div><\/div>\n\n\n\n<div class=\"wp-block-stackable-column stk-block-column stk-column stk-block stk-53809df\" data-v=\"4\" data-block-id=\"53809df\"><div class=\"stk-column-wrapper stk-block-column__content stk-container stk-53809df-container stk--no-background stk--no-padding\"><div class=\"stk-block-content stk-inner-blocks stk-53809df-inner-blocks\">\n<figure class=\"wp-block-image size-large\"><img loading=\"lazy\" decoding=\"async\" width=\"1024\" height=\"576\" src=\"https:\/\/liquencentroculturalvillarrica.cl\/wp-content\/uploads\/2026\/01\/1766501454971-1024x576.jpg\" alt=\"\" class=\"wp-image-4181\" srcset=\"https:\/\/liquencentroculturalvillarrica.cl\/wp-content\/uploads\/2026\/01\/1766501454971-1024x576.jpg 1024w, https:\/\/liquencentroculturalvillarrica.cl\/wp-content\/uploads\/2026\/01\/1766501454971-300x169.jpg 300w, https:\/\/liquencentroculturalvillarrica.cl\/wp-content\/uploads\/2026\/01\/1766501454971-768x432.jpg 768w, https:\/\/liquencentroculturalvillarrica.cl\/wp-content\/uploads\/2026\/01\/1766501454971-1536x864.jpg 1536w, https:\/\/liquencentroculturalvillarrica.cl\/wp-content\/uploads\/2026\/01\/1766501454971-2048x1152.jpg 2048w\" sizes=\"auto, (max-width: 1024px) 100vw, 1024px\" \/><\/figure>\n<\/div><\/div><\/div>\n\n\n\n<div class=\"wp-block-stackable-column stk-block-column stk-column stk-block stk-106c2d7\" data-v=\"4\" data-block-id=\"106c2d7\"><style>.stk-106c2d7 {align-self:center !important;}<\/style><div class=\"stk-column-wrapper stk-block-column__content stk-container stk-106c2d7-container stk--no-background stk--no-padding\"><div class=\"stk-block-content stk-inner-blocks stk-106c2d7-inner-blocks\">\n<figure class=\"wp-block-image size-large\"><img loading=\"lazy\" decoding=\"async\" width=\"1024\" height=\"576\" src=\"https:\/\/liquencentroculturalvillarrica.cl\/wp-content\/uploads\/2026\/01\/1766501454930-1024x576.jpg\" alt=\"\" class=\"wp-image-4177\" srcset=\"https:\/\/liquencentroculturalvillarrica.cl\/wp-content\/uploads\/2026\/01\/1766501454930-1024x576.jpg 1024w, https:\/\/liquencentroculturalvillarrica.cl\/wp-content\/uploads\/2026\/01\/1766501454930-300x169.jpg 300w, https:\/\/liquencentroculturalvillarrica.cl\/wp-content\/uploads\/2026\/01\/1766501454930-768x432.jpg 768w, https:\/\/liquencentroculturalvillarrica.cl\/wp-content\/uploads\/2026\/01\/1766501454930-1536x864.jpg 1536w, https:\/\/liquencentroculturalvillarrica.cl\/wp-content\/uploads\/2026\/01\/1766501454930-2048x1152.jpg 2048w\" sizes=\"auto, (max-width: 1024px) 100vw, 1024px\" \/><\/figure>\n<\/div><\/div><\/div>\n\n\n\n<div class=\"wp-block-stackable-column stk-block-column stk-column stk-block stk-c7a8c78\" data-v=\"4\" data-block-id=\"c7a8c78\"><style>.stk-c7a8c78 {align-self:center !important;}<\/style><div class=\"stk-column-wrapper stk-block-column__content stk-container stk-c7a8c78-container stk--no-background stk--no-padding\"><div class=\"stk-block-content stk-inner-blocks stk-c7a8c78-inner-blocks\">\n<figure class=\"wp-block-image size-large is-resized\"><img loading=\"lazy\" decoding=\"async\" width=\"576\" height=\"1024\" src=\"https:\/\/liquencentroculturalvillarrica.cl\/wp-content\/uploads\/2026\/01\/1766501955633-576x1024.jpg\" alt=\"\" class=\"wp-image-4199\" style=\"width:auto;height:500px\" srcset=\"https:\/\/liquencentroculturalvillarrica.cl\/wp-content\/uploads\/2026\/01\/1766501955633-576x1024.jpg 576w, https:\/\/liquencentroculturalvillarrica.cl\/wp-content\/uploads\/2026\/01\/1766501955633-169x300.jpg 169w, https:\/\/liquencentroculturalvillarrica.cl\/wp-content\/uploads\/2026\/01\/1766501955633-768x1365.jpg 768w, https:\/\/liquencentroculturalvillarrica.cl\/wp-content\/uploads\/2026\/01\/1766501955633-864x1536.jpg 864w, https:\/\/liquencentroculturalvillarrica.cl\/wp-content\/uploads\/2026\/01\/1766501955633-1152x2048.jpg 1152w, https:\/\/liquencentroculturalvillarrica.cl\/wp-content\/uploads\/2026\/01\/1766501955633-scaled.jpg 1440w\" sizes=\"auto, (max-width: 576px) 100vw, 576px\" \/><\/figure>\n<\/div><\/div><\/div>\n\n\n\n<div class=\"wp-block-stackable-column stk-block-column stk-column stk-block stk-7781d2e\" data-v=\"4\" data-block-id=\"7781d2e\"><div class=\"stk-column-wrapper stk-block-column__content stk-container stk-7781d2e-container stk--no-background stk--no-padding\"><div class=\"stk-block-content stk-inner-blocks stk-7781d2e-inner-blocks\">\n<figure class=\"wp-block-image size-large is-resized\"><img loading=\"lazy\" decoding=\"async\" width=\"576\" height=\"1024\" src=\"https:\/\/liquencentroculturalvillarrica.cl\/wp-content\/uploads\/2026\/01\/1766501955594-576x1024.jpg\" alt=\"\" class=\"wp-image-4196\" style=\"width:auto;height:500px\" srcset=\"https:\/\/liquencentroculturalvillarrica.cl\/wp-content\/uploads\/2026\/01\/1766501955594-576x1024.jpg 576w, https:\/\/liquencentroculturalvillarrica.cl\/wp-content\/uploads\/2026\/01\/1766501955594-169x300.jpg 169w, https:\/\/liquencentroculturalvillarrica.cl\/wp-content\/uploads\/2026\/01\/1766501955594-768x1365.jpg 768w, https:\/\/liquencentroculturalvillarrica.cl\/wp-content\/uploads\/2026\/01\/1766501955594-864x1536.jpg 864w, https:\/\/liquencentroculturalvillarrica.cl\/wp-content\/uploads\/2026\/01\/1766501955594-1152x2048.jpg 1152w, https:\/\/liquencentroculturalvillarrica.cl\/wp-content\/uploads\/2026\/01\/1766501955594-scaled.jpg 1440w\" sizes=\"auto, (max-width: 576px) 100vw, 576px\" \/><\/figure>\n<\/div><\/div><\/div>\n\n\n\n<div class=\"wp-block-stackable-column stk-block-column stk-column stk-block stk-9513861\" data-v=\"4\" data-block-id=\"9513861\"><style>.stk-9513861 {align-self:center !important;}<\/style><div class=\"stk-column-wrapper stk-block-column__content stk-container stk-9513861-container stk--no-background stk--no-padding\"><div class=\"stk-block-content stk-inner-blocks stk-9513861-inner-blocks\">\n<figure class=\"wp-block-image size-large is-resized\"><img loading=\"lazy\" decoding=\"async\" width=\"576\" height=\"1024\" src=\"https:\/\/liquencentroculturalvillarrica.cl\/wp-content\/uploads\/2026\/01\/1766501955572-576x1024.jpg\" alt=\"\" class=\"wp-image-4194\" style=\"width:auto;height:500px\" srcset=\"https:\/\/liquencentroculturalvillarrica.cl\/wp-content\/uploads\/2026\/01\/1766501955572-576x1024.jpg 576w, https:\/\/liquencentroculturalvillarrica.cl\/wp-content\/uploads\/2026\/01\/1766501955572-169x300.jpg 169w, https:\/\/liquencentroculturalvillarrica.cl\/wp-content\/uploads\/2026\/01\/1766501955572-768x1365.jpg 768w, https:\/\/liquencentroculturalvillarrica.cl\/wp-content\/uploads\/2026\/01\/1766501955572-864x1536.jpg 864w, https:\/\/liquencentroculturalvillarrica.cl\/wp-content\/uploads\/2026\/01\/1766501955572-1152x2048.jpg 1152w, https:\/\/liquencentroculturalvillarrica.cl\/wp-content\/uploads\/2026\/01\/1766501955572-scaled.jpg 1440w\" sizes=\"auto, (max-width: 576px) 100vw, 576px\" \/><\/figure>\n<\/div><\/div><\/div>\n\n\n\n<div class=\"wp-block-stackable-column stk-block-column stk-column stk-block stk-8a9991d\" data-v=\"4\" data-block-id=\"8a9991d\"><style>.stk-8a9991d {align-self:center !important;}<\/style><div class=\"stk-column-wrapper stk-block-column__content stk-container stk-8a9991d-container stk--no-background stk--no-padding\"><div class=\"stk-block-content stk-inner-blocks stk-8a9991d-inner-blocks\">\n<figure class=\"wp-block-image size-large is-resized\"><img loading=\"lazy\" decoding=\"async\" width=\"576\" height=\"1024\" src=\"https:\/\/liquencentroculturalvillarrica.cl\/wp-content\/uploads\/2026\/01\/1766501955561-576x1024.jpg\" alt=\"\" class=\"wp-image-4189\" style=\"width:auto;height:500px\" srcset=\"https:\/\/liquencentroculturalvillarrica.cl\/wp-content\/uploads\/2026\/01\/1766501955561-576x1024.jpg 576w, https:\/\/liquencentroculturalvillarrica.cl\/wp-content\/uploads\/2026\/01\/1766501955561-169x300.jpg 169w, https:\/\/liquencentroculturalvillarrica.cl\/wp-content\/uploads\/2026\/01\/1766501955561-768x1365.jpg 768w, https:\/\/liquencentroculturalvillarrica.cl\/wp-content\/uploads\/2026\/01\/1766501955561-864x1536.jpg 864w, https:\/\/liquencentroculturalvillarrica.cl\/wp-content\/uploads\/2026\/01\/1766501955561-1152x2048.jpg 1152w, https:\/\/liquencentroculturalvillarrica.cl\/wp-content\/uploads\/2026\/01\/1766501955561-scaled.jpg 1440w\" sizes=\"auto, (max-width: 576px) 100vw, 576px\" \/><\/figure>\n<\/div><\/div><\/div>\n\n\n\n<div class=\"wp-block-stackable-column stk-block-column stk-column stk-block stk-2be003f\" data-v=\"4\" data-block-id=\"2be003f\"><style>.stk-2be003f {align-self:center !important;}<\/style><div class=\"stk-column-wrapper stk-block-column__content stk-container stk-2be003f-container stk--no-background stk--no-padding\"><div class=\"stk-block-content stk-inner-blocks stk-2be003f-inner-blocks\">\n<figure class=\"wp-block-image size-large is-resized\"><img loading=\"lazy\" decoding=\"async\" width=\"576\" height=\"1024\" src=\"https:\/\/liquencentroculturalvillarrica.cl\/wp-content\/uploads\/2026\/01\/1766501955500-576x1024.jpg\" alt=\"\" class=\"wp-image-4186\" style=\"width:auto;height:500px\" srcset=\"https:\/\/liquencentroculturalvillarrica.cl\/wp-content\/uploads\/2026\/01\/1766501955500-576x1024.jpg 576w, https:\/\/liquencentroculturalvillarrica.cl\/wp-content\/uploads\/2026\/01\/1766501955500-169x300.jpg 169w, https:\/\/liquencentroculturalvillarrica.cl\/wp-content\/uploads\/2026\/01\/1766501955500-768x1365.jpg 768w, https:\/\/liquencentroculturalvillarrica.cl\/wp-content\/uploads\/2026\/01\/1766501955500-864x1536.jpg 864w, https:\/\/liquencentroculturalvillarrica.cl\/wp-content\/uploads\/2026\/01\/1766501955500-1152x2048.jpg 1152w, https:\/\/liquencentroculturalvillarrica.cl\/wp-content\/uploads\/2026\/01\/1766501955500-scaled.jpg 1440w\" sizes=\"auto, (max-width: 576px) 100vw, 576px\" \/><\/figure>\n<\/div><\/div><\/div>\n<\/div><div class=\"stk-block-carousel__buttons\"><button class=\"stk-block-carousel__button stk-block-carousel__button__prev\" aria-label=\"Previous slide\"><svg aria-hidden=\"true\" focusable=\"false\" data-prefix=\"fas\" data-icon=\"chevron-left\" class=\"svg-inline--fa fa-chevron-left\" xmlns=\"http:\/\/www.w3.org\/2000\/svg\" viewBox=\"0 0 320 512\" width=\"32\" height=\"32\"><path d=\"M34.52 239.03L228.87 44.69c9.37-9.37 24.57-9.37 33.94 0l22.67 22.67c9.36 9.36 9.37 24.52.04 33.9L131.49 256l154.02 154.75c9.34 9.38 9.32 24.54-.04 33.9l-22.67 22.67c-9.37 9.37-24.57 9.37-33.94 0L34.52 272.97c-9.37-9.37-9.37-24.57 0-33.94z\"><\/path><\/svg><\/button><button class=\"stk-block-carousel__button stk-block-carousel__button__next\" aria-label=\"Next slide\"><svg aria-hidden=\"true\" focusable=\"false\" data-prefix=\"fas\" data-icon=\"chevron-right\" class=\"svg-inline--fa fa-chevron-right\" xmlns=\"http:\/\/www.w3.org\/2000\/svg\" viewBox=\"0 0 320 512\" width=\"32\" height=\"32\"><path d=\"M285.476 272.971L91.132 467.314c-9.373 9.373-24.569 9.373-33.941 0l-22.667-22.667c-9.357-9.357-9.375-24.522-.04-33.901L188.505 256 34.484 101.255c-9.335-9.379-9.317-24.544.04-33.901l22.667-22.667c9.373-9.373 24.569-9.373 33.941 0L285.475 239.03c9.373 9.372 9.373 24.568.001 33.941z\"><\/path><\/svg><\/button><\/div><\/div><div class=\"stk-block-carousel__dots\" role=\"list\" data-label=\"Slide %%d\"><\/div><\/div><\/div>\n\n\n\n<p>&nbsp;&nbsp;&nbsp;&nbsp;&nbsp;&nbsp;&nbsp;&nbsp;&nbsp;&nbsp;&nbsp; El p\u00fablico de las tres noches se retir\u00f3 feliz a sus hogares y agradecieron la invitaci\u00f3n y la posibilidad de disfrutar de espect\u00e1culos de real jerarqu\u00eda completamente gratis, como lo es la caracter\u00edstica de la oferta cultural de Liquen en Villarrica.<\/p>\n\n\n\n<p>______________________________________<\/p>\n\n\n\n<p>Allan Carrasco Rom\u00e1n &#8211; RRPP Liquen<\/p>\n\n\n\n<p>Im\u00e1genes de Alejandro Escobar Jaramillo &#8211; Redes sociales Liquen<\/p>\n","protected":false},"excerpt":{"rendered":"<p>Esta semana, tres de los elencos estables de Liquen Centro Cultural Municipal de Villarrica como lo son Guitarra cl\u00e1sica, Orquesta sinf\u00f3nica infanto juvenil y el Coro l\u00edrico concluyeron sus actividades 2025 con sus respectivas galas de fin de a\u00f1o, que cosecharon presencia y aplausos generosos del p\u00fablico que replet\u00f3 las aposentadur\u00edas del teatro Liquen. &nbsp;Ante&hellip;&nbsp;<a href=\"https:\/\/liquencentroculturalvillarrica.cl\/?p=4154\" rel=\"bookmark\">Leer m\u00e1s &raquo;<span class=\"screen-reader-text\">ELENCOS ESTABLES DE LIQUEN CERRARON EL A\u00d1O CON EXITOSAS PRESENTACIONES EN EL TEATRO A ORILLAS DEL LAGO VILLARRICA<\/span><\/a><\/p>\n","protected":false},"author":1,"featured_media":4164,"comment_status":"open","ping_status":"open","sticky":false,"template":"","format":"standard","meta":{"neve_meta_sidebar":"","neve_meta_container":"","neve_meta_enable_content_width":"","neve_meta_content_width":0,"neve_meta_title_alignment":"","neve_meta_author_avatar":"","neve_post_elements_order":"","neve_meta_disable_header":"","neve_meta_disable_footer":"","neve_meta_disable_title":"","footnotes":""},"categories":[22,5,1,23,24],"tags":[53,51,49,52,47,48,27],"class_list":["post-4154","post","type-post","status-publish","format-standard","has-post-thumbnail","hentry","category-musica","category-noticias","category-sin-categoria","category-taller","category-teatro","tag-53","tag-coro","tag-elencos-estables","tag-fin-de-ano","tag-galas","tag-guitarra-clasica","tag-liquen"],"yoast_head":"<!-- This site is optimized with the Yoast SEO plugin v26.7 - https:\/\/yoast.com\/wordpress\/plugins\/seo\/ -->\n<title>ELENCOS ESTABLES DE LIQUEN CERRARON EL A\u00d1O<\/title>\n<meta name=\"description\" content=\"Elencos estables de Liquen como Guitarra cl\u00e1sica, Orquesta sinf\u00f3nica infanto juvenil y el Coro l\u00edrico concluyeron sus actividades 2025.\" \/>\n<meta name=\"robots\" content=\"index, follow, max-snippet:-1, max-image-preview:large, max-video-preview:-1\" \/>\n<link rel=\"canonical\" href=\"https:\/\/liquencentroculturalvillarrica.cl\/?p=4154\" \/>\n<meta property=\"og:locale\" content=\"es_ES\" \/>\n<meta property=\"og:type\" content=\"article\" \/>\n<meta property=\"og:title\" content=\"ELENCOS ESTABLES DE LIQUEN CERRARON EL A\u00d1O\" \/>\n<meta property=\"og:description\" content=\"Elencos estables de Liquen como Guitarra cl\u00e1sica, Orquesta sinf\u00f3nica infanto juvenil y el Coro l\u00edrico concluyeron sus actividades 2025.\" \/>\n<meta property=\"og:url\" content=\"https:\/\/liquencentroculturalvillarrica.cl\/?p=4154\" \/>\n<meta property=\"og:site_name\" content=\"Liquen Centro Cultural\" \/>\n<meta property=\"article:publisher\" content=\"https:\/\/www.facebook.com\/profile.php?id=100085283714609\" \/>\n<meta property=\"article:published_time\" content=\"2026-01-07T17:09:41+00:00\" \/>\n<meta property=\"article:modified_time\" content=\"2026-01-07T17:37:06+00:00\" \/>\n<meta property=\"og:image\" content=\"https:\/\/liquencentroculturalvillarrica.cl\/wp-content\/uploads\/2026\/01\/1766501274761-scaled.jpg\" \/>\n\t<meta property=\"og:image:width\" content=\"2560\" \/>\n\t<meta property=\"og:image:height\" content=\"1440\" \/>\n\t<meta property=\"og:image:type\" content=\"image\/jpeg\" \/>\n<meta name=\"author\" content=\"Liquen\" \/>\n<meta name=\"twitter:card\" content=\"summary_large_image\" \/>\n<meta name=\"twitter:label1\" content=\"Escrito por\" \/>\n\t<meta name=\"twitter:data1\" content=\"Liquen\" \/>\n\t<meta name=\"twitter:label2\" content=\"Tiempo de lectura\" \/>\n\t<meta name=\"twitter:data2\" content=\"8 minutos\" \/>\n<script type=\"application\/ld+json\" class=\"yoast-schema-graph\">{\"@context\":\"https:\/\/schema.org\",\"@graph\":[{\"@type\":\"Article\",\"@id\":\"https:\/\/liquencentroculturalvillarrica.cl\/?p=4154#article\",\"isPartOf\":{\"@id\":\"https:\/\/liquencentroculturalvillarrica.cl\/?p=4154\"},\"author\":{\"name\":\"Liquen\",\"@id\":\"https:\/\/liquencentroculturalvillarrica.cl\/#\/schema\/person\/427d9157415d981616abe41a49543f36\"},\"headline\":\"ELENCOS ESTABLES DE LIQUEN CERRARON EL A\u00d1O CON EXITOSAS PRESENTACIONES EN EL TEATRO A ORILLAS DEL LAGO VILLARRICA\",\"datePublished\":\"2026-01-07T17:09:41+00:00\",\"dateModified\":\"2026-01-07T17:37:06+00:00\",\"mainEntityOfPage\":{\"@id\":\"https:\/\/liquencentroculturalvillarrica.cl\/?p=4154\"},\"wordCount\":713,\"commentCount\":0,\"publisher\":{\"@id\":\"https:\/\/liquencentroculturalvillarrica.cl\/#organization\"},\"image\":{\"@id\":\"https:\/\/liquencentroculturalvillarrica.cl\/?p=4154#primaryimage\"},\"thumbnailUrl\":\"https:\/\/liquencentroculturalvillarrica.cl\/wp-content\/uploads\/2026\/01\/1766501274761-scaled.jpg\",\"keywords\":[\"2025\",\"coro\",\"elencos estables\",\"fin de a\u00f1o\",\"galas\",\"guitarra cl\u00e1sica\",\"liquen\"],\"articleSection\":{\"0\":\"M\u00fasica\",\"1\":\"Noticias\",\"3\":\"Taller\",\"4\":\"Teatro\"},\"inLanguage\":\"es\",\"potentialAction\":[{\"@type\":\"CommentAction\",\"name\":\"Comment\",\"target\":[\"https:\/\/liquencentroculturalvillarrica.cl\/?p=4154#respond\"]}]},{\"@type\":\"WebPage\",\"@id\":\"https:\/\/liquencentroculturalvillarrica.cl\/?p=4154\",\"url\":\"https:\/\/liquencentroculturalvillarrica.cl\/?p=4154\",\"name\":\"ELENCOS ESTABLES DE LIQUEN CERRARON EL A\u00d1O\",\"isPartOf\":{\"@id\":\"https:\/\/liquencentroculturalvillarrica.cl\/#website\"},\"primaryImageOfPage\":{\"@id\":\"https:\/\/liquencentroculturalvillarrica.cl\/?p=4154#primaryimage\"},\"image\":{\"@id\":\"https:\/\/liquencentroculturalvillarrica.cl\/?p=4154#primaryimage\"},\"thumbnailUrl\":\"https:\/\/liquencentroculturalvillarrica.cl\/wp-content\/uploads\/2026\/01\/1766501274761-scaled.jpg\",\"datePublished\":\"2026-01-07T17:09:41+00:00\",\"dateModified\":\"2026-01-07T17:37:06+00:00\",\"description\":\"Elencos estables de Liquen como Guitarra cl\u00e1sica, Orquesta sinf\u00f3nica infanto juvenil y el Coro l\u00edrico concluyeron sus actividades 2025.\",\"breadcrumb\":{\"@id\":\"https:\/\/liquencentroculturalvillarrica.cl\/?p=4154#breadcrumb\"},\"inLanguage\":\"es\",\"potentialAction\":[{\"@type\":\"ReadAction\",\"target\":[\"https:\/\/liquencentroculturalvillarrica.cl\/?p=4154\"]}]},{\"@type\":\"ImageObject\",\"inLanguage\":\"es\",\"@id\":\"https:\/\/liquencentroculturalvillarrica.cl\/?p=4154#primaryimage\",\"url\":\"https:\/\/liquencentroculturalvillarrica.cl\/wp-content\/uploads\/2026\/01\/1766501274761-scaled.jpg\",\"contentUrl\":\"https:\/\/liquencentroculturalvillarrica.cl\/wp-content\/uploads\/2026\/01\/1766501274761-scaled.jpg\",\"width\":2560,\"height\":1440},{\"@type\":\"BreadcrumbList\",\"@id\":\"https:\/\/liquencentroculturalvillarrica.cl\/?p=4154#breadcrumb\",\"itemListElement\":[{\"@type\":\"ListItem\",\"position\":1,\"name\":\"Portada\",\"item\":\"https:\/\/liquencentroculturalvillarrica.cl\/\"},{\"@type\":\"ListItem\",\"position\":2,\"name\":\"ELENCOS ESTABLES DE LIQUEN CERRARON EL A\u00d1O CON EXITOSAS PRESENTACIONES EN EL TEATRO A ORILLAS DEL LAGO VILLARRICA\"}]},{\"@type\":\"WebSite\",\"@id\":\"https:\/\/liquencentroculturalvillarrica.cl\/#website\",\"url\":\"https:\/\/liquencentroculturalvillarrica.cl\/\",\"name\":\"Liquen Centro Cultural\",\"description\":\"\",\"publisher\":{\"@id\":\"https:\/\/liquencentroculturalvillarrica.cl\/#organization\"},\"potentialAction\":[{\"@type\":\"SearchAction\",\"target\":{\"@type\":\"EntryPoint\",\"urlTemplate\":\"https:\/\/liquencentroculturalvillarrica.cl\/?s={search_term_string}\"},\"query-input\":{\"@type\":\"PropertyValueSpecification\",\"valueRequired\":true,\"valueName\":\"search_term_string\"}}],\"inLanguage\":\"es\"},{\"@type\":\"Organization\",\"@id\":\"https:\/\/liquencentroculturalvillarrica.cl\/#organization\",\"name\":\"Liquen Centro Cultural\",\"url\":\"https:\/\/liquencentroculturalvillarrica.cl\/\",\"logo\":{\"@type\":\"ImageObject\",\"inLanguage\":\"es\",\"@id\":\"https:\/\/liquencentroculturalvillarrica.cl\/#\/schema\/logo\/image\/\",\"url\":\"https:\/\/liquencentroculturalvillarrica.cl\/wp-content\/uploads\/2023\/07\/Marca-Liquen-Centro-Cultural-Municipal-Villarrica2-1_Mesa-de-trabajo-1.png\",\"contentUrl\":\"https:\/\/liquencentroculturalvillarrica.cl\/wp-content\/uploads\/2023\/07\/Marca-Liquen-Centro-Cultural-Municipal-Villarrica2-1_Mesa-de-trabajo-1.png\",\"width\":3300,\"height\":2550,\"caption\":\"Liquen Centro Cultural\"},\"image\":{\"@id\":\"https:\/\/liquencentroculturalvillarrica.cl\/#\/schema\/logo\/image\/\"},\"sameAs\":[\"https:\/\/www.facebook.com\/profile.php?id=100085283714609\",\"https:\/\/www.instagram.com\/villarricacentrocultural\/\",\"https:\/\/www.youtube.com\/channel\/UCQCChCLB8KB4ckeIXmpHNQw\"]},{\"@type\":\"Person\",\"@id\":\"https:\/\/liquencentroculturalvillarrica.cl\/#\/schema\/person\/427d9157415d981616abe41a49543f36\",\"name\":\"Liquen\",\"image\":{\"@type\":\"ImageObject\",\"inLanguage\":\"es\",\"@id\":\"https:\/\/liquencentroculturalvillarrica.cl\/#\/schema\/person\/image\/\",\"url\":\"https:\/\/secure.gravatar.com\/avatar\/c3433ef77dd4f91e7fede9f9521759ea33f87a092b5c394a0ba9665a3c4341f7?s=96&d=mm&r=g\",\"contentUrl\":\"https:\/\/secure.gravatar.com\/avatar\/c3433ef77dd4f91e7fede9f9521759ea33f87a092b5c394a0ba9665a3c4341f7?s=96&d=mm&r=g\",\"caption\":\"Liquen\"},\"sameAs\":[\"http:\/\/liquencentroculturalvillarrica.cl\"],\"url\":\"https:\/\/liquencentroculturalvillarrica.cl\/?author=1\"}]}<\/script>\n<!-- \/ Yoast SEO plugin. -->","yoast_head_json":{"title":"ELENCOS ESTABLES DE LIQUEN CERRARON EL A\u00d1O","description":"Elencos estables de Liquen como Guitarra cl\u00e1sica, Orquesta sinf\u00f3nica infanto juvenil y el Coro l\u00edrico concluyeron sus actividades 2025.","robots":{"index":"index","follow":"follow","max-snippet":"max-snippet:-1","max-image-preview":"max-image-preview:large","max-video-preview":"max-video-preview:-1"},"canonical":"https:\/\/liquencentroculturalvillarrica.cl\/?p=4154","og_locale":"es_ES","og_type":"article","og_title":"ELENCOS ESTABLES DE LIQUEN CERRARON EL A\u00d1O","og_description":"Elencos estables de Liquen como Guitarra cl\u00e1sica, Orquesta sinf\u00f3nica infanto juvenil y el Coro l\u00edrico concluyeron sus actividades 2025.","og_url":"https:\/\/liquencentroculturalvillarrica.cl\/?p=4154","og_site_name":"Liquen Centro Cultural","article_publisher":"https:\/\/www.facebook.com\/profile.php?id=100085283714609","article_published_time":"2026-01-07T17:09:41+00:00","article_modified_time":"2026-01-07T17:37:06+00:00","og_image":[{"width":2560,"height":1440,"url":"https:\/\/liquencentroculturalvillarrica.cl\/wp-content\/uploads\/2026\/01\/1766501274761-scaled.jpg","type":"image\/jpeg"}],"author":"Liquen","twitter_card":"summary_large_image","twitter_misc":{"Escrito por":"Liquen","Tiempo de lectura":"8 minutos"},"schema":{"@context":"https:\/\/schema.org","@graph":[{"@type":"Article","@id":"https:\/\/liquencentroculturalvillarrica.cl\/?p=4154#article","isPartOf":{"@id":"https:\/\/liquencentroculturalvillarrica.cl\/?p=4154"},"author":{"name":"Liquen","@id":"https:\/\/liquencentroculturalvillarrica.cl\/#\/schema\/person\/427d9157415d981616abe41a49543f36"},"headline":"ELENCOS ESTABLES DE LIQUEN CERRARON EL A\u00d1O CON EXITOSAS PRESENTACIONES EN EL TEATRO A ORILLAS DEL LAGO VILLARRICA","datePublished":"2026-01-07T17:09:41+00:00","dateModified":"2026-01-07T17:37:06+00:00","mainEntityOfPage":{"@id":"https:\/\/liquencentroculturalvillarrica.cl\/?p=4154"},"wordCount":713,"commentCount":0,"publisher":{"@id":"https:\/\/liquencentroculturalvillarrica.cl\/#organization"},"image":{"@id":"https:\/\/liquencentroculturalvillarrica.cl\/?p=4154#primaryimage"},"thumbnailUrl":"https:\/\/liquencentroculturalvillarrica.cl\/wp-content\/uploads\/2026\/01\/1766501274761-scaled.jpg","keywords":["2025","coro","elencos estables","fin de a\u00f1o","galas","guitarra cl\u00e1sica","liquen"],"articleSection":{"0":"M\u00fasica","1":"Noticias","3":"Taller","4":"Teatro"},"inLanguage":"es","potentialAction":[{"@type":"CommentAction","name":"Comment","target":["https:\/\/liquencentroculturalvillarrica.cl\/?p=4154#respond"]}]},{"@type":"WebPage","@id":"https:\/\/liquencentroculturalvillarrica.cl\/?p=4154","url":"https:\/\/liquencentroculturalvillarrica.cl\/?p=4154","name":"ELENCOS ESTABLES DE LIQUEN CERRARON EL A\u00d1O","isPartOf":{"@id":"https:\/\/liquencentroculturalvillarrica.cl\/#website"},"primaryImageOfPage":{"@id":"https:\/\/liquencentroculturalvillarrica.cl\/?p=4154#primaryimage"},"image":{"@id":"https:\/\/liquencentroculturalvillarrica.cl\/?p=4154#primaryimage"},"thumbnailUrl":"https:\/\/liquencentroculturalvillarrica.cl\/wp-content\/uploads\/2026\/01\/1766501274761-scaled.jpg","datePublished":"2026-01-07T17:09:41+00:00","dateModified":"2026-01-07T17:37:06+00:00","description":"Elencos estables de Liquen como Guitarra cl\u00e1sica, Orquesta sinf\u00f3nica infanto juvenil y el Coro l\u00edrico concluyeron sus actividades 2025.","breadcrumb":{"@id":"https:\/\/liquencentroculturalvillarrica.cl\/?p=4154#breadcrumb"},"inLanguage":"es","potentialAction":[{"@type":"ReadAction","target":["https:\/\/liquencentroculturalvillarrica.cl\/?p=4154"]}]},{"@type":"ImageObject","inLanguage":"es","@id":"https:\/\/liquencentroculturalvillarrica.cl\/?p=4154#primaryimage","url":"https:\/\/liquencentroculturalvillarrica.cl\/wp-content\/uploads\/2026\/01\/1766501274761-scaled.jpg","contentUrl":"https:\/\/liquencentroculturalvillarrica.cl\/wp-content\/uploads\/2026\/01\/1766501274761-scaled.jpg","width":2560,"height":1440},{"@type":"BreadcrumbList","@id":"https:\/\/liquencentroculturalvillarrica.cl\/?p=4154#breadcrumb","itemListElement":[{"@type":"ListItem","position":1,"name":"Portada","item":"https:\/\/liquencentroculturalvillarrica.cl\/"},{"@type":"ListItem","position":2,"name":"ELENCOS ESTABLES DE LIQUEN CERRARON EL A\u00d1O CON EXITOSAS PRESENTACIONES EN EL TEATRO A ORILLAS DEL LAGO VILLARRICA"}]},{"@type":"WebSite","@id":"https:\/\/liquencentroculturalvillarrica.cl\/#website","url":"https:\/\/liquencentroculturalvillarrica.cl\/","name":"Liquen Centro Cultural","description":"","publisher":{"@id":"https:\/\/liquencentroculturalvillarrica.cl\/#organization"},"potentialAction":[{"@type":"SearchAction","target":{"@type":"EntryPoint","urlTemplate":"https:\/\/liquencentroculturalvillarrica.cl\/?s={search_term_string}"},"query-input":{"@type":"PropertyValueSpecification","valueRequired":true,"valueName":"search_term_string"}}],"inLanguage":"es"},{"@type":"Organization","@id":"https:\/\/liquencentroculturalvillarrica.cl\/#organization","name":"Liquen Centro Cultural","url":"https:\/\/liquencentroculturalvillarrica.cl\/","logo":{"@type":"ImageObject","inLanguage":"es","@id":"https:\/\/liquencentroculturalvillarrica.cl\/#\/schema\/logo\/image\/","url":"https:\/\/liquencentroculturalvillarrica.cl\/wp-content\/uploads\/2023\/07\/Marca-Liquen-Centro-Cultural-Municipal-Villarrica2-1_Mesa-de-trabajo-1.png","contentUrl":"https:\/\/liquencentroculturalvillarrica.cl\/wp-content\/uploads\/2023\/07\/Marca-Liquen-Centro-Cultural-Municipal-Villarrica2-1_Mesa-de-trabajo-1.png","width":3300,"height":2550,"caption":"Liquen Centro Cultural"},"image":{"@id":"https:\/\/liquencentroculturalvillarrica.cl\/#\/schema\/logo\/image\/"},"sameAs":["https:\/\/www.facebook.com\/profile.php?id=100085283714609","https:\/\/www.instagram.com\/villarricacentrocultural\/","https:\/\/www.youtube.com\/channel\/UCQCChCLB8KB4ckeIXmpHNQw"]},{"@type":"Person","@id":"https:\/\/liquencentroculturalvillarrica.cl\/#\/schema\/person\/427d9157415d981616abe41a49543f36","name":"Liquen","image":{"@type":"ImageObject","inLanguage":"es","@id":"https:\/\/liquencentroculturalvillarrica.cl\/#\/schema\/person\/image\/","url":"https:\/\/secure.gravatar.com\/avatar\/c3433ef77dd4f91e7fede9f9521759ea33f87a092b5c394a0ba9665a3c4341f7?s=96&d=mm&r=g","contentUrl":"https:\/\/secure.gravatar.com\/avatar\/c3433ef77dd4f91e7fede9f9521759ea33f87a092b5c394a0ba9665a3c4341f7?s=96&d=mm&r=g","caption":"Liquen"},"sameAs":["http:\/\/liquencentroculturalvillarrica.cl"],"url":"https:\/\/liquencentroculturalvillarrica.cl\/?author=1"}]}},"featured_image_src":"https:\/\/liquencentroculturalvillarrica.cl\/wp-content\/uploads\/2026\/01\/1766501274761-600x400.jpg","featured_image_src_square":"https:\/\/liquencentroculturalvillarrica.cl\/wp-content\/uploads\/2026\/01\/1766501274761-600x600.jpg","author_info":{"display_name":"Liquen","author_link":"https:\/\/liquencentroculturalvillarrica.cl\/?author=1"},"_links":{"self":[{"href":"https:\/\/liquencentroculturalvillarrica.cl\/index.php?rest_route=\/wp\/v2\/posts\/4154","targetHints":{"allow":["GET"]}}],"collection":[{"href":"https:\/\/liquencentroculturalvillarrica.cl\/index.php?rest_route=\/wp\/v2\/posts"}],"about":[{"href":"https:\/\/liquencentroculturalvillarrica.cl\/index.php?rest_route=\/wp\/v2\/types\/post"}],"author":[{"embeddable":true,"href":"https:\/\/liquencentroculturalvillarrica.cl\/index.php?rest_route=\/wp\/v2\/users\/1"}],"replies":[{"embeddable":true,"href":"https:\/\/liquencentroculturalvillarrica.cl\/index.php?rest_route=%2Fwp%2Fv2%2Fcomments&post=4154"}],"version-history":[{"count":11,"href":"https:\/\/liquencentroculturalvillarrica.cl\/index.php?rest_route=\/wp\/v2\/posts\/4154\/revisions"}],"predecessor-version":[{"id":4226,"href":"https:\/\/liquencentroculturalvillarrica.cl\/index.php?rest_route=\/wp\/v2\/posts\/4154\/revisions\/4226"}],"wp:featuredmedia":[{"embeddable":true,"href":"https:\/\/liquencentroculturalvillarrica.cl\/index.php?rest_route=\/wp\/v2\/media\/4164"}],"wp:attachment":[{"href":"https:\/\/liquencentroculturalvillarrica.cl\/index.php?rest_route=%2Fwp%2Fv2%2Fmedia&parent=4154"}],"wp:term":[{"taxonomy":"category","embeddable":true,"href":"https:\/\/liquencentroculturalvillarrica.cl\/index.php?rest_route=%2Fwp%2Fv2%2Fcategories&post=4154"},{"taxonomy":"post_tag","embeddable":true,"href":"https:\/\/liquencentroculturalvillarrica.cl\/index.php?rest_route=%2Fwp%2Fv2%2Ftags&post=4154"}],"curies":[{"name":"wp","href":"https:\/\/api.w.org\/{rel}","templated":true}]}}