{"id":4009,"date":"2025-10-16T15:40:33","date_gmt":"2025-10-16T15:40:33","guid":{"rendered":"https:\/\/liquencentroculturalvillarrica.cl\/?p=4009"},"modified":"2025-10-16T16:45:46","modified_gmt":"2025-10-16T16:45:46","slug":"cultura-con-identidad-local","status":"publish","type":"post","link":"https:\/\/liquencentroculturalvillarrica.cl\/?p=4009","title":{"rendered":"IDENTIDAD LOCAL SIGUE SIENDO EL FOCO DE LIQUEN CENTRO CULTURAL MUNICIPAL DE VILLARRICA"},"content":{"rendered":"\n<p><em>&nbsp;Asi quedo claro con la parrilla de artistas que Liquen present\u00f3 en la mitad del 2025 donde se desarrollaron exitosas presentaciones de artistas locales en los espect\u00e1culos de&nbsp; Rock ac\u00fastico, performance de \u201cTango\u201d en instrumentos cl\u00e1sicos,&nbsp; \u201cAc\u00fastico de Mujeres\u201d , exposici\u00f3n de artes visuales,&nbsp; danza el programa de Fiestas Patrias 2025&nbsp; y otros, que son la carta de presentaci\u00f3n del una ciudad&nbsp; inquieta&nbsp; que sigue construyendo su historia en torno a la cultura.<\/em><\/p>\n\n\n\n<p>El presente a\u00f1o ha tenido una gran variedad de actividades en lo que a cultura se refiere en la ciudad del lago y volc\u00e1n, desde los espect\u00e1culos al aire libre, poniendo en valor nuestra escenograf\u00eda natural en la \u00e9poca estival, pasando&nbsp; por la celebraci\u00f3n del D\u00eda del de los patrimonios que cosech\u00f3 las felicitaciones del Ministerio de las Culturas por el impacto de , las Artes y el patrimonio, Exitosa realizaci\u00f3n de actividades con artistas locales, Rock ac\u00fastico y espect\u00e1culo de Tango.<\/p>\n\n\n\n<div class=\"wp-block-getwid-images-slider has-arrows-inside has-dots-inside is-carousel has-slides-gap-none has-images-center has-cropped-images has-fixed-height alignwide\"><div class=\"wp-block-getwid-images-slider__wrapper\" data-effect=\"slide\" data-slides-show=\"3\" data-slides-show-laptop=\"1\" data-slides-show-tablet=\"1\" data-slides-show-mobile=\"1\" data-slides-scroll=\"1\" data-autoplay=\"true\" data-pause-hover=\"false\" data-autoplay-speed=\"6000\" data-infinite=\"true\" data-animation-speed=\"800\" data-center-mode=\"true\" data-variable-width=\"true\" data-arrows=\"inside\" data-dots=\"inside\" data-spacing=\"none\"><div class=\"wp-block-getwid-images-slider__item\" style=\"height:400px\"><figure><img loading=\"lazy\" decoding=\"async\" width=\"2560\" height=\"1440\" src=\"https:\/\/liquencentroculturalvillarrica.cl\/wp-content\/uploads\/2025\/10\/1758053305132-scaled.jpg\" data-id=\"3992\" data-link=\"https:\/\/liquencentroculturalvillarrica.cl\/?attachment_id=3992\" data-original-link=\"https:\/\/liquencentroculturalvillarrica.cl\/wp-content\/uploads\/2025\/10\/1758053305132-scaled.jpg\" class=\"wp-block-getwid-images-slider__image wp-image-3992\" srcset=\"https:\/\/liquencentroculturalvillarrica.cl\/wp-content\/uploads\/2025\/10\/1758053305132-scaled.jpg 2560w, https:\/\/liquencentroculturalvillarrica.cl\/wp-content\/uploads\/2025\/10\/1758053305132-300x169.jpg 300w, https:\/\/liquencentroculturalvillarrica.cl\/wp-content\/uploads\/2025\/10\/1758053305132-1024x576.jpg 1024w, https:\/\/liquencentroculturalvillarrica.cl\/wp-content\/uploads\/2025\/10\/1758053305132-768x432.jpg 768w, https:\/\/liquencentroculturalvillarrica.cl\/wp-content\/uploads\/2025\/10\/1758053305132-1536x864.jpg 1536w, https:\/\/liquencentroculturalvillarrica.cl\/wp-content\/uploads\/2025\/10\/1758053305132-2048x1152.jpg 2048w\" sizes=\"auto, (max-width: 2560px) 100vw, 2560px\" \/><\/figure><\/div><div class=\"wp-block-getwid-images-slider__item\" style=\"height:400px\"><figure><img loading=\"lazy\" decoding=\"async\" width=\"2560\" height=\"1440\" src=\"https:\/\/liquencentroculturalvillarrica.cl\/wp-content\/uploads\/2025\/10\/1758042694649-scaled.jpg\" data-id=\"3991\" data-link=\"https:\/\/liquencentroculturalvillarrica.cl\/?attachment_id=3991\" data-original-link=\"https:\/\/liquencentroculturalvillarrica.cl\/wp-content\/uploads\/2025\/10\/1758042694649-scaled.jpg\" class=\"wp-block-getwid-images-slider__image wp-image-3991\" srcset=\"https:\/\/liquencentroculturalvillarrica.cl\/wp-content\/uploads\/2025\/10\/1758042694649-scaled.jpg 2560w, https:\/\/liquencentroculturalvillarrica.cl\/wp-content\/uploads\/2025\/10\/1758042694649-300x169.jpg 300w, https:\/\/liquencentroculturalvillarrica.cl\/wp-content\/uploads\/2025\/10\/1758042694649-1024x576.jpg 1024w, https:\/\/liquencentroculturalvillarrica.cl\/wp-content\/uploads\/2025\/10\/1758042694649-768x432.jpg 768w, https:\/\/liquencentroculturalvillarrica.cl\/wp-content\/uploads\/2025\/10\/1758042694649-1536x864.jpg 1536w, https:\/\/liquencentroculturalvillarrica.cl\/wp-content\/uploads\/2025\/10\/1758042694649-2048x1152.jpg 2048w\" sizes=\"auto, (max-width: 2560px) 100vw, 2560px\" \/><\/figure><\/div><div class=\"wp-block-getwid-images-slider__item\" style=\"height:400px\"><figure><img loading=\"lazy\" decoding=\"async\" width=\"2560\" height=\"1440\" src=\"https:\/\/liquencentroculturalvillarrica.cl\/wp-content\/uploads\/2025\/10\/1758042694625-scaled.jpg\" data-id=\"3990\" data-link=\"https:\/\/liquencentroculturalvillarrica.cl\/?attachment_id=3990\" data-original-link=\"https:\/\/liquencentroculturalvillarrica.cl\/wp-content\/uploads\/2025\/10\/1758042694625-scaled.jpg\" class=\"wp-block-getwid-images-slider__image wp-image-3990\" srcset=\"https:\/\/liquencentroculturalvillarrica.cl\/wp-content\/uploads\/2025\/10\/1758042694625-scaled.jpg 2560w, https:\/\/liquencentroculturalvillarrica.cl\/wp-content\/uploads\/2025\/10\/1758042694625-300x169.jpg 300w, https:\/\/liquencentroculturalvillarrica.cl\/wp-content\/uploads\/2025\/10\/1758042694625-1024x576.jpg 1024w, https:\/\/liquencentroculturalvillarrica.cl\/wp-content\/uploads\/2025\/10\/1758042694625-768x432.jpg 768w, https:\/\/liquencentroculturalvillarrica.cl\/wp-content\/uploads\/2025\/10\/1758042694625-1536x864.jpg 1536w, https:\/\/liquencentroculturalvillarrica.cl\/wp-content\/uploads\/2025\/10\/1758042694625-2048x1152.jpg 2048w\" sizes=\"auto, (max-width: 2560px) 100vw, 2560px\" \/><\/figure><\/div><div class=\"wp-block-getwid-images-slider__item\" style=\"height:400px\"><figure><img loading=\"lazy\" decoding=\"async\" width=\"2560\" height=\"1440\" src=\"https:\/\/liquencentroculturalvillarrica.cl\/wp-content\/uploads\/2025\/10\/1758038995938-scaled.jpg\" data-id=\"3987\" data-link=\"https:\/\/liquencentroculturalvillarrica.cl\/?attachment_id=3987\" data-original-link=\"https:\/\/liquencentroculturalvillarrica.cl\/wp-content\/uploads\/2025\/10\/1758038995938-scaled.jpg\" class=\"wp-block-getwid-images-slider__image wp-image-3987\" srcset=\"https:\/\/liquencentroculturalvillarrica.cl\/wp-content\/uploads\/2025\/10\/1758038995938-scaled.jpg 2560w, https:\/\/liquencentroculturalvillarrica.cl\/wp-content\/uploads\/2025\/10\/1758038995938-300x169.jpg 300w, https:\/\/liquencentroculturalvillarrica.cl\/wp-content\/uploads\/2025\/10\/1758038995938-1024x576.jpg 1024w, https:\/\/liquencentroculturalvillarrica.cl\/wp-content\/uploads\/2025\/10\/1758038995938-768x432.jpg 768w, https:\/\/liquencentroculturalvillarrica.cl\/wp-content\/uploads\/2025\/10\/1758038995938-1536x864.jpg 1536w, https:\/\/liquencentroculturalvillarrica.cl\/wp-content\/uploads\/2025\/10\/1758038995938-2048x1152.jpg 2048w\" sizes=\"auto, (max-width: 2560px) 100vw, 2560px\" \/><\/figure><\/div><div class=\"wp-block-getwid-images-slider__item\" style=\"height:400px\"><figure><img loading=\"lazy\" decoding=\"async\" width=\"2560\" height=\"1440\" src=\"https:\/\/liquencentroculturalvillarrica.cl\/wp-content\/uploads\/2025\/10\/1758038996250-scaled.jpg\" data-id=\"3986\" data-link=\"https:\/\/liquencentroculturalvillarrica.cl\/?attachment_id=3986\" data-original-link=\"https:\/\/liquencentroculturalvillarrica.cl\/wp-content\/uploads\/2025\/10\/1758038996250-scaled.jpg\" class=\"wp-block-getwid-images-slider__image wp-image-3986\" srcset=\"https:\/\/liquencentroculturalvillarrica.cl\/wp-content\/uploads\/2025\/10\/1758038996250-scaled.jpg 2560w, https:\/\/liquencentroculturalvillarrica.cl\/wp-content\/uploads\/2025\/10\/1758038996250-300x169.jpg 300w, https:\/\/liquencentroculturalvillarrica.cl\/wp-content\/uploads\/2025\/10\/1758038996250-1024x576.jpg 1024w, https:\/\/liquencentroculturalvillarrica.cl\/wp-content\/uploads\/2025\/10\/1758038996250-768x432.jpg 768w, https:\/\/liquencentroculturalvillarrica.cl\/wp-content\/uploads\/2025\/10\/1758038996250-1536x864.jpg 1536w, https:\/\/liquencentroculturalvillarrica.cl\/wp-content\/uploads\/2025\/10\/1758038996250-2048x1152.jpg 2048w\" sizes=\"auto, (max-width: 2560px) 100vw, 2560px\" \/><\/figure><\/div><div class=\"wp-block-getwid-images-slider__item\" style=\"height:400px\"><figure><img loading=\"lazy\" decoding=\"async\" width=\"2560\" height=\"1440\" src=\"https:\/\/liquencentroculturalvillarrica.cl\/wp-content\/uploads\/2025\/10\/1758902554488-scaled.jpg\" data-id=\"3983\" data-link=\"https:\/\/liquencentroculturalvillarrica.cl\/?attachment_id=3983\" data-original-link=\"https:\/\/liquencentroculturalvillarrica.cl\/wp-content\/uploads\/2025\/10\/1758902554488-scaled.jpg\" class=\"wp-block-getwid-images-slider__image wp-image-3983\" srcset=\"https:\/\/liquencentroculturalvillarrica.cl\/wp-content\/uploads\/2025\/10\/1758902554488-scaled.jpg 2560w, https:\/\/liquencentroculturalvillarrica.cl\/wp-content\/uploads\/2025\/10\/1758902554488-300x169.jpg 300w, https:\/\/liquencentroculturalvillarrica.cl\/wp-content\/uploads\/2025\/10\/1758902554488-1024x576.jpg 1024w, https:\/\/liquencentroculturalvillarrica.cl\/wp-content\/uploads\/2025\/10\/1758902554488-768x432.jpg 768w, https:\/\/liquencentroculturalvillarrica.cl\/wp-content\/uploads\/2025\/10\/1758902554488-1536x864.jpg 1536w, https:\/\/liquencentroculturalvillarrica.cl\/wp-content\/uploads\/2025\/10\/1758902554488-2048x1152.jpg 2048w\" sizes=\"auto, (max-width: 2560px) 100vw, 2560px\" \/><\/figure><\/div><div class=\"wp-block-getwid-images-slider__item\" style=\"height:400px\"><figure><img loading=\"lazy\" decoding=\"async\" width=\"2560\" height=\"1440\" src=\"https:\/\/liquencentroculturalvillarrica.cl\/wp-content\/uploads\/2025\/10\/storage_emulated_0_Android_data_com.miui_.gallery_cache_SecurityShare_1758902554435-scaled.jpg\" data-id=\"3982\" data-link=\"https:\/\/liquencentroculturalvillarrica.cl\/?attachment_id=3982\" data-original-link=\"https:\/\/liquencentroculturalvillarrica.cl\/wp-content\/uploads\/2025\/10\/storage_emulated_0_Android_data_com.miui_.gallery_cache_SecurityShare_1758902554435-scaled.jpg\" class=\"wp-block-getwid-images-slider__image wp-image-3982\" srcset=\"https:\/\/liquencentroculturalvillarrica.cl\/wp-content\/uploads\/2025\/10\/storage_emulated_0_Android_data_com.miui_.gallery_cache_SecurityShare_1758902554435-scaled.jpg 2560w, https:\/\/liquencentroculturalvillarrica.cl\/wp-content\/uploads\/2025\/10\/storage_emulated_0_Android_data_com.miui_.gallery_cache_SecurityShare_1758902554435-300x169.jpg 300w, https:\/\/liquencentroculturalvillarrica.cl\/wp-content\/uploads\/2025\/10\/storage_emulated_0_Android_data_com.miui_.gallery_cache_SecurityShare_1758902554435-1024x576.jpg 1024w, https:\/\/liquencentroculturalvillarrica.cl\/wp-content\/uploads\/2025\/10\/storage_emulated_0_Android_data_com.miui_.gallery_cache_SecurityShare_1758902554435-768x432.jpg 768w, https:\/\/liquencentroculturalvillarrica.cl\/wp-content\/uploads\/2025\/10\/storage_emulated_0_Android_data_com.miui_.gallery_cache_SecurityShare_1758902554435-1536x864.jpg 1536w, https:\/\/liquencentroculturalvillarrica.cl\/wp-content\/uploads\/2025\/10\/storage_emulated_0_Android_data_com.miui_.gallery_cache_SecurityShare_1758902554435-2048x1152.jpg 2048w\" sizes=\"auto, (max-width: 2560px) 100vw, 2560px\" \/><\/figure><\/div><div class=\"wp-block-getwid-images-slider__item\" style=\"height:400px\"><figure><img loading=\"lazy\" decoding=\"async\" width=\"2560\" height=\"1440\" src=\"https:\/\/liquencentroculturalvillarrica.cl\/wp-content\/uploads\/2025\/10\/1758580056636-scaled.jpg\" data-id=\"3977\" data-link=\"https:\/\/liquencentroculturalvillarrica.cl\/?attachment_id=3977\" data-original-link=\"https:\/\/liquencentroculturalvillarrica.cl\/wp-content\/uploads\/2025\/10\/1758580056636-scaled.jpg\" class=\"wp-block-getwid-images-slider__image wp-image-3977\" srcset=\"https:\/\/liquencentroculturalvillarrica.cl\/wp-content\/uploads\/2025\/10\/1758580056636-scaled.jpg 2560w, https:\/\/liquencentroculturalvillarrica.cl\/wp-content\/uploads\/2025\/10\/1758580056636-300x169.jpg 300w, https:\/\/liquencentroculturalvillarrica.cl\/wp-content\/uploads\/2025\/10\/1758580056636-1024x576.jpg 1024w, https:\/\/liquencentroculturalvillarrica.cl\/wp-content\/uploads\/2025\/10\/1758580056636-768x432.jpg 768w, https:\/\/liquencentroculturalvillarrica.cl\/wp-content\/uploads\/2025\/10\/1758580056636-1536x864.jpg 1536w, https:\/\/liquencentroculturalvillarrica.cl\/wp-content\/uploads\/2025\/10\/1758580056636-2048x1152.jpg 2048w\" sizes=\"auto, (max-width: 2560px) 100vw, 2560px\" \/><\/figure><\/div><div class=\"wp-block-getwid-images-slider__item\" style=\"height:400px\"><figure><img loading=\"lazy\" decoding=\"async\" width=\"2560\" height=\"1440\" src=\"https:\/\/liquencentroculturalvillarrica.cl\/wp-content\/uploads\/2025\/10\/1758902319657-scaled.jpg\" data-id=\"3974\" data-link=\"https:\/\/liquencentroculturalvillarrica.cl\/?attachment_id=3974\" data-original-link=\"https:\/\/liquencentroculturalvillarrica.cl\/wp-content\/uploads\/2025\/10\/1758902319657-scaled.jpg\" class=\"wp-block-getwid-images-slider__image wp-image-3974\" srcset=\"https:\/\/liquencentroculturalvillarrica.cl\/wp-content\/uploads\/2025\/10\/1758902319657-scaled.jpg 2560w, https:\/\/liquencentroculturalvillarrica.cl\/wp-content\/uploads\/2025\/10\/1758902319657-300x169.jpg 300w, https:\/\/liquencentroculturalvillarrica.cl\/wp-content\/uploads\/2025\/10\/1758902319657-1024x576.jpg 1024w, https:\/\/liquencentroculturalvillarrica.cl\/wp-content\/uploads\/2025\/10\/1758902319657-768x432.jpg 768w, https:\/\/liquencentroculturalvillarrica.cl\/wp-content\/uploads\/2025\/10\/1758902319657-1536x864.jpg 1536w, https:\/\/liquencentroculturalvillarrica.cl\/wp-content\/uploads\/2025\/10\/1758902319657-2048x1152.jpg 2048w\" sizes=\"auto, (max-width: 2560px) 100vw, 2560px\" \/><\/figure><\/div><div class=\"wp-block-getwid-images-slider__item\" style=\"height:400px\"><figure><img loading=\"lazy\" decoding=\"async\" width=\"2560\" height=\"1440\" src=\"https:\/\/liquencentroculturalvillarrica.cl\/wp-content\/uploads\/2025\/10\/1758902319489-scaled.jpg\" data-id=\"3972\" data-link=\"https:\/\/liquencentroculturalvillarrica.cl\/?attachment_id=3972\" data-original-link=\"https:\/\/liquencentroculturalvillarrica.cl\/wp-content\/uploads\/2025\/10\/1758902319489-scaled.jpg\" class=\"wp-block-getwid-images-slider__image wp-image-3972\" srcset=\"https:\/\/liquencentroculturalvillarrica.cl\/wp-content\/uploads\/2025\/10\/1758902319489-scaled.jpg 2560w, https:\/\/liquencentroculturalvillarrica.cl\/wp-content\/uploads\/2025\/10\/1758902319489-300x169.jpg 300w, https:\/\/liquencentroculturalvillarrica.cl\/wp-content\/uploads\/2025\/10\/1758902319489-1024x576.jpg 1024w, https:\/\/liquencentroculturalvillarrica.cl\/wp-content\/uploads\/2025\/10\/1758902319489-768x432.jpg 768w, https:\/\/liquencentroculturalvillarrica.cl\/wp-content\/uploads\/2025\/10\/1758902319489-1536x864.jpg 1536w, https:\/\/liquencentroculturalvillarrica.cl\/wp-content\/uploads\/2025\/10\/1758902319489-2048x1152.jpg 2048w\" sizes=\"auto, (max-width: 2560px) 100vw, 2560px\" \/><\/figure><\/div><div class=\"wp-block-getwid-images-slider__item\" style=\"height:400px\"><figure><img loading=\"lazy\" decoding=\"async\" width=\"2560\" height=\"1440\" src=\"https:\/\/liquencentroculturalvillarrica.cl\/wp-content\/uploads\/2025\/10\/1758902319786-scaled.jpg\" data-id=\"3975\" data-link=\"https:\/\/liquencentroculturalvillarrica.cl\/?attachment_id=3975\" data-original-link=\"https:\/\/liquencentroculturalvillarrica.cl\/wp-content\/uploads\/2025\/10\/1758902319786-scaled.jpg\" class=\"wp-block-getwid-images-slider__image wp-image-3975\" srcset=\"https:\/\/liquencentroculturalvillarrica.cl\/wp-content\/uploads\/2025\/10\/1758902319786-scaled.jpg 2560w, https:\/\/liquencentroculturalvillarrica.cl\/wp-content\/uploads\/2025\/10\/1758902319786-300x169.jpg 300w, https:\/\/liquencentroculturalvillarrica.cl\/wp-content\/uploads\/2025\/10\/1758902319786-1024x576.jpg 1024w, https:\/\/liquencentroculturalvillarrica.cl\/wp-content\/uploads\/2025\/10\/1758902319786-768x432.jpg 768w, https:\/\/liquencentroculturalvillarrica.cl\/wp-content\/uploads\/2025\/10\/1758902319786-1536x864.jpg 1536w, https:\/\/liquencentroculturalvillarrica.cl\/wp-content\/uploads\/2025\/10\/1758902319786-2048x1152.jpg 2048w\" sizes=\"auto, (max-width: 2560px) 100vw, 2560px\" \/><\/figure><\/div><div class=\"wp-block-getwid-images-slider__item\" style=\"height:400px\"><figure><img loading=\"lazy\" decoding=\"async\" width=\"2560\" height=\"1440\" src=\"https:\/\/liquencentroculturalvillarrica.cl\/wp-content\/uploads\/2025\/10\/1758901100605-scaled.jpg\" data-id=\"3971\" data-link=\"https:\/\/liquencentroculturalvillarrica.cl\/?attachment_id=3971\" data-original-link=\"https:\/\/liquencentroculturalvillarrica.cl\/wp-content\/uploads\/2025\/10\/1758901100605-scaled.jpg\" class=\"wp-block-getwid-images-slider__image wp-image-3971\" srcset=\"https:\/\/liquencentroculturalvillarrica.cl\/wp-content\/uploads\/2025\/10\/1758901100605-scaled.jpg 2560w, https:\/\/liquencentroculturalvillarrica.cl\/wp-content\/uploads\/2025\/10\/1758901100605-300x169.jpg 300w, https:\/\/liquencentroculturalvillarrica.cl\/wp-content\/uploads\/2025\/10\/1758901100605-1024x576.jpg 1024w, https:\/\/liquencentroculturalvillarrica.cl\/wp-content\/uploads\/2025\/10\/1758901100605-768x432.jpg 768w, https:\/\/liquencentroculturalvillarrica.cl\/wp-content\/uploads\/2025\/10\/1758901100605-1536x864.jpg 1536w, https:\/\/liquencentroculturalvillarrica.cl\/wp-content\/uploads\/2025\/10\/1758901100605-2048x1152.jpg 2048w\" sizes=\"auto, (max-width: 2560px) 100vw, 2560px\" \/><\/figure><\/div><div class=\"wp-block-getwid-images-slider__item\" style=\"height:400px\"><figure><img loading=\"lazy\" decoding=\"async\" width=\"2560\" height=\"1440\" src=\"https:\/\/liquencentroculturalvillarrica.cl\/wp-content\/uploads\/2025\/10\/1759340048741-scaled.jpg\" data-id=\"3970\" data-link=\"https:\/\/liquencentroculturalvillarrica.cl\/?attachment_id=3970\" data-original-link=\"https:\/\/liquencentroculturalvillarrica.cl\/wp-content\/uploads\/2025\/10\/1759340048741-scaled.jpg\" class=\"wp-block-getwid-images-slider__image wp-image-3970\" srcset=\"https:\/\/liquencentroculturalvillarrica.cl\/wp-content\/uploads\/2025\/10\/1759340048741-scaled.jpg 2560w, https:\/\/liquencentroculturalvillarrica.cl\/wp-content\/uploads\/2025\/10\/1759340048741-300x169.jpg 300w, https:\/\/liquencentroculturalvillarrica.cl\/wp-content\/uploads\/2025\/10\/1759340048741-1024x576.jpg 1024w, https:\/\/liquencentroculturalvillarrica.cl\/wp-content\/uploads\/2025\/10\/1759340048741-768x432.jpg 768w, https:\/\/liquencentroculturalvillarrica.cl\/wp-content\/uploads\/2025\/10\/1759340048741-1536x864.jpg 1536w, https:\/\/liquencentroculturalvillarrica.cl\/wp-content\/uploads\/2025\/10\/1759340048741-2048x1152.jpg 2048w\" sizes=\"auto, (max-width: 2560px) 100vw, 2560px\" \/><\/figure><\/div><div class=\"wp-block-getwid-images-slider__item\" style=\"height:400px\"><figure><img loading=\"lazy\" decoding=\"async\" width=\"2560\" height=\"1440\" src=\"https:\/\/liquencentroculturalvillarrica.cl\/wp-content\/uploads\/2025\/10\/1759508908126-scaled.jpg\" data-id=\"3969\" data-link=\"https:\/\/liquencentroculturalvillarrica.cl\/?attachment_id=3969\" data-original-link=\"https:\/\/liquencentroculturalvillarrica.cl\/wp-content\/uploads\/2025\/10\/1759508908126-scaled.jpg\" class=\"wp-block-getwid-images-slider__image wp-image-3969\" srcset=\"https:\/\/liquencentroculturalvillarrica.cl\/wp-content\/uploads\/2025\/10\/1759508908126-scaled.jpg 2560w, https:\/\/liquencentroculturalvillarrica.cl\/wp-content\/uploads\/2025\/10\/1759508908126-300x169.jpg 300w, https:\/\/liquencentroculturalvillarrica.cl\/wp-content\/uploads\/2025\/10\/1759508908126-1024x576.jpg 1024w, https:\/\/liquencentroculturalvillarrica.cl\/wp-content\/uploads\/2025\/10\/1759508908126-768x432.jpg 768w, https:\/\/liquencentroculturalvillarrica.cl\/wp-content\/uploads\/2025\/10\/1759508908126-1536x864.jpg 1536w, https:\/\/liquencentroculturalvillarrica.cl\/wp-content\/uploads\/2025\/10\/1759508908126-2048x1152.jpg 2048w\" sizes=\"auto, (max-width: 2560px) 100vw, 2560px\" \/><\/figure><\/div><div class=\"wp-block-getwid-images-slider__item\" style=\"height:400px\"><figure><img loading=\"lazy\" decoding=\"async\" width=\"2560\" height=\"1440\" src=\"https:\/\/liquencentroculturalvillarrica.cl\/wp-content\/uploads\/2025\/10\/1759508908088-scaled.jpg\" data-id=\"3968\" data-link=\"https:\/\/liquencentroculturalvillarrica.cl\/?attachment_id=3968\" data-original-link=\"https:\/\/liquencentroculturalvillarrica.cl\/wp-content\/uploads\/2025\/10\/1759508908088-scaled.jpg\" class=\"wp-block-getwid-images-slider__image wp-image-3968\" srcset=\"https:\/\/liquencentroculturalvillarrica.cl\/wp-content\/uploads\/2025\/10\/1759508908088-scaled.jpg 2560w, https:\/\/liquencentroculturalvillarrica.cl\/wp-content\/uploads\/2025\/10\/1759508908088-300x169.jpg 300w, https:\/\/liquencentroculturalvillarrica.cl\/wp-content\/uploads\/2025\/10\/1759508908088-1024x576.jpg 1024w, https:\/\/liquencentroculturalvillarrica.cl\/wp-content\/uploads\/2025\/10\/1759508908088-768x432.jpg 768w, https:\/\/liquencentroculturalvillarrica.cl\/wp-content\/uploads\/2025\/10\/1759508908088-1536x864.jpg 1536w, https:\/\/liquencentroculturalvillarrica.cl\/wp-content\/uploads\/2025\/10\/1759508908088-2048x1152.jpg 2048w\" sizes=\"auto, (max-width: 2560px) 100vw, 2560px\" \/><\/figure><\/div><div class=\"wp-block-getwid-images-slider__item\" style=\"height:400px\"><figure><img loading=\"lazy\" decoding=\"async\" width=\"2560\" height=\"1440\" src=\"https:\/\/liquencentroculturalvillarrica.cl\/wp-content\/uploads\/2025\/10\/1759508211458-scaled.jpg\" data-id=\"3967\" data-link=\"https:\/\/liquencentroculturalvillarrica.cl\/?attachment_id=3967\" data-original-link=\"https:\/\/liquencentroculturalvillarrica.cl\/wp-content\/uploads\/2025\/10\/1759508211458-scaled.jpg\" class=\"wp-block-getwid-images-slider__image wp-image-3967\" srcset=\"https:\/\/liquencentroculturalvillarrica.cl\/wp-content\/uploads\/2025\/10\/1759508211458-scaled.jpg 2560w, https:\/\/liquencentroculturalvillarrica.cl\/wp-content\/uploads\/2025\/10\/1759508211458-300x169.jpg 300w, https:\/\/liquencentroculturalvillarrica.cl\/wp-content\/uploads\/2025\/10\/1759508211458-1024x576.jpg 1024w, https:\/\/liquencentroculturalvillarrica.cl\/wp-content\/uploads\/2025\/10\/1759508211458-768x432.jpg 768w, https:\/\/liquencentroculturalvillarrica.cl\/wp-content\/uploads\/2025\/10\/1759508211458-1536x864.jpg 1536w, https:\/\/liquencentroculturalvillarrica.cl\/wp-content\/uploads\/2025\/10\/1759508211458-2048x1152.jpg 2048w\" sizes=\"auto, (max-width: 2560px) 100vw, 2560px\" \/><\/figure><\/div><div class=\"wp-block-getwid-images-slider__item\" style=\"height:400px\"><figure><img loading=\"lazy\" decoding=\"async\" width=\"2560\" height=\"1440\" src=\"https:\/\/liquencentroculturalvillarrica.cl\/wp-content\/uploads\/2025\/10\/1759508211414-scaled.jpg\" data-id=\"3966\" data-link=\"https:\/\/liquencentroculturalvillarrica.cl\/?attachment_id=3966\" data-original-link=\"https:\/\/liquencentroculturalvillarrica.cl\/wp-content\/uploads\/2025\/10\/1759508211414-scaled.jpg\" class=\"wp-block-getwid-images-slider__image wp-image-3966\" srcset=\"https:\/\/liquencentroculturalvillarrica.cl\/wp-content\/uploads\/2025\/10\/1759508211414-scaled.jpg 2560w, https:\/\/liquencentroculturalvillarrica.cl\/wp-content\/uploads\/2025\/10\/1759508211414-300x169.jpg 300w, https:\/\/liquencentroculturalvillarrica.cl\/wp-content\/uploads\/2025\/10\/1759508211414-1024x576.jpg 1024w, https:\/\/liquencentroculturalvillarrica.cl\/wp-content\/uploads\/2025\/10\/1759508211414-768x432.jpg 768w, https:\/\/liquencentroculturalvillarrica.cl\/wp-content\/uploads\/2025\/10\/1759508211414-1536x864.jpg 1536w, https:\/\/liquencentroculturalvillarrica.cl\/wp-content\/uploads\/2025\/10\/1759508211414-2048x1152.jpg 2048w\" sizes=\"auto, (max-width: 2560px) 100vw, 2560px\" \/><\/figure><\/div><\/div><\/div>\n\n\n\n<div style=\"height:30px\" aria-hidden=\"true\" class=\"wp-block-spacer\"><\/div>\n\n\n\n<p><strong>Ballet Folcl\u00f3rico en Arica<\/strong><\/p>\n\n\n\n<p>Nuestra cultura local se vio muy bien representada en un evento art\u00edstico de car\u00e1cter Internacional realizado en la ciudad de la eterna primavera Arica. Mediante un proyecto de extensi\u00f3n, fue el Ballet Folcl\u00f3rico Municipal que viaj\u00f3 representando a Villarrica a la puerta norte Arica invitados por el colegio Liceo Art\u00edstico Juan No\u00e9 Crevani. Un Intercambio Cultural, que reuni\u00f3 a representantes internacionales en una verdadera fiesta folcl\u00f3rica que permite a los representantes de la hist\u00f3rica ciudad de Villarrica, mostrar nuestras ra\u00edces ancestrales a los centenares de asistentes a las diversas presentaciones que incluyeron colegios, clubes de adultos mayores y el teatro municipal de Arica.<\/p>\n\n\n\n<div class=\"wp-block-getwid-images-slider has-arrows-inside has-dots-inside is-carousel has-slides-gap-none has-images-center has-cropped-images has-fixed-height alignwide\"><div class=\"wp-block-getwid-images-slider__wrapper\" data-effect=\"slide\" data-slides-show=\"3\" data-slides-show-laptop=\"1\" data-slides-show-tablet=\"1\" data-slides-show-mobile=\"1\" data-slides-scroll=\"1\" data-autoplay=\"true\" data-pause-hover=\"false\" data-autoplay-speed=\"6000\" data-infinite=\"true\" data-animation-speed=\"800\" data-center-mode=\"true\" data-variable-width=\"true\" data-arrows=\"inside\" data-dots=\"inside\" data-spacing=\"none\"><div class=\"wp-block-getwid-images-slider__item\" style=\"height:400px\"><figure><img loading=\"lazy\" decoding=\"async\" width=\"2560\" height=\"1920\" src=\"https:\/\/liquencentroculturalvillarrica.cl\/wp-content\/uploads\/2025\/10\/1754923083485-scaled.jpg\" data-id=\"4010\" data-link=\"https:\/\/liquencentroculturalvillarrica.cl\/?attachment_id=4010\" data-original-link=\"https:\/\/liquencentroculturalvillarrica.cl\/wp-content\/uploads\/2025\/10\/1754923083485-scaled.jpg\" class=\"wp-block-getwid-images-slider__image wp-image-4010\" srcset=\"https:\/\/liquencentroculturalvillarrica.cl\/wp-content\/uploads\/2025\/10\/1754923083485-scaled.jpg 2560w, https:\/\/liquencentroculturalvillarrica.cl\/wp-content\/uploads\/2025\/10\/1754923083485-300x225.jpg 300w, https:\/\/liquencentroculturalvillarrica.cl\/wp-content\/uploads\/2025\/10\/1754923083485-1024x768.jpg 1024w, https:\/\/liquencentroculturalvillarrica.cl\/wp-content\/uploads\/2025\/10\/1754923083485-768x576.jpg 768w, https:\/\/liquencentroculturalvillarrica.cl\/wp-content\/uploads\/2025\/10\/1754923083485-1536x1152.jpg 1536w, https:\/\/liquencentroculturalvillarrica.cl\/wp-content\/uploads\/2025\/10\/1754923083485-2048x1536.jpg 2048w\" sizes=\"auto, (max-width: 2560px) 100vw, 2560px\" \/><\/figure><\/div><div class=\"wp-block-getwid-images-slider__item\" style=\"height:400px\"><figure><img loading=\"lazy\" decoding=\"async\" width=\"2560\" height=\"1920\" src=\"https:\/\/liquencentroculturalvillarrica.cl\/wp-content\/uploads\/2025\/10\/1754924366907-scaled.jpg\" data-id=\"4011\" data-link=\"https:\/\/liquencentroculturalvillarrica.cl\/?attachment_id=4011\" data-original-link=\"https:\/\/liquencentroculturalvillarrica.cl\/wp-content\/uploads\/2025\/10\/1754924366907-scaled.jpg\" class=\"wp-block-getwid-images-slider__image wp-image-4011\" srcset=\"https:\/\/liquencentroculturalvillarrica.cl\/wp-content\/uploads\/2025\/10\/1754924366907-scaled.jpg 2560w, https:\/\/liquencentroculturalvillarrica.cl\/wp-content\/uploads\/2025\/10\/1754924366907-300x225.jpg 300w, https:\/\/liquencentroculturalvillarrica.cl\/wp-content\/uploads\/2025\/10\/1754924366907-1024x768.jpg 1024w, https:\/\/liquencentroculturalvillarrica.cl\/wp-content\/uploads\/2025\/10\/1754924366907-768x576.jpg 768w, https:\/\/liquencentroculturalvillarrica.cl\/wp-content\/uploads\/2025\/10\/1754924366907-1536x1152.jpg 1536w, https:\/\/liquencentroculturalvillarrica.cl\/wp-content\/uploads\/2025\/10\/1754924366907-2048x1536.jpg 2048w\" sizes=\"auto, (max-width: 2560px) 100vw, 2560px\" \/><\/figure><\/div><div class=\"wp-block-getwid-images-slider__item\" style=\"height:400px\"><figure><img loading=\"lazy\" decoding=\"async\" width=\"2560\" height=\"1920\" src=\"https:\/\/liquencentroculturalvillarrica.cl\/wp-content\/uploads\/2025\/10\/1754924366917-scaled.jpg\" data-id=\"4012\" data-link=\"https:\/\/liquencentroculturalvillarrica.cl\/?attachment_id=4012\" data-original-link=\"https:\/\/liquencentroculturalvillarrica.cl\/wp-content\/uploads\/2025\/10\/1754924366917-scaled.jpg\" class=\"wp-block-getwid-images-slider__image wp-image-4012\" srcset=\"https:\/\/liquencentroculturalvillarrica.cl\/wp-content\/uploads\/2025\/10\/1754924366917-scaled.jpg 2560w, https:\/\/liquencentroculturalvillarrica.cl\/wp-content\/uploads\/2025\/10\/1754924366917-300x225.jpg 300w, https:\/\/liquencentroculturalvillarrica.cl\/wp-content\/uploads\/2025\/10\/1754924366917-1024x768.jpg 1024w, https:\/\/liquencentroculturalvillarrica.cl\/wp-content\/uploads\/2025\/10\/1754924366917-768x576.jpg 768w, https:\/\/liquencentroculturalvillarrica.cl\/wp-content\/uploads\/2025\/10\/1754924366917-1536x1152.jpg 1536w, https:\/\/liquencentroculturalvillarrica.cl\/wp-content\/uploads\/2025\/10\/1754924366917-2048x1536.jpg 2048w\" sizes=\"auto, (max-width: 2560px) 100vw, 2560px\" \/><\/figure><\/div><div class=\"wp-block-getwid-images-slider__item\" style=\"height:400px\"><figure><img loading=\"lazy\" decoding=\"async\" width=\"2560\" height=\"1920\" src=\"https:\/\/liquencentroculturalvillarrica.cl\/wp-content\/uploads\/2025\/10\/1754924367032-scaled.jpg\" data-id=\"4013\" data-link=\"https:\/\/liquencentroculturalvillarrica.cl\/?attachment_id=4013\" data-original-link=\"https:\/\/liquencentroculturalvillarrica.cl\/wp-content\/uploads\/2025\/10\/1754924367032-scaled.jpg\" class=\"wp-block-getwid-images-slider__image wp-image-4013\" srcset=\"https:\/\/liquencentroculturalvillarrica.cl\/wp-content\/uploads\/2025\/10\/1754924367032-scaled.jpg 2560w, https:\/\/liquencentroculturalvillarrica.cl\/wp-content\/uploads\/2025\/10\/1754924367032-300x225.jpg 300w, https:\/\/liquencentroculturalvillarrica.cl\/wp-content\/uploads\/2025\/10\/1754924367032-1024x768.jpg 1024w, https:\/\/liquencentroculturalvillarrica.cl\/wp-content\/uploads\/2025\/10\/1754924367032-768x576.jpg 768w, https:\/\/liquencentroculturalvillarrica.cl\/wp-content\/uploads\/2025\/10\/1754924367032-1536x1152.jpg 1536w, https:\/\/liquencentroculturalvillarrica.cl\/wp-content\/uploads\/2025\/10\/1754924367032-2048x1536.jpg 2048w\" sizes=\"auto, (max-width: 2560px) 100vw, 2560px\" \/><\/figure><\/div><div class=\"wp-block-getwid-images-slider__item\" style=\"height:400px\"><figure><img loading=\"lazy\" decoding=\"async\" width=\"2560\" height=\"1440\" src=\"https:\/\/liquencentroculturalvillarrica.cl\/wp-content\/uploads\/2025\/10\/1754925271616-scaled.jpg\" data-id=\"4014\" data-link=\"https:\/\/liquencentroculturalvillarrica.cl\/?attachment_id=4014\" data-original-link=\"https:\/\/liquencentroculturalvillarrica.cl\/wp-content\/uploads\/2025\/10\/1754925271616-scaled.jpg\" class=\"wp-block-getwid-images-slider__image wp-image-4014\" srcset=\"https:\/\/liquencentroculturalvillarrica.cl\/wp-content\/uploads\/2025\/10\/1754925271616-scaled.jpg 2560w, https:\/\/liquencentroculturalvillarrica.cl\/wp-content\/uploads\/2025\/10\/1754925271616-300x169.jpg 300w, https:\/\/liquencentroculturalvillarrica.cl\/wp-content\/uploads\/2025\/10\/1754925271616-1024x576.jpg 1024w, https:\/\/liquencentroculturalvillarrica.cl\/wp-content\/uploads\/2025\/10\/1754925271616-768x432.jpg 768w, https:\/\/liquencentroculturalvillarrica.cl\/wp-content\/uploads\/2025\/10\/1754925271616-1536x864.jpg 1536w, https:\/\/liquencentroculturalvillarrica.cl\/wp-content\/uploads\/2025\/10\/1754925271616-2048x1152.jpg 2048w\" sizes=\"auto, (max-width: 2560px) 100vw, 2560px\" \/><\/figure><\/div><div class=\"wp-block-getwid-images-slider__item\" style=\"height:400px\"><figure><img loading=\"lazy\" decoding=\"async\" width=\"2560\" height=\"1920\" src=\"https:\/\/liquencentroculturalvillarrica.cl\/wp-content\/uploads\/2025\/10\/1754931109677-scaled.jpg\" data-id=\"4015\" data-link=\"https:\/\/liquencentroculturalvillarrica.cl\/?attachment_id=4015\" data-original-link=\"https:\/\/liquencentroculturalvillarrica.cl\/wp-content\/uploads\/2025\/10\/1754931109677-scaled.jpg\" class=\"wp-block-getwid-images-slider__image wp-image-4015\" srcset=\"https:\/\/liquencentroculturalvillarrica.cl\/wp-content\/uploads\/2025\/10\/1754931109677-scaled.jpg 2560w, https:\/\/liquencentroculturalvillarrica.cl\/wp-content\/uploads\/2025\/10\/1754931109677-300x225.jpg 300w, https:\/\/liquencentroculturalvillarrica.cl\/wp-content\/uploads\/2025\/10\/1754931109677-1024x768.jpg 1024w, https:\/\/liquencentroculturalvillarrica.cl\/wp-content\/uploads\/2025\/10\/1754931109677-768x576.jpg 768w, https:\/\/liquencentroculturalvillarrica.cl\/wp-content\/uploads\/2025\/10\/1754931109677-1536x1152.jpg 1536w, https:\/\/liquencentroculturalvillarrica.cl\/wp-content\/uploads\/2025\/10\/1754931109677-2048x1536.jpg 2048w\" sizes=\"auto, (max-width: 2560px) 100vw, 2560px\" \/><\/figure><\/div><div class=\"wp-block-getwid-images-slider__item\" style=\"height:400px\"><figure><img loading=\"lazy\" decoding=\"async\" width=\"2560\" height=\"1920\" src=\"https:\/\/liquencentroculturalvillarrica.cl\/wp-content\/uploads\/2025\/10\/1754931110106-scaled.jpg\" data-id=\"4016\" data-link=\"https:\/\/liquencentroculturalvillarrica.cl\/?attachment_id=4016\" data-original-link=\"https:\/\/liquencentroculturalvillarrica.cl\/wp-content\/uploads\/2025\/10\/1754931110106-scaled.jpg\" class=\"wp-block-getwid-images-slider__image wp-image-4016\" srcset=\"https:\/\/liquencentroculturalvillarrica.cl\/wp-content\/uploads\/2025\/10\/1754931110106-scaled.jpg 2560w, https:\/\/liquencentroculturalvillarrica.cl\/wp-content\/uploads\/2025\/10\/1754931110106-300x225.jpg 300w, https:\/\/liquencentroculturalvillarrica.cl\/wp-content\/uploads\/2025\/10\/1754931110106-1024x768.jpg 1024w, https:\/\/liquencentroculturalvillarrica.cl\/wp-content\/uploads\/2025\/10\/1754931110106-768x576.jpg 768w, https:\/\/liquencentroculturalvillarrica.cl\/wp-content\/uploads\/2025\/10\/1754931110106-1536x1152.jpg 1536w, https:\/\/liquencentroculturalvillarrica.cl\/wp-content\/uploads\/2025\/10\/1754931110106-2048x1536.jpg 2048w\" sizes=\"auto, (max-width: 2560px) 100vw, 2560px\" \/><\/figure><\/div><div class=\"wp-block-getwid-images-slider__item\" style=\"height:400px\"><figure><img loading=\"lazy\" decoding=\"async\" width=\"2560\" height=\"1440\" src=\"https:\/\/liquencentroculturalvillarrica.cl\/wp-content\/uploads\/2025\/10\/1754931110177-scaled.jpg\" data-id=\"4017\" data-link=\"https:\/\/liquencentroculturalvillarrica.cl\/?attachment_id=4017\" data-original-link=\"https:\/\/liquencentroculturalvillarrica.cl\/wp-content\/uploads\/2025\/10\/1754931110177-scaled.jpg\" class=\"wp-block-getwid-images-slider__image wp-image-4017\" srcset=\"https:\/\/liquencentroculturalvillarrica.cl\/wp-content\/uploads\/2025\/10\/1754931110177-scaled.jpg 2560w, https:\/\/liquencentroculturalvillarrica.cl\/wp-content\/uploads\/2025\/10\/1754931110177-300x169.jpg 300w, https:\/\/liquencentroculturalvillarrica.cl\/wp-content\/uploads\/2025\/10\/1754931110177-1024x576.jpg 1024w, https:\/\/liquencentroculturalvillarrica.cl\/wp-content\/uploads\/2025\/10\/1754931110177-768x432.jpg 768w, https:\/\/liquencentroculturalvillarrica.cl\/wp-content\/uploads\/2025\/10\/1754931110177-1536x864.jpg 1536w, https:\/\/liquencentroculturalvillarrica.cl\/wp-content\/uploads\/2025\/10\/1754931110177-2048x1152.jpg 2048w\" sizes=\"auto, (max-width: 2560px) 100vw, 2560px\" \/><\/figure><\/div><div class=\"wp-block-getwid-images-slider__item\" style=\"height:400px\"><figure><img loading=\"lazy\" decoding=\"async\" width=\"2560\" height=\"1920\" src=\"https:\/\/liquencentroculturalvillarrica.cl\/wp-content\/uploads\/2025\/10\/1755036764740-scaled.jpg\" data-id=\"4018\" data-link=\"https:\/\/liquencentroculturalvillarrica.cl\/?attachment_id=4018\" data-original-link=\"https:\/\/liquencentroculturalvillarrica.cl\/wp-content\/uploads\/2025\/10\/1755036764740-scaled.jpg\" class=\"wp-block-getwid-images-slider__image wp-image-4018\" srcset=\"https:\/\/liquencentroculturalvillarrica.cl\/wp-content\/uploads\/2025\/10\/1755036764740-scaled.jpg 2560w, https:\/\/liquencentroculturalvillarrica.cl\/wp-content\/uploads\/2025\/10\/1755036764740-300x225.jpg 300w, https:\/\/liquencentroculturalvillarrica.cl\/wp-content\/uploads\/2025\/10\/1755036764740-1024x768.jpg 1024w, https:\/\/liquencentroculturalvillarrica.cl\/wp-content\/uploads\/2025\/10\/1755036764740-768x576.jpg 768w, https:\/\/liquencentroculturalvillarrica.cl\/wp-content\/uploads\/2025\/10\/1755036764740-1536x1152.jpg 1536w, https:\/\/liquencentroculturalvillarrica.cl\/wp-content\/uploads\/2025\/10\/1755036764740-2048x1536.jpg 2048w\" sizes=\"auto, (max-width: 2560px) 100vw, 2560px\" \/><\/figure><\/div><div class=\"wp-block-getwid-images-slider__item\" style=\"height:400px\"><figure><img loading=\"lazy\" decoding=\"async\" width=\"2560\" height=\"1920\" src=\"https:\/\/liquencentroculturalvillarrica.cl\/wp-content\/uploads\/2025\/10\/1755036765127-scaled.jpg\" data-id=\"4019\" data-link=\"https:\/\/liquencentroculturalvillarrica.cl\/?attachment_id=4019\" data-original-link=\"https:\/\/liquencentroculturalvillarrica.cl\/wp-content\/uploads\/2025\/10\/1755036765127-scaled.jpg\" class=\"wp-block-getwid-images-slider__image wp-image-4019\" srcset=\"https:\/\/liquencentroculturalvillarrica.cl\/wp-content\/uploads\/2025\/10\/1755036765127-scaled.jpg 2560w, https:\/\/liquencentroculturalvillarrica.cl\/wp-content\/uploads\/2025\/10\/1755036765127-300x225.jpg 300w, https:\/\/liquencentroculturalvillarrica.cl\/wp-content\/uploads\/2025\/10\/1755036765127-1024x768.jpg 1024w, https:\/\/liquencentroculturalvillarrica.cl\/wp-content\/uploads\/2025\/10\/1755036765127-768x576.jpg 768w, https:\/\/liquencentroculturalvillarrica.cl\/wp-content\/uploads\/2025\/10\/1755036765127-1536x1152.jpg 1536w, https:\/\/liquencentroculturalvillarrica.cl\/wp-content\/uploads\/2025\/10\/1755036765127-2048x1536.jpg 2048w\" sizes=\"auto, (max-width: 2560px) 100vw, 2560px\" \/><\/figure><\/div><div class=\"wp-block-getwid-images-slider__item\" style=\"height:400px\"><figure><img loading=\"lazy\" decoding=\"async\" width=\"2560\" height=\"1920\" src=\"https:\/\/liquencentroculturalvillarrica.cl\/wp-content\/uploads\/2025\/10\/1755036765164-scaled.jpg\" data-id=\"4020\" data-link=\"https:\/\/liquencentroculturalvillarrica.cl\/?attachment_id=4020\" data-original-link=\"https:\/\/liquencentroculturalvillarrica.cl\/wp-content\/uploads\/2025\/10\/1755036765164-scaled.jpg\" class=\"wp-block-getwid-images-slider__image wp-image-4020\" srcset=\"https:\/\/liquencentroculturalvillarrica.cl\/wp-content\/uploads\/2025\/10\/1755036765164-scaled.jpg 2560w, https:\/\/liquencentroculturalvillarrica.cl\/wp-content\/uploads\/2025\/10\/1755036765164-300x225.jpg 300w, https:\/\/liquencentroculturalvillarrica.cl\/wp-content\/uploads\/2025\/10\/1755036765164-1024x768.jpg 1024w, https:\/\/liquencentroculturalvillarrica.cl\/wp-content\/uploads\/2025\/10\/1755036765164-768x576.jpg 768w, https:\/\/liquencentroculturalvillarrica.cl\/wp-content\/uploads\/2025\/10\/1755036765164-1536x1152.jpg 1536w, https:\/\/liquencentroculturalvillarrica.cl\/wp-content\/uploads\/2025\/10\/1755036765164-2048x1536.jpg 2048w\" sizes=\"auto, (max-width: 2560px) 100vw, 2560px\" \/><\/figure><\/div><div class=\"wp-block-getwid-images-slider__item\" style=\"height:400px\"><figure><img loading=\"lazy\" decoding=\"async\" width=\"2560\" height=\"1920\" src=\"https:\/\/liquencentroculturalvillarrica.cl\/wp-content\/uploads\/2025\/10\/1756846136996-scaled.jpg\" data-id=\"4021\" data-link=\"https:\/\/liquencentroculturalvillarrica.cl\/?attachment_id=4021\" data-original-link=\"https:\/\/liquencentroculturalvillarrica.cl\/wp-content\/uploads\/2025\/10\/1756846136996-scaled.jpg\" class=\"wp-block-getwid-images-slider__image wp-image-4021\" srcset=\"https:\/\/liquencentroculturalvillarrica.cl\/wp-content\/uploads\/2025\/10\/1756846136996-scaled.jpg 2560w, https:\/\/liquencentroculturalvillarrica.cl\/wp-content\/uploads\/2025\/10\/1756846136996-300x225.jpg 300w, https:\/\/liquencentroculturalvillarrica.cl\/wp-content\/uploads\/2025\/10\/1756846136996-1024x768.jpg 1024w, https:\/\/liquencentroculturalvillarrica.cl\/wp-content\/uploads\/2025\/10\/1756846136996-768x576.jpg 768w, https:\/\/liquencentroculturalvillarrica.cl\/wp-content\/uploads\/2025\/10\/1756846136996-1536x1152.jpg 1536w, https:\/\/liquencentroculturalvillarrica.cl\/wp-content\/uploads\/2025\/10\/1756846136996-2048x1536.jpg 2048w\" sizes=\"auto, (max-width: 2560px) 100vw, 2560px\" \/><\/figure><\/div><div class=\"wp-block-getwid-images-slider__item\" style=\"height:400px\"><figure><img loading=\"lazy\" decoding=\"async\" width=\"2560\" height=\"1440\" src=\"https:\/\/liquencentroculturalvillarrica.cl\/wp-content\/uploads\/2025\/10\/1757521560952-scaled.jpg\" data-id=\"4022\" data-link=\"https:\/\/liquencentroculturalvillarrica.cl\/?attachment_id=4022\" data-original-link=\"https:\/\/liquencentroculturalvillarrica.cl\/wp-content\/uploads\/2025\/10\/1757521560952-scaled.jpg\" class=\"wp-block-getwid-images-slider__image wp-image-4022\" srcset=\"https:\/\/liquencentroculturalvillarrica.cl\/wp-content\/uploads\/2025\/10\/1757521560952-scaled.jpg 2560w, https:\/\/liquencentroculturalvillarrica.cl\/wp-content\/uploads\/2025\/10\/1757521560952-300x169.jpg 300w, https:\/\/liquencentroculturalvillarrica.cl\/wp-content\/uploads\/2025\/10\/1757521560952-1024x576.jpg 1024w, https:\/\/liquencentroculturalvillarrica.cl\/wp-content\/uploads\/2025\/10\/1757521560952-768x432.jpg 768w, https:\/\/liquencentroculturalvillarrica.cl\/wp-content\/uploads\/2025\/10\/1757521560952-1536x864.jpg 1536w, https:\/\/liquencentroculturalvillarrica.cl\/wp-content\/uploads\/2025\/10\/1757521560952-2048x1152.jpg 2048w\" sizes=\"auto, (max-width: 2560px) 100vw, 2560px\" \/><\/figure><\/div><div class=\"wp-block-getwid-images-slider__item\" style=\"height:400px\"><figure><img loading=\"lazy\" decoding=\"async\" width=\"2560\" height=\"1920\" src=\"https:\/\/liquencentroculturalvillarrica.cl\/wp-content\/uploads\/2025\/10\/1756847778770-scaled.jpg\" data-id=\"4023\" data-link=\"https:\/\/liquencentroculturalvillarrica.cl\/?attachment_id=4023\" data-original-link=\"https:\/\/liquencentroculturalvillarrica.cl\/wp-content\/uploads\/2025\/10\/1756847778770-scaled.jpg\" class=\"wp-block-getwid-images-slider__image wp-image-4023\" srcset=\"https:\/\/liquencentroculturalvillarrica.cl\/wp-content\/uploads\/2025\/10\/1756847778770-scaled.jpg 2560w, https:\/\/liquencentroculturalvillarrica.cl\/wp-content\/uploads\/2025\/10\/1756847778770-300x225.jpg 300w, https:\/\/liquencentroculturalvillarrica.cl\/wp-content\/uploads\/2025\/10\/1756847778770-1024x768.jpg 1024w, https:\/\/liquencentroculturalvillarrica.cl\/wp-content\/uploads\/2025\/10\/1756847778770-768x576.jpg 768w, https:\/\/liquencentroculturalvillarrica.cl\/wp-content\/uploads\/2025\/10\/1756847778770-1536x1152.jpg 1536w, https:\/\/liquencentroculturalvillarrica.cl\/wp-content\/uploads\/2025\/10\/1756847778770-2048x1536.jpg 2048w\" sizes=\"auto, (max-width: 2560px) 100vw, 2560px\" \/><\/figure><\/div><div class=\"wp-block-getwid-images-slider__item\" style=\"height:400px\"><figure><img loading=\"lazy\" decoding=\"async\" width=\"2560\" height=\"1920\" src=\"https:\/\/liquencentroculturalvillarrica.cl\/wp-content\/uploads\/2025\/10\/1756847193016-scaled.jpg\" data-id=\"4024\" data-link=\"https:\/\/liquencentroculturalvillarrica.cl\/?attachment_id=4024\" data-original-link=\"https:\/\/liquencentroculturalvillarrica.cl\/wp-content\/uploads\/2025\/10\/1756847193016-scaled.jpg\" class=\"wp-block-getwid-images-slider__image wp-image-4024\" srcset=\"https:\/\/liquencentroculturalvillarrica.cl\/wp-content\/uploads\/2025\/10\/1756847193016-scaled.jpg 2560w, https:\/\/liquencentroculturalvillarrica.cl\/wp-content\/uploads\/2025\/10\/1756847193016-300x225.jpg 300w, https:\/\/liquencentroculturalvillarrica.cl\/wp-content\/uploads\/2025\/10\/1756847193016-1024x768.jpg 1024w, https:\/\/liquencentroculturalvillarrica.cl\/wp-content\/uploads\/2025\/10\/1756847193016-768x576.jpg 768w, https:\/\/liquencentroculturalvillarrica.cl\/wp-content\/uploads\/2025\/10\/1756847193016-1536x1152.jpg 1536w, https:\/\/liquencentroculturalvillarrica.cl\/wp-content\/uploads\/2025\/10\/1756847193016-2048x1536.jpg 2048w\" sizes=\"auto, (max-width: 2560px) 100vw, 2560px\" \/><\/figure><\/div><\/div><\/div>\n\n\n\n<p><em>Im\u00e1genes por Alejandro Escobar &#8211; Redes Sociales Liquen<\/em><\/p>\n\n\n\n<p><em>Nota por Allan Carrasco &#8211; Relaciones p\u00fablicas Liquen<\/em><\/p>\n","protected":false},"excerpt":{"rendered":"<p>&nbsp;Asi quedo claro con la parrilla de artistas que Liquen present\u00f3 en la mitad del 2025 donde se desarrollaron exitosas presentaciones de artistas locales en los espect\u00e1culos de&nbsp; Rock ac\u00fastico, performance de \u201cTango\u201d en instrumentos cl\u00e1sicos,&nbsp; \u201cAc\u00fastico de Mujeres\u201d , exposici\u00f3n de artes visuales,&nbsp; danza el programa de Fiestas Patrias 2025&nbsp; y otros, que son&hellip;&nbsp;<a href=\"https:\/\/liquencentroculturalvillarrica.cl\/?p=4009\" rel=\"bookmark\">Leer m\u00e1s &raquo;<span class=\"screen-reader-text\">IDENTIDAD LOCAL SIGUE SIENDO EL FOCO DE LIQUEN CENTRO CULTURAL MUNICIPAL DE VILLARRICA<\/span><\/a><\/p>\n","protected":false},"author":1,"featured_media":3993,"comment_status":"open","ping_status":"open","sticky":false,"template":"","format":"standard","meta":{"neve_meta_sidebar":"","neve_meta_container":"","neve_meta_enable_content_width":"","neve_meta_content_width":0,"neve_meta_title_alignment":"","neve_meta_author_avatar":"","neve_post_elements_order":"","neve_meta_disable_header":"","neve_meta_disable_footer":"","neve_meta_disable_title":"","footnotes":""},"categories":[20,5],"tags":[32,36,33,34,30],"class_list":["post-4009","post","type-post","status-publish","format-standard","has-post-thumbnail","hentry","category-danza","category-noticias","tag-arica","tag-artistas","tag-ballet-folclorico","tag-cultura","tag-intercambio"],"yoast_head":"<!-- This site is optimized with the Yoast SEO plugin v26.7 - https:\/\/yoast.com\/wordpress\/plugins\/seo\/ -->\n<title>Nota identidad local e intercambio cultural<\/title>\n<meta name=\"description\" content=\"Identidad local con diferentes disciplinas presentadas en Liquen e intercambio cultural Arica - Villarrica.\" \/>\n<meta name=\"robots\" content=\"index, follow, max-snippet:-1, max-image-preview:large, max-video-preview:-1\" \/>\n<link rel=\"canonical\" href=\"https:\/\/liquencentroculturalvillarrica.cl\/?p=4009\" \/>\n<meta property=\"og:locale\" content=\"es_ES\" \/>\n<meta property=\"og:type\" content=\"article\" \/>\n<meta property=\"og:title\" content=\"Nota identidad local e intercambio cultural\" \/>\n<meta property=\"og:description\" content=\"Identidad local con diferentes disciplinas presentadas en Liquen e intercambio cultural Arica - Villarrica.\" \/>\n<meta property=\"og:url\" content=\"https:\/\/liquencentroculturalvillarrica.cl\/?p=4009\" \/>\n<meta property=\"og:site_name\" content=\"Liquen Centro Cultural\" \/>\n<meta property=\"article:publisher\" content=\"https:\/\/www.facebook.com\/profile.php?id=100085283714609\" \/>\n<meta property=\"article:published_time\" content=\"2025-10-16T15:40:33+00:00\" \/>\n<meta property=\"article:modified_time\" content=\"2025-10-16T16:45:46+00:00\" \/>\n<meta property=\"og:image\" content=\"https:\/\/liquencentroculturalvillarrica.cl\/wp-content\/uploads\/2025\/10\/1758053305153-scaled.jpg\" \/>\n\t<meta property=\"og:image:width\" content=\"2560\" \/>\n\t<meta property=\"og:image:height\" content=\"1440\" \/>\n\t<meta property=\"og:image:type\" content=\"image\/jpeg\" \/>\n<meta name=\"author\" content=\"Liquen\" \/>\n<meta name=\"twitter:card\" content=\"summary_large_image\" \/>\n<meta name=\"twitter:label1\" content=\"Escrito por\" \/>\n\t<meta name=\"twitter:data1\" content=\"Liquen\" \/>\n\t<meta name=\"twitter:label2\" content=\"Tiempo de lectura\" \/>\n\t<meta name=\"twitter:data2\" content=\"8 minutos\" \/>\n<script type=\"application\/ld+json\" class=\"yoast-schema-graph\">{\"@context\":\"https:\/\/schema.org\",\"@graph\":[{\"@type\":\"Article\",\"@id\":\"https:\/\/liquencentroculturalvillarrica.cl\/?p=4009#article\",\"isPartOf\":{\"@id\":\"https:\/\/liquencentroculturalvillarrica.cl\/?p=4009\"},\"author\":{\"name\":\"Liquen\",\"@id\":\"https:\/\/liquencentroculturalvillarrica.cl\/#\/schema\/person\/427d9157415d981616abe41a49543f36\"},\"headline\":\"IDENTIDAD LOCAL SIGUE SIENDO EL FOCO DE LIQUEN CENTRO CULTURAL MUNICIPAL DE VILLARRICA\",\"datePublished\":\"2025-10-16T15:40:33+00:00\",\"dateModified\":\"2025-10-16T16:45:46+00:00\",\"mainEntityOfPage\":{\"@id\":\"https:\/\/liquencentroculturalvillarrica.cl\/?p=4009\"},\"wordCount\":321,\"commentCount\":0,\"publisher\":{\"@id\":\"https:\/\/liquencentroculturalvillarrica.cl\/#organization\"},\"image\":{\"@id\":\"https:\/\/liquencentroculturalvillarrica.cl\/?p=4009#primaryimage\"},\"thumbnailUrl\":\"https:\/\/liquencentroculturalvillarrica.cl\/wp-content\/uploads\/2025\/10\/1758053305153-scaled.jpg\",\"keywords\":[\"arica\",\"artistas\",\"ballet folclorico\",\"cultura\",\"intercambio\"],\"articleSection\":[\"Danza\",\"Noticias\"],\"inLanguage\":\"es\",\"potentialAction\":[{\"@type\":\"CommentAction\",\"name\":\"Comment\",\"target\":[\"https:\/\/liquencentroculturalvillarrica.cl\/?p=4009#respond\"]}]},{\"@type\":\"WebPage\",\"@id\":\"https:\/\/liquencentroculturalvillarrica.cl\/?p=4009\",\"url\":\"https:\/\/liquencentroculturalvillarrica.cl\/?p=4009\",\"name\":\"Nota identidad local e intercambio cultural\",\"isPartOf\":{\"@id\":\"https:\/\/liquencentroculturalvillarrica.cl\/#website\"},\"primaryImageOfPage\":{\"@id\":\"https:\/\/liquencentroculturalvillarrica.cl\/?p=4009#primaryimage\"},\"image\":{\"@id\":\"https:\/\/liquencentroculturalvillarrica.cl\/?p=4009#primaryimage\"},\"thumbnailUrl\":\"https:\/\/liquencentroculturalvillarrica.cl\/wp-content\/uploads\/2025\/10\/1758053305153-scaled.jpg\",\"datePublished\":\"2025-10-16T15:40:33+00:00\",\"dateModified\":\"2025-10-16T16:45:46+00:00\",\"description\":\"Identidad local con diferentes disciplinas presentadas en Liquen e intercambio cultural Arica - Villarrica.\",\"breadcrumb\":{\"@id\":\"https:\/\/liquencentroculturalvillarrica.cl\/?p=4009#breadcrumb\"},\"inLanguage\":\"es\",\"potentialAction\":[{\"@type\":\"ReadAction\",\"target\":[\"https:\/\/liquencentroculturalvillarrica.cl\/?p=4009\"]}]},{\"@type\":\"ImageObject\",\"inLanguage\":\"es\",\"@id\":\"https:\/\/liquencentroculturalvillarrica.cl\/?p=4009#primaryimage\",\"url\":\"https:\/\/liquencentroculturalvillarrica.cl\/wp-content\/uploads\/2025\/10\/1758053305153-scaled.jpg\",\"contentUrl\":\"https:\/\/liquencentroculturalvillarrica.cl\/wp-content\/uploads\/2025\/10\/1758053305153-scaled.jpg\",\"width\":2560,\"height\":1440},{\"@type\":\"BreadcrumbList\",\"@id\":\"https:\/\/liquencentroculturalvillarrica.cl\/?p=4009#breadcrumb\",\"itemListElement\":[{\"@type\":\"ListItem\",\"position\":1,\"name\":\"Portada\",\"item\":\"https:\/\/liquencentroculturalvillarrica.cl\/\"},{\"@type\":\"ListItem\",\"position\":2,\"name\":\"IDENTIDAD LOCAL SIGUE SIENDO EL FOCO DE LIQUEN CENTRO CULTURAL MUNICIPAL DE VILLARRICA\"}]},{\"@type\":\"WebSite\",\"@id\":\"https:\/\/liquencentroculturalvillarrica.cl\/#website\",\"url\":\"https:\/\/liquencentroculturalvillarrica.cl\/\",\"name\":\"Liquen Centro Cultural\",\"description\":\"\",\"publisher\":{\"@id\":\"https:\/\/liquencentroculturalvillarrica.cl\/#organization\"},\"potentialAction\":[{\"@type\":\"SearchAction\",\"target\":{\"@type\":\"EntryPoint\",\"urlTemplate\":\"https:\/\/liquencentroculturalvillarrica.cl\/?s={search_term_string}\"},\"query-input\":{\"@type\":\"PropertyValueSpecification\",\"valueRequired\":true,\"valueName\":\"search_term_string\"}}],\"inLanguage\":\"es\"},{\"@type\":\"Organization\",\"@id\":\"https:\/\/liquencentroculturalvillarrica.cl\/#organization\",\"name\":\"Liquen Centro Cultural\",\"url\":\"https:\/\/liquencentroculturalvillarrica.cl\/\",\"logo\":{\"@type\":\"ImageObject\",\"inLanguage\":\"es\",\"@id\":\"https:\/\/liquencentroculturalvillarrica.cl\/#\/schema\/logo\/image\/\",\"url\":\"https:\/\/liquencentroculturalvillarrica.cl\/wp-content\/uploads\/2023\/07\/Marca-Liquen-Centro-Cultural-Municipal-Villarrica2-1_Mesa-de-trabajo-1.png\",\"contentUrl\":\"https:\/\/liquencentroculturalvillarrica.cl\/wp-content\/uploads\/2023\/07\/Marca-Liquen-Centro-Cultural-Municipal-Villarrica2-1_Mesa-de-trabajo-1.png\",\"width\":3300,\"height\":2550,\"caption\":\"Liquen Centro Cultural\"},\"image\":{\"@id\":\"https:\/\/liquencentroculturalvillarrica.cl\/#\/schema\/logo\/image\/\"},\"sameAs\":[\"https:\/\/www.facebook.com\/profile.php?id=100085283714609\",\"https:\/\/www.instagram.com\/villarricacentrocultural\/\",\"https:\/\/www.youtube.com\/channel\/UCQCChCLB8KB4ckeIXmpHNQw\"]},{\"@type\":\"Person\",\"@id\":\"https:\/\/liquencentroculturalvillarrica.cl\/#\/schema\/person\/427d9157415d981616abe41a49543f36\",\"name\":\"Liquen\",\"image\":{\"@type\":\"ImageObject\",\"inLanguage\":\"es\",\"@id\":\"https:\/\/liquencentroculturalvillarrica.cl\/#\/schema\/person\/image\/\",\"url\":\"https:\/\/secure.gravatar.com\/avatar\/c3433ef77dd4f91e7fede9f9521759ea33f87a092b5c394a0ba9665a3c4341f7?s=96&d=mm&r=g\",\"contentUrl\":\"https:\/\/secure.gravatar.com\/avatar\/c3433ef77dd4f91e7fede9f9521759ea33f87a092b5c394a0ba9665a3c4341f7?s=96&d=mm&r=g\",\"caption\":\"Liquen\"},\"sameAs\":[\"http:\/\/liquencentroculturalvillarrica.cl\"],\"url\":\"https:\/\/liquencentroculturalvillarrica.cl\/?author=1\"}]}<\/script>\n<!-- \/ Yoast SEO plugin. -->","yoast_head_json":{"title":"Nota identidad local e intercambio cultural","description":"Identidad local con diferentes disciplinas presentadas en Liquen e intercambio cultural Arica - Villarrica.","robots":{"index":"index","follow":"follow","max-snippet":"max-snippet:-1","max-image-preview":"max-image-preview:large","max-video-preview":"max-video-preview:-1"},"canonical":"https:\/\/liquencentroculturalvillarrica.cl\/?p=4009","og_locale":"es_ES","og_type":"article","og_title":"Nota identidad local e intercambio cultural","og_description":"Identidad local con diferentes disciplinas presentadas en Liquen e intercambio cultural Arica - Villarrica.","og_url":"https:\/\/liquencentroculturalvillarrica.cl\/?p=4009","og_site_name":"Liquen Centro Cultural","article_publisher":"https:\/\/www.facebook.com\/profile.php?id=100085283714609","article_published_time":"2025-10-16T15:40:33+00:00","article_modified_time":"2025-10-16T16:45:46+00:00","og_image":[{"width":2560,"height":1440,"url":"https:\/\/liquencentroculturalvillarrica.cl\/wp-content\/uploads\/2025\/10\/1758053305153-scaled.jpg","type":"image\/jpeg"}],"author":"Liquen","twitter_card":"summary_large_image","twitter_misc":{"Escrito por":"Liquen","Tiempo de lectura":"8 minutos"},"schema":{"@context":"https:\/\/schema.org","@graph":[{"@type":"Article","@id":"https:\/\/liquencentroculturalvillarrica.cl\/?p=4009#article","isPartOf":{"@id":"https:\/\/liquencentroculturalvillarrica.cl\/?p=4009"},"author":{"name":"Liquen","@id":"https:\/\/liquencentroculturalvillarrica.cl\/#\/schema\/person\/427d9157415d981616abe41a49543f36"},"headline":"IDENTIDAD LOCAL SIGUE SIENDO EL FOCO DE LIQUEN CENTRO CULTURAL MUNICIPAL DE VILLARRICA","datePublished":"2025-10-16T15:40:33+00:00","dateModified":"2025-10-16T16:45:46+00:00","mainEntityOfPage":{"@id":"https:\/\/liquencentroculturalvillarrica.cl\/?p=4009"},"wordCount":321,"commentCount":0,"publisher":{"@id":"https:\/\/liquencentroculturalvillarrica.cl\/#organization"},"image":{"@id":"https:\/\/liquencentroculturalvillarrica.cl\/?p=4009#primaryimage"},"thumbnailUrl":"https:\/\/liquencentroculturalvillarrica.cl\/wp-content\/uploads\/2025\/10\/1758053305153-scaled.jpg","keywords":["arica","artistas","ballet folclorico","cultura","intercambio"],"articleSection":["Danza","Noticias"],"inLanguage":"es","potentialAction":[{"@type":"CommentAction","name":"Comment","target":["https:\/\/liquencentroculturalvillarrica.cl\/?p=4009#respond"]}]},{"@type":"WebPage","@id":"https:\/\/liquencentroculturalvillarrica.cl\/?p=4009","url":"https:\/\/liquencentroculturalvillarrica.cl\/?p=4009","name":"Nota identidad local e intercambio cultural","isPartOf":{"@id":"https:\/\/liquencentroculturalvillarrica.cl\/#website"},"primaryImageOfPage":{"@id":"https:\/\/liquencentroculturalvillarrica.cl\/?p=4009#primaryimage"},"image":{"@id":"https:\/\/liquencentroculturalvillarrica.cl\/?p=4009#primaryimage"},"thumbnailUrl":"https:\/\/liquencentroculturalvillarrica.cl\/wp-content\/uploads\/2025\/10\/1758053305153-scaled.jpg","datePublished":"2025-10-16T15:40:33+00:00","dateModified":"2025-10-16T16:45:46+00:00","description":"Identidad local con diferentes disciplinas presentadas en Liquen e intercambio cultural Arica - Villarrica.","breadcrumb":{"@id":"https:\/\/liquencentroculturalvillarrica.cl\/?p=4009#breadcrumb"},"inLanguage":"es","potentialAction":[{"@type":"ReadAction","target":["https:\/\/liquencentroculturalvillarrica.cl\/?p=4009"]}]},{"@type":"ImageObject","inLanguage":"es","@id":"https:\/\/liquencentroculturalvillarrica.cl\/?p=4009#primaryimage","url":"https:\/\/liquencentroculturalvillarrica.cl\/wp-content\/uploads\/2025\/10\/1758053305153-scaled.jpg","contentUrl":"https:\/\/liquencentroculturalvillarrica.cl\/wp-content\/uploads\/2025\/10\/1758053305153-scaled.jpg","width":2560,"height":1440},{"@type":"BreadcrumbList","@id":"https:\/\/liquencentroculturalvillarrica.cl\/?p=4009#breadcrumb","itemListElement":[{"@type":"ListItem","position":1,"name":"Portada","item":"https:\/\/liquencentroculturalvillarrica.cl\/"},{"@type":"ListItem","position":2,"name":"IDENTIDAD LOCAL SIGUE SIENDO EL FOCO DE LIQUEN CENTRO CULTURAL MUNICIPAL DE VILLARRICA"}]},{"@type":"WebSite","@id":"https:\/\/liquencentroculturalvillarrica.cl\/#website","url":"https:\/\/liquencentroculturalvillarrica.cl\/","name":"Liquen Centro Cultural","description":"","publisher":{"@id":"https:\/\/liquencentroculturalvillarrica.cl\/#organization"},"potentialAction":[{"@type":"SearchAction","target":{"@type":"EntryPoint","urlTemplate":"https:\/\/liquencentroculturalvillarrica.cl\/?s={search_term_string}"},"query-input":{"@type":"PropertyValueSpecification","valueRequired":true,"valueName":"search_term_string"}}],"inLanguage":"es"},{"@type":"Organization","@id":"https:\/\/liquencentroculturalvillarrica.cl\/#organization","name":"Liquen Centro Cultural","url":"https:\/\/liquencentroculturalvillarrica.cl\/","logo":{"@type":"ImageObject","inLanguage":"es","@id":"https:\/\/liquencentroculturalvillarrica.cl\/#\/schema\/logo\/image\/","url":"https:\/\/liquencentroculturalvillarrica.cl\/wp-content\/uploads\/2023\/07\/Marca-Liquen-Centro-Cultural-Municipal-Villarrica2-1_Mesa-de-trabajo-1.png","contentUrl":"https:\/\/liquencentroculturalvillarrica.cl\/wp-content\/uploads\/2023\/07\/Marca-Liquen-Centro-Cultural-Municipal-Villarrica2-1_Mesa-de-trabajo-1.png","width":3300,"height":2550,"caption":"Liquen Centro Cultural"},"image":{"@id":"https:\/\/liquencentroculturalvillarrica.cl\/#\/schema\/logo\/image\/"},"sameAs":["https:\/\/www.facebook.com\/profile.php?id=100085283714609","https:\/\/www.instagram.com\/villarricacentrocultural\/","https:\/\/www.youtube.com\/channel\/UCQCChCLB8KB4ckeIXmpHNQw"]},{"@type":"Person","@id":"https:\/\/liquencentroculturalvillarrica.cl\/#\/schema\/person\/427d9157415d981616abe41a49543f36","name":"Liquen","image":{"@type":"ImageObject","inLanguage":"es","@id":"https:\/\/liquencentroculturalvillarrica.cl\/#\/schema\/person\/image\/","url":"https:\/\/secure.gravatar.com\/avatar\/c3433ef77dd4f91e7fede9f9521759ea33f87a092b5c394a0ba9665a3c4341f7?s=96&d=mm&r=g","contentUrl":"https:\/\/secure.gravatar.com\/avatar\/c3433ef77dd4f91e7fede9f9521759ea33f87a092b5c394a0ba9665a3c4341f7?s=96&d=mm&r=g","caption":"Liquen"},"sameAs":["http:\/\/liquencentroculturalvillarrica.cl"],"url":"https:\/\/liquencentroculturalvillarrica.cl\/?author=1"}]}},"featured_image_src":"https:\/\/liquencentroculturalvillarrica.cl\/wp-content\/uploads\/2025\/10\/1758053305153-600x400.jpg","featured_image_src_square":"https:\/\/liquencentroculturalvillarrica.cl\/wp-content\/uploads\/2025\/10\/1758053305153-600x600.jpg","author_info":{"display_name":"Liquen","author_link":"https:\/\/liquencentroculturalvillarrica.cl\/?author=1"},"_links":{"self":[{"href":"https:\/\/liquencentroculturalvillarrica.cl\/index.php?rest_route=\/wp\/v2\/posts\/4009","targetHints":{"allow":["GET"]}}],"collection":[{"href":"https:\/\/liquencentroculturalvillarrica.cl\/index.php?rest_route=\/wp\/v2\/posts"}],"about":[{"href":"https:\/\/liquencentroculturalvillarrica.cl\/index.php?rest_route=\/wp\/v2\/types\/post"}],"author":[{"embeddable":true,"href":"https:\/\/liquencentroculturalvillarrica.cl\/index.php?rest_route=\/wp\/v2\/users\/1"}],"replies":[{"embeddable":true,"href":"https:\/\/liquencentroculturalvillarrica.cl\/index.php?rest_route=%2Fwp%2Fv2%2Fcomments&post=4009"}],"version-history":[{"count":2,"href":"https:\/\/liquencentroculturalvillarrica.cl\/index.php?rest_route=\/wp\/v2\/posts\/4009\/revisions"}],"predecessor-version":[{"id":4030,"href":"https:\/\/liquencentroculturalvillarrica.cl\/index.php?rest_route=\/wp\/v2\/posts\/4009\/revisions\/4030"}],"wp:featuredmedia":[{"embeddable":true,"href":"https:\/\/liquencentroculturalvillarrica.cl\/index.php?rest_route=\/wp\/v2\/media\/3993"}],"wp:attachment":[{"href":"https:\/\/liquencentroculturalvillarrica.cl\/index.php?rest_route=%2Fwp%2Fv2%2Fmedia&parent=4009"}],"wp:term":[{"taxonomy":"category","embeddable":true,"href":"https:\/\/liquencentroculturalvillarrica.cl\/index.php?rest_route=%2Fwp%2Fv2%2Fcategories&post=4009"},{"taxonomy":"post_tag","embeddable":true,"href":"https:\/\/liquencentroculturalvillarrica.cl\/index.php?rest_route=%2Fwp%2Fv2%2Ftags&post=4009"}],"curies":[{"name":"wp","href":"https:\/\/api.w.org\/{rel}","templated":true}]}}