{"id":3928,"date":"2025-09-10T15:42:07","date_gmt":"2025-09-10T15:42:07","guid":{"rendered":"https:\/\/liquencentroculturalvillarrica.cl\/?p=3928"},"modified":"2025-09-10T15:42:08","modified_gmt":"2025-09-10T15:42:08","slug":"un-apoyo-a-la-cultura-local-alcalde-pablo-astete-se-reunio-con-el-equipo-liquen-del-centro-cultural-municipal-de-villarrica","status":"publish","type":"post","link":"https:\/\/liquencentroculturalvillarrica.cl\/?p=3928","title":{"rendered":"UN APOYO A LA CULTURA LOCAL ALCALDE PABLO ASTETE SE REUNI\u00d3 CON EL EQUIPO LIQUEN\u00a0\u00a0 DEL CENTRO CULTURAL MUNICIPAL DE VILLARRICA"},"content":{"rendered":"\n<p><em>La reuni\u00f3n de pauta semanal que realiza el equipo Liquen tuvo esta semana una connotaci\u00f3n especial con la presencia del alcalde comunal Pablo Astete, quien entreg\u00f3 un mensaje de apoyo y compromiso con la cultura y este equipo de trabajo, adem\u00e1s recogi\u00f3 los requerimientos del principal motor de generaci\u00f3n de la cultura comunal.\u00a0<\/em><\/p>\n\n\n\n<p>La reuni\u00f3n de los lunes en el Liquen se vio complementada con la presencia de la primera autoridad comunal, los profesionales y t\u00e9cnicos que componen el \u201cequipo de pauta\u201d valoraron la presencia del alcalde y su apertura para abordar los distintos temas que tienen que ver con la cultura local.&nbsp; El jefe comunal manifest\u00f3 que \u201chay que destacar que nuestro centro cultural tiene un prestigio a nivel nacional, somos un municipio comprometido con la cultura, esperamos mucho de nuestros equipos porque en esta administraci\u00f3n estamos por la excelencia, ser cada vez mejores es el desaf\u00edo aun cuando estamos en un a\u00f1o complejo por los recortes financieros, pero les invito a seguir trabajando por la cultura como han hecho hasta hoy\u201d puntualiz\u00f3 el alcalde Astete.&nbsp;<\/p>\n\n\n\n<p>El alcalde aprovech\u00f3 la oportunidad para informar al equipo de un cambio que instruy\u00f3 a la administraci\u00f3n, donde la Oficina de Eventos Especiales del Municipio a cargo de Antonieta Albornoz, funcionar\u00e1 a partir de esta fecha en una oficina del edificio del Centro Cultural en Prat 880, manteniendo su independencia en las labores y eventos que realiza para el municipio.<\/p>\n\n\n\n<p><strong>Septiembre un mes especial<\/strong><\/p>\n\n\n\n<p>El equipo de pauta ha definido su programaci\u00f3n tomando en cuenta la tem\u00e1tica relevante de cada mes, por lo tanto, en septiembre que se caracteriza por los \u201cPa\u00f1uelos al viento\u2019 y los \u201caires dieciocheros\u201d dichas manifestaciones se toman la agenda cultural.&nbsp; A juicio del director de Liquen, \u201ceste es un mes en el que abordamos la celebraci\u00f3n m\u00e1s importante a nivel pa\u00eds y como comuna no vamos a ser menos, por ello hemos programado una agenda llena de actividades que enaltecen nuestra cultura tradicional folcl\u00f3rica y esperamos como siempre el apoyo de nuestro p\u00fablico y usuarios para dar vida a los diferentes espect\u00e1culos que tienen como foco las celebraciones de fiestas patrias\u201d&nbsp;&nbsp; Las actividades para el presente mes ya est\u00e1n publicadas en la cartelera mensual de Liquen, en las redes sociales del CCM.<\/p>\n","protected":false},"excerpt":{"rendered":"<p>La reuni\u00f3n de pauta semanal que realiza el equipo Liquen tuvo esta semana una connotaci\u00f3n especial con la presencia del alcalde comunal Pablo Astete, quien entreg\u00f3 un mensaje de apoyo y compromiso con la cultura y este equipo de trabajo, adem\u00e1s recogi\u00f3 los requerimientos del principal motor de generaci\u00f3n de la cultura comunal.\u00a0 La reuni\u00f3n&hellip;&nbsp;<a href=\"https:\/\/liquencentroculturalvillarrica.cl\/?p=3928\" rel=\"bookmark\">Leer m\u00e1s &raquo;<span class=\"screen-reader-text\">UN APOYO A LA CULTURA LOCAL ALCALDE PABLO ASTETE SE REUNI\u00d3 CON EL EQUIPO LIQUEN\u00a0\u00a0 DEL CENTRO CULTURAL MUNICIPAL DE VILLARRICA<\/span><\/a><\/p>\n","protected":false},"author":1,"featured_media":3929,"comment_status":"open","ping_status":"open","sticky":false,"template":"","format":"standard","meta":{"neve_meta_sidebar":"","neve_meta_container":"","neve_meta_enable_content_width":"","neve_meta_content_width":0,"neve_meta_title_alignment":"","neve_meta_author_avatar":"","neve_post_elements_order":"","neve_meta_disable_header":"","neve_meta_disable_footer":"","neve_meta_disable_title":"","footnotes":""},"categories":[1],"tags":[],"class_list":["post-3928","post","type-post","status-publish","format-standard","has-post-thumbnail","hentry","category-sin-categoria"],"yoast_head":"<!-- This site is optimized with the Yoast SEO plugin v26.7 - https:\/\/yoast.com\/wordpress\/plugins\/seo\/ -->\n<title>UN APOYO A LA CULTURA LOCAL ALCALDE PABLO ASTETE SE REUNI\u00d3 CON EL EQUIPO LIQUEN\u00a0\u00a0 DEL CENTRO CULTURAL MUNICIPAL DE VILLARRICA - Liquen Centro Cultural<\/title>\n<meta name=\"robots\" content=\"index, follow, max-snippet:-1, max-image-preview:large, max-video-preview:-1\" \/>\n<link rel=\"canonical\" href=\"https:\/\/liquencentroculturalvillarrica.cl\/?p=3928\" \/>\n<meta property=\"og:locale\" content=\"es_ES\" \/>\n<meta property=\"og:type\" content=\"article\" \/>\n<meta property=\"og:title\" content=\"UN APOYO A LA CULTURA LOCAL ALCALDE PABLO ASTETE SE REUNI\u00d3 CON EL EQUIPO LIQUEN\u00a0\u00a0 DEL CENTRO CULTURAL MUNICIPAL DE VILLARRICA - Liquen Centro Cultural\" \/>\n<meta property=\"og:description\" content=\"La reuni\u00f3n de pauta semanal que realiza el equipo Liquen tuvo esta semana una connotaci\u00f3n especial con la presencia del alcalde comunal Pablo Astete, quien entreg\u00f3 un mensaje de apoyo y compromiso con la cultura y este equipo de trabajo, adem\u00e1s recogi\u00f3 los requerimientos del principal motor de generaci\u00f3n de la cultura comunal.\u00a0 La reuni\u00f3n&hellip;&nbsp;Leer m\u00e1s &raquo;UN APOYO A LA CULTURA LOCAL ALCALDE PABLO ASTETE SE REUNI\u00d3 CON EL EQUIPO LIQUEN\u00a0\u00a0 DEL CENTRO CULTURAL MUNICIPAL DE VILLARRICA\" \/>\n<meta property=\"og:url\" content=\"https:\/\/liquencentroculturalvillarrica.cl\/?p=3928\" \/>\n<meta property=\"og:site_name\" content=\"Liquen Centro Cultural\" \/>\n<meta property=\"article:publisher\" content=\"https:\/\/www.facebook.com\/profile.php?id=100085283714609\" \/>\n<meta property=\"article:published_time\" content=\"2025-09-10T15:42:07+00:00\" \/>\n<meta property=\"article:modified_time\" content=\"2025-09-10T15:42:08+00:00\" \/>\n<meta property=\"og:image\" content=\"https:\/\/liquencentroculturalvillarrica.cl\/wp-content\/uploads\/2025\/09\/Imagen-de-WhatsApp-2025-09-08-a-las-08.26.40_626cb94f.jpg\" \/>\n\t<meta property=\"og:image:width\" content=\"1156\" \/>\n\t<meta property=\"og:image:height\" content=\"651\" \/>\n\t<meta property=\"og:image:type\" content=\"image\/jpeg\" \/>\n<meta name=\"author\" content=\"Liquen\" \/>\n<meta name=\"twitter:card\" content=\"summary_large_image\" \/>\n<meta name=\"twitter:label1\" content=\"Escrito por\" \/>\n\t<meta name=\"twitter:data1\" content=\"Liquen\" \/>\n\t<meta name=\"twitter:label2\" content=\"Tiempo de lectura\" \/>\n\t<meta name=\"twitter:data2\" content=\"2 minutos\" \/>\n<script type=\"application\/ld+json\" class=\"yoast-schema-graph\">{\"@context\":\"https:\/\/schema.org\",\"@graph\":[{\"@type\":\"Article\",\"@id\":\"https:\/\/liquencentroculturalvillarrica.cl\/?p=3928#article\",\"isPartOf\":{\"@id\":\"https:\/\/liquencentroculturalvillarrica.cl\/?p=3928\"},\"author\":{\"name\":\"Liquen\",\"@id\":\"https:\/\/liquencentroculturalvillarrica.cl\/#\/schema\/person\/427d9157415d981616abe41a49543f36\"},\"headline\":\"UN APOYO A LA CULTURA LOCAL ALCALDE PABLO ASTETE SE REUNI\u00d3 CON EL EQUIPO LIQUEN\u00a0\u00a0 DEL CENTRO CULTURAL MUNICIPAL DE VILLARRICA\",\"datePublished\":\"2025-09-10T15:42:07+00:00\",\"dateModified\":\"2025-09-10T15:42:08+00:00\",\"mainEntityOfPage\":{\"@id\":\"https:\/\/liquencentroculturalvillarrica.cl\/?p=3928\"},\"wordCount\":419,\"commentCount\":0,\"publisher\":{\"@id\":\"https:\/\/liquencentroculturalvillarrica.cl\/#organization\"},\"image\":{\"@id\":\"https:\/\/liquencentroculturalvillarrica.cl\/?p=3928#primaryimage\"},\"thumbnailUrl\":\"https:\/\/liquencentroculturalvillarrica.cl\/wp-content\/uploads\/2025\/09\/Imagen-de-WhatsApp-2025-09-08-a-las-08.26.40_626cb94f.jpg\",\"inLanguage\":\"es\",\"potentialAction\":[{\"@type\":\"CommentAction\",\"name\":\"Comment\",\"target\":[\"https:\/\/liquencentroculturalvillarrica.cl\/?p=3928#respond\"]}]},{\"@type\":\"WebPage\",\"@id\":\"https:\/\/liquencentroculturalvillarrica.cl\/?p=3928\",\"url\":\"https:\/\/liquencentroculturalvillarrica.cl\/?p=3928\",\"name\":\"UN APOYO A LA CULTURA LOCAL ALCALDE PABLO ASTETE SE REUNI\u00d3 CON EL EQUIPO LIQUEN\u00a0\u00a0 DEL CENTRO CULTURAL MUNICIPAL DE VILLARRICA - Liquen Centro Cultural\",\"isPartOf\":{\"@id\":\"https:\/\/liquencentroculturalvillarrica.cl\/#website\"},\"primaryImageOfPage\":{\"@id\":\"https:\/\/liquencentroculturalvillarrica.cl\/?p=3928#primaryimage\"},\"image\":{\"@id\":\"https:\/\/liquencentroculturalvillarrica.cl\/?p=3928#primaryimage\"},\"thumbnailUrl\":\"https:\/\/liquencentroculturalvillarrica.cl\/wp-content\/uploads\/2025\/09\/Imagen-de-WhatsApp-2025-09-08-a-las-08.26.40_626cb94f.jpg\",\"datePublished\":\"2025-09-10T15:42:07+00:00\",\"dateModified\":\"2025-09-10T15:42:08+00:00\",\"breadcrumb\":{\"@id\":\"https:\/\/liquencentroculturalvillarrica.cl\/?p=3928#breadcrumb\"},\"inLanguage\":\"es\",\"potentialAction\":[{\"@type\":\"ReadAction\",\"target\":[\"https:\/\/liquencentroculturalvillarrica.cl\/?p=3928\"]}]},{\"@type\":\"ImageObject\",\"inLanguage\":\"es\",\"@id\":\"https:\/\/liquencentroculturalvillarrica.cl\/?p=3928#primaryimage\",\"url\":\"https:\/\/liquencentroculturalvillarrica.cl\/wp-content\/uploads\/2025\/09\/Imagen-de-WhatsApp-2025-09-08-a-las-08.26.40_626cb94f.jpg\",\"contentUrl\":\"https:\/\/liquencentroculturalvillarrica.cl\/wp-content\/uploads\/2025\/09\/Imagen-de-WhatsApp-2025-09-08-a-las-08.26.40_626cb94f.jpg\",\"width\":1156,\"height\":651},{\"@type\":\"BreadcrumbList\",\"@id\":\"https:\/\/liquencentroculturalvillarrica.cl\/?p=3928#breadcrumb\",\"itemListElement\":[{\"@type\":\"ListItem\",\"position\":1,\"name\":\"Portada\",\"item\":\"https:\/\/liquencentroculturalvillarrica.cl\/\"},{\"@type\":\"ListItem\",\"position\":2,\"name\":\"UN APOYO A LA CULTURA LOCAL ALCALDE PABLO ASTETE SE REUNI\u00d3 CON EL EQUIPO LIQUEN\u00a0\u00a0 DEL CENTRO CULTURAL MUNICIPAL DE VILLARRICA\"}]},{\"@type\":\"WebSite\",\"@id\":\"https:\/\/liquencentroculturalvillarrica.cl\/#website\",\"url\":\"https:\/\/liquencentroculturalvillarrica.cl\/\",\"name\":\"Liquen Centro Cultural\",\"description\":\"\",\"publisher\":{\"@id\":\"https:\/\/liquencentroculturalvillarrica.cl\/#organization\"},\"potentialAction\":[{\"@type\":\"SearchAction\",\"target\":{\"@type\":\"EntryPoint\",\"urlTemplate\":\"https:\/\/liquencentroculturalvillarrica.cl\/?s={search_term_string}\"},\"query-input\":{\"@type\":\"PropertyValueSpecification\",\"valueRequired\":true,\"valueName\":\"search_term_string\"}}],\"inLanguage\":\"es\"},{\"@type\":\"Organization\",\"@id\":\"https:\/\/liquencentroculturalvillarrica.cl\/#organization\",\"name\":\"Liquen Centro Cultural\",\"url\":\"https:\/\/liquencentroculturalvillarrica.cl\/\",\"logo\":{\"@type\":\"ImageObject\",\"inLanguage\":\"es\",\"@id\":\"https:\/\/liquencentroculturalvillarrica.cl\/#\/schema\/logo\/image\/\",\"url\":\"https:\/\/liquencentroculturalvillarrica.cl\/wp-content\/uploads\/2023\/07\/Marca-Liquen-Centro-Cultural-Municipal-Villarrica2-1_Mesa-de-trabajo-1.png\",\"contentUrl\":\"https:\/\/liquencentroculturalvillarrica.cl\/wp-content\/uploads\/2023\/07\/Marca-Liquen-Centro-Cultural-Municipal-Villarrica2-1_Mesa-de-trabajo-1.png\",\"width\":3300,\"height\":2550,\"caption\":\"Liquen Centro Cultural\"},\"image\":{\"@id\":\"https:\/\/liquencentroculturalvillarrica.cl\/#\/schema\/logo\/image\/\"},\"sameAs\":[\"https:\/\/www.facebook.com\/profile.php?id=100085283714609\",\"https:\/\/www.instagram.com\/villarricacentrocultural\/\",\"https:\/\/www.youtube.com\/channel\/UCQCChCLB8KB4ckeIXmpHNQw\"]},{\"@type\":\"Person\",\"@id\":\"https:\/\/liquencentroculturalvillarrica.cl\/#\/schema\/person\/427d9157415d981616abe41a49543f36\",\"name\":\"Liquen\",\"image\":{\"@type\":\"ImageObject\",\"inLanguage\":\"es\",\"@id\":\"https:\/\/liquencentroculturalvillarrica.cl\/#\/schema\/person\/image\/\",\"url\":\"https:\/\/secure.gravatar.com\/avatar\/c3433ef77dd4f91e7fede9f9521759ea33f87a092b5c394a0ba9665a3c4341f7?s=96&d=mm&r=g\",\"contentUrl\":\"https:\/\/secure.gravatar.com\/avatar\/c3433ef77dd4f91e7fede9f9521759ea33f87a092b5c394a0ba9665a3c4341f7?s=96&d=mm&r=g\",\"caption\":\"Liquen\"},\"sameAs\":[\"http:\/\/liquencentroculturalvillarrica.cl\"],\"url\":\"https:\/\/liquencentroculturalvillarrica.cl\/?author=1\"}]}<\/script>\n<!-- \/ Yoast SEO plugin. -->","yoast_head_json":{"title":"UN APOYO A LA CULTURA LOCAL ALCALDE PABLO ASTETE SE REUNI\u00d3 CON EL EQUIPO LIQUEN\u00a0\u00a0 DEL CENTRO CULTURAL MUNICIPAL DE VILLARRICA - Liquen Centro Cultural","robots":{"index":"index","follow":"follow","max-snippet":"max-snippet:-1","max-image-preview":"max-image-preview:large","max-video-preview":"max-video-preview:-1"},"canonical":"https:\/\/liquencentroculturalvillarrica.cl\/?p=3928","og_locale":"es_ES","og_type":"article","og_title":"UN APOYO A LA CULTURA LOCAL ALCALDE PABLO ASTETE SE REUNI\u00d3 CON EL EQUIPO LIQUEN\u00a0\u00a0 DEL CENTRO CULTURAL MUNICIPAL DE VILLARRICA - Liquen Centro Cultural","og_description":"La reuni\u00f3n de pauta semanal que realiza el equipo Liquen tuvo esta semana una connotaci\u00f3n especial con la presencia del alcalde comunal Pablo Astete, quien entreg\u00f3 un mensaje de apoyo y compromiso con la cultura y este equipo de trabajo, adem\u00e1s recogi\u00f3 los requerimientos del principal motor de generaci\u00f3n de la cultura comunal.\u00a0 La reuni\u00f3n&hellip;&nbsp;Leer m\u00e1s &raquo;UN APOYO A LA CULTURA LOCAL ALCALDE PABLO ASTETE SE REUNI\u00d3 CON EL EQUIPO LIQUEN\u00a0\u00a0 DEL CENTRO CULTURAL MUNICIPAL DE VILLARRICA","og_url":"https:\/\/liquencentroculturalvillarrica.cl\/?p=3928","og_site_name":"Liquen Centro Cultural","article_publisher":"https:\/\/www.facebook.com\/profile.php?id=100085283714609","article_published_time":"2025-09-10T15:42:07+00:00","article_modified_time":"2025-09-10T15:42:08+00:00","og_image":[{"width":1156,"height":651,"url":"https:\/\/liquencentroculturalvillarrica.cl\/wp-content\/uploads\/2025\/09\/Imagen-de-WhatsApp-2025-09-08-a-las-08.26.40_626cb94f.jpg","type":"image\/jpeg"}],"author":"Liquen","twitter_card":"summary_large_image","twitter_misc":{"Escrito por":"Liquen","Tiempo de lectura":"2 minutos"},"schema":{"@context":"https:\/\/schema.org","@graph":[{"@type":"Article","@id":"https:\/\/liquencentroculturalvillarrica.cl\/?p=3928#article","isPartOf":{"@id":"https:\/\/liquencentroculturalvillarrica.cl\/?p=3928"},"author":{"name":"Liquen","@id":"https:\/\/liquencentroculturalvillarrica.cl\/#\/schema\/person\/427d9157415d981616abe41a49543f36"},"headline":"UN APOYO A LA CULTURA LOCAL ALCALDE PABLO ASTETE SE REUNI\u00d3 CON EL EQUIPO LIQUEN\u00a0\u00a0 DEL CENTRO CULTURAL MUNICIPAL DE VILLARRICA","datePublished":"2025-09-10T15:42:07+00:00","dateModified":"2025-09-10T15:42:08+00:00","mainEntityOfPage":{"@id":"https:\/\/liquencentroculturalvillarrica.cl\/?p=3928"},"wordCount":419,"commentCount":0,"publisher":{"@id":"https:\/\/liquencentroculturalvillarrica.cl\/#organization"},"image":{"@id":"https:\/\/liquencentroculturalvillarrica.cl\/?p=3928#primaryimage"},"thumbnailUrl":"https:\/\/liquencentroculturalvillarrica.cl\/wp-content\/uploads\/2025\/09\/Imagen-de-WhatsApp-2025-09-08-a-las-08.26.40_626cb94f.jpg","inLanguage":"es","potentialAction":[{"@type":"CommentAction","name":"Comment","target":["https:\/\/liquencentroculturalvillarrica.cl\/?p=3928#respond"]}]},{"@type":"WebPage","@id":"https:\/\/liquencentroculturalvillarrica.cl\/?p=3928","url":"https:\/\/liquencentroculturalvillarrica.cl\/?p=3928","name":"UN APOYO A LA CULTURA LOCAL ALCALDE PABLO ASTETE SE REUNI\u00d3 CON EL EQUIPO LIQUEN\u00a0\u00a0 DEL CENTRO CULTURAL MUNICIPAL DE VILLARRICA - Liquen Centro Cultural","isPartOf":{"@id":"https:\/\/liquencentroculturalvillarrica.cl\/#website"},"primaryImageOfPage":{"@id":"https:\/\/liquencentroculturalvillarrica.cl\/?p=3928#primaryimage"},"image":{"@id":"https:\/\/liquencentroculturalvillarrica.cl\/?p=3928#primaryimage"},"thumbnailUrl":"https:\/\/liquencentroculturalvillarrica.cl\/wp-content\/uploads\/2025\/09\/Imagen-de-WhatsApp-2025-09-08-a-las-08.26.40_626cb94f.jpg","datePublished":"2025-09-10T15:42:07+00:00","dateModified":"2025-09-10T15:42:08+00:00","breadcrumb":{"@id":"https:\/\/liquencentroculturalvillarrica.cl\/?p=3928#breadcrumb"},"inLanguage":"es","potentialAction":[{"@type":"ReadAction","target":["https:\/\/liquencentroculturalvillarrica.cl\/?p=3928"]}]},{"@type":"ImageObject","inLanguage":"es","@id":"https:\/\/liquencentroculturalvillarrica.cl\/?p=3928#primaryimage","url":"https:\/\/liquencentroculturalvillarrica.cl\/wp-content\/uploads\/2025\/09\/Imagen-de-WhatsApp-2025-09-08-a-las-08.26.40_626cb94f.jpg","contentUrl":"https:\/\/liquencentroculturalvillarrica.cl\/wp-content\/uploads\/2025\/09\/Imagen-de-WhatsApp-2025-09-08-a-las-08.26.40_626cb94f.jpg","width":1156,"height":651},{"@type":"BreadcrumbList","@id":"https:\/\/liquencentroculturalvillarrica.cl\/?p=3928#breadcrumb","itemListElement":[{"@type":"ListItem","position":1,"name":"Portada","item":"https:\/\/liquencentroculturalvillarrica.cl\/"},{"@type":"ListItem","position":2,"name":"UN APOYO A LA CULTURA LOCAL ALCALDE PABLO ASTETE SE REUNI\u00d3 CON EL EQUIPO LIQUEN\u00a0\u00a0 DEL CENTRO CULTURAL MUNICIPAL DE VILLARRICA"}]},{"@type":"WebSite","@id":"https:\/\/liquencentroculturalvillarrica.cl\/#website","url":"https:\/\/liquencentroculturalvillarrica.cl\/","name":"Liquen Centro Cultural","description":"","publisher":{"@id":"https:\/\/liquencentroculturalvillarrica.cl\/#organization"},"potentialAction":[{"@type":"SearchAction","target":{"@type":"EntryPoint","urlTemplate":"https:\/\/liquencentroculturalvillarrica.cl\/?s={search_term_string}"},"query-input":{"@type":"PropertyValueSpecification","valueRequired":true,"valueName":"search_term_string"}}],"inLanguage":"es"},{"@type":"Organization","@id":"https:\/\/liquencentroculturalvillarrica.cl\/#organization","name":"Liquen Centro Cultural","url":"https:\/\/liquencentroculturalvillarrica.cl\/","logo":{"@type":"ImageObject","inLanguage":"es","@id":"https:\/\/liquencentroculturalvillarrica.cl\/#\/schema\/logo\/image\/","url":"https:\/\/liquencentroculturalvillarrica.cl\/wp-content\/uploads\/2023\/07\/Marca-Liquen-Centro-Cultural-Municipal-Villarrica2-1_Mesa-de-trabajo-1.png","contentUrl":"https:\/\/liquencentroculturalvillarrica.cl\/wp-content\/uploads\/2023\/07\/Marca-Liquen-Centro-Cultural-Municipal-Villarrica2-1_Mesa-de-trabajo-1.png","width":3300,"height":2550,"caption":"Liquen Centro Cultural"},"image":{"@id":"https:\/\/liquencentroculturalvillarrica.cl\/#\/schema\/logo\/image\/"},"sameAs":["https:\/\/www.facebook.com\/profile.php?id=100085283714609","https:\/\/www.instagram.com\/villarricacentrocultural\/","https:\/\/www.youtube.com\/channel\/UCQCChCLB8KB4ckeIXmpHNQw"]},{"@type":"Person","@id":"https:\/\/liquencentroculturalvillarrica.cl\/#\/schema\/person\/427d9157415d981616abe41a49543f36","name":"Liquen","image":{"@type":"ImageObject","inLanguage":"es","@id":"https:\/\/liquencentroculturalvillarrica.cl\/#\/schema\/person\/image\/","url":"https:\/\/secure.gravatar.com\/avatar\/c3433ef77dd4f91e7fede9f9521759ea33f87a092b5c394a0ba9665a3c4341f7?s=96&d=mm&r=g","contentUrl":"https:\/\/secure.gravatar.com\/avatar\/c3433ef77dd4f91e7fede9f9521759ea33f87a092b5c394a0ba9665a3c4341f7?s=96&d=mm&r=g","caption":"Liquen"},"sameAs":["http:\/\/liquencentroculturalvillarrica.cl"],"url":"https:\/\/liquencentroculturalvillarrica.cl\/?author=1"}]}},"featured_image_src":"https:\/\/liquencentroculturalvillarrica.cl\/wp-content\/uploads\/2025\/09\/Imagen-de-WhatsApp-2025-09-08-a-las-08.26.40_626cb94f-600x400.jpg","featured_image_src_square":"https:\/\/liquencentroculturalvillarrica.cl\/wp-content\/uploads\/2025\/09\/Imagen-de-WhatsApp-2025-09-08-a-las-08.26.40_626cb94f-600x600.jpg","author_info":{"display_name":"Liquen","author_link":"https:\/\/liquencentroculturalvillarrica.cl\/?author=1"},"_links":{"self":[{"href":"https:\/\/liquencentroculturalvillarrica.cl\/index.php?rest_route=\/wp\/v2\/posts\/3928","targetHints":{"allow":["GET"]}}],"collection":[{"href":"https:\/\/liquencentroculturalvillarrica.cl\/index.php?rest_route=\/wp\/v2\/posts"}],"about":[{"href":"https:\/\/liquencentroculturalvillarrica.cl\/index.php?rest_route=\/wp\/v2\/types\/post"}],"author":[{"embeddable":true,"href":"https:\/\/liquencentroculturalvillarrica.cl\/index.php?rest_route=\/wp\/v2\/users\/1"}],"replies":[{"embeddable":true,"href":"https:\/\/liquencentroculturalvillarrica.cl\/index.php?rest_route=%2Fwp%2Fv2%2Fcomments&post=3928"}],"version-history":[{"count":1,"href":"https:\/\/liquencentroculturalvillarrica.cl\/index.php?rest_route=\/wp\/v2\/posts\/3928\/revisions"}],"predecessor-version":[{"id":3930,"href":"https:\/\/liquencentroculturalvillarrica.cl\/index.php?rest_route=\/wp\/v2\/posts\/3928\/revisions\/3930"}],"wp:featuredmedia":[{"embeddable":true,"href":"https:\/\/liquencentroculturalvillarrica.cl\/index.php?rest_route=\/wp\/v2\/media\/3929"}],"wp:attachment":[{"href":"https:\/\/liquencentroculturalvillarrica.cl\/index.php?rest_route=%2Fwp%2Fv2%2Fmedia&parent=3928"}],"wp:term":[{"taxonomy":"category","embeddable":true,"href":"https:\/\/liquencentroculturalvillarrica.cl\/index.php?rest_route=%2Fwp%2Fv2%2Fcategories&post=3928"},{"taxonomy":"post_tag","embeddable":true,"href":"https:\/\/liquencentroculturalvillarrica.cl\/index.php?rest_route=%2Fwp%2Fv2%2Ftags&post=3928"}],"curies":[{"name":"wp","href":"https:\/\/api.w.org\/{rel}","templated":true}]}}